{"id":26621,"date":"2026-03-13T06:00:13","date_gmt":"2026-03-13T05:00:13","guid":{"rendered":"https:\/\/blogs.diariovasco.com\/series-gourmets\/?p=26621"},"modified":"2026-03-11T10:13:42","modified_gmt":"2026-03-11T09:13:42","slug":"harley-and-the-davidsons-aquellos-moteros-chalados-en-sus-locos-cacharros","status":"publish","type":"post","link":"https:\/\/blogs.diariovasco.com\/series-gourmets\/2026\/03\/13\/harley-and-the-davidsons-aquellos-moteros-chalados-en-sus-locos-cacharros\/","title":{"rendered":"Harley and the Davidsons: Aquellos moteros chalados en sus locos cacharros"},"content":{"rendered":"<p>En esta antesala del fin de semana me gusta recordar de vez en cuando series olvidadas como \u201c Harley and the Davidsons\u201d que hace diez a\u00f1os\u00a0 iban dirigidas a segmentos muy espec\u00edficos del p\u00fablico para encontrar sus nichos de mercado, con la proliferaci\u00f3n de nuevos canales y cadenas que entraban en el mercado de la producci\u00f3n original.<\/p>\n<p>Su objetivo no era buscar al espectador generalista ni contentar al sesudo cr\u00edtico, sino que en este caso busca dar un producto dirigido al publico amante de las motos y de la mec\u00e1nica en general, por no hablar de los fervientes seguidores de la m\u00edtica marca de motocicletas que deseen conocer los origines de la fabrica de Milwaukee y sobre las que cabalgaban todo el club de <a href=\"https:\/\/blogs.diariovasco.com\/series-gourmets\/2014\/12\/17\/sons-of-anarchy-la-prolongacion-de-la-familia-natural-por-otros-medios\/\">\u201cSons of Anarchy\u201d.<\/a><\/p>\n<p>Basada en hechos reales, \u201cHarley and The Davidsons\u201d es un viaje al pasado de la marca, para mostrarnos sus inicios en una especie de biograf\u00eda ficcionada industrial a trav\u00e9s de las personas que la crearon y que como amante que soy de los motos, me hizo disfrutar de lo lindo en sus tres cap\u00edtulos, que fueron emitidos en tres d\u00edas consecutivos en los EEUU y que llegaron poco m\u00e1s tarde a nuestro pa\u00eds, aunque poca gente se enter\u00f3 en su momento.<\/p>\n<p><img loading=\"lazy\" class=\"aligncenter size-full wp-image-26626\" src=\"https:\/\/static-blogs.diariovasco.com\/wp-content\/uploads\/sites\/37\/2026\/02\/general-7.jpg\" alt=\"\" width=\"1280\" height=\"720\" srcset=\"https:\/\/static-blogs.diariovasco.com\/wp-content\/uploads\/sites\/37\/2026\/02\/general-7.jpg 1280w, https:\/\/static-blogs.diariovasco.com\/wp-content\/uploads\/sites\/37\/2026\/02\/general-7-300x169.jpg 300w, https:\/\/static-blogs.diariovasco.com\/wp-content\/uploads\/sites\/37\/2026\/02\/general-7-628x353.jpg 628w, https:\/\/static-blogs.diariovasco.com\/wp-content\/uploads\/sites\/37\/2026\/02\/general-7-768x432.jpg 768w\" sizes=\"(max-width: 1280px) 100vw, 1280px\" \/><\/p>\n<p><strong>Ficha:<\/strong> Harley and the Davidsons 3 ep 75 min . Sep 2016. <strong>Cadena:<\/strong> Discovery Channel (USA\/E), ahora no disponible<\/p>\n<p><strong>La trama:<\/strong><\/p>\n<p>La serie empieza con los albores del siglo XX, en Milwaukee, cuando un aspirante a ingeniero, Bill Harley ( Robert Aramayo de \u2018El Se\u00f1or de los Anillos\u2019, der) se une a sus dos mejores amigos, los hermanos Walt ( Michiel Huisman de \u2018Trem\u00e9\u2019 y `\u2018Juego de Tronos, centro) y Arthur Davidson (Bug Hall, izq) , para experimentar y seguir una tendencia de la \u00e9poca de acoplar un peque\u00f1o motor a una bicicleta, para ganar en rapidez en sus desplazamientos.<\/p>\n<p><img loading=\"lazy\" class=\"aligncenter size-full wp-image-26622\" src=\"https:\/\/static-blogs.diariovasco.com\/wp-content\/uploads\/sites\/37\/2026\/02\/cast.jpg\" alt=\"\" width=\"770\" height=\"554\" srcset=\"https:\/\/static-blogs.diariovasco.com\/wp-content\/uploads\/sites\/37\/2026\/02\/cast.jpg 770w, https:\/\/static-blogs.diariovasco.com\/wp-content\/uploads\/sites\/37\/2026\/02\/cast-300x216.jpg 300w, https:\/\/static-blogs.diariovasco.com\/wp-content\/uploads\/sites\/37\/2026\/02\/cast-628x452.jpg 628w, https:\/\/static-blogs.diariovasco.com\/wp-content\/uploads\/sites\/37\/2026\/02\/cast-768x553.jpg 768w\" sizes=\"(max-width: 770px) 100vw, 770px\" \/><\/p>\n<p>Tras diversos fracasos consiguen un primer prototipo que funciona y empiezan a probarlo primero en solitario por los campos cercanos a su ciudad.<\/p>\n<p><img loading=\"lazy\" class=\"aligncenter size-full wp-image-26623\" src=\"https:\/\/static-blogs.diariovasco.com\/wp-content\/uploads\/sites\/37\/2026\/02\/primera-moto.jpg\" alt=\"\" width=\"720\" height=\"404\" srcset=\"https:\/\/static-blogs.diariovasco.com\/wp-content\/uploads\/sites\/37\/2026\/02\/primera-moto.jpg 720w, https:\/\/static-blogs.diariovasco.com\/wp-content\/uploads\/sites\/37\/2026\/02\/primera-moto-300x168.jpg 300w, https:\/\/static-blogs.diariovasco.com\/wp-content\/uploads\/sites\/37\/2026\/02\/primera-moto-628x352.jpg 628w\" sizes=\"(max-width: 720px) 100vw, 720px\" \/>Poco a poco su fama empieza a subir e inician una producci\u00f3n en serie de sus modelos que vend\u00edan localmente y empezaban a tener cierta fama por su calidad y fiabilidad.<\/p>\n<p>El siguiente paso en su expansi\u00f3n pasa por dar a conocer su marca nacionalmente y para ello el mejor escaparate existente eran las carreras de motos entre los diferentes fabricantes que le daban un enorme prestigio al ganador.<\/p>\n<p>La miniserie comprende la \u00e9poca entre 1903 y 1932, y hace un especial hincapi\u00e9 en las carreras de motos en dos modalidades, la primera en pista plana que es donde empezaron a destacar, hasta el punto que la producci\u00f3n de la miniserie recre\u00f3 un circuito de la nada para poder rodar las escenas moteras, como pueden ver en la siguiente carrera<\/p>\n<p><iframe loading=\"lazy\" title=\"Harley and the Davidsons (2016) - Walter Davidson races the new motorbike\" width=\"500\" height=\"281\" src=\"https:\/\/www.youtube.com\/embed\/D4pZbEAfmLc?feature=oembed\" frameborder=\"0\" allow=\"accelerometer; autoplay; clipboard-write; encrypted-media; gyroscope; picture-in-picture; web-share\" referrerpolicy=\"strict-origin-when-cross-origin\" allowfullscreen><\/iframe><\/p>\n<p>Las recreaciones de las motos de principios del siglo pasado, tanto de las Harley-Davidson como de las marcas rivales son impresionantes y hechas a mano por un verdadero especialista del tema como es Mike Wheeler que lo explica en el v\u00eddeo siguiente.<\/p>\n<p><iframe loading=\"lazy\" title=\"Harley and the Davidsons: Behind the Bike\" width=\"500\" height=\"281\" src=\"https:\/\/www.youtube.com\/embed\/Fb4fWG1XF2M?feature=oembed\" frameborder=\"0\" allow=\"accelerometer; autoplay; clipboard-write; encrypted-media; gyroscope; picture-in-picture; web-share\" referrerpolicy=\"strict-origin-when-cross-origin\" allowfullscreen><\/iframe><\/p>\n<p>El segundo tipo de carreras que se realizaban eran las salvajes y sangrientas carreras en los Motordrome, pistas de madera peraltadas, con motos sin frenos, realmente espectaculares pero que eran aut\u00e9nticas carnicer\u00edas por la peligrosidad de las mismas, como pod\u00e9is ver en el siguiente v\u00eddeo que lo recrea en 360\u00ba.<\/p>\n<p><iframe loading=\"lazy\" title=\"Enter the Motordrome (360 Video)\" width=\"500\" height=\"281\" src=\"https:\/\/www.youtube.com\/embed\/xDb38Qw3MDI?feature=oembed\" frameborder=\"0\" allow=\"accelerometer; autoplay; clipboard-write; encrypted-media; gyroscope; picture-in-picture; web-share\" referrerpolicy=\"strict-origin-when-cross-origin\" allowfullscreen><\/iframe><\/p>\n<p>La serie adolece del gran problema de que su inter\u00e9s decrece much\u00edsimo cuando no hay ninguna moto en pantalla y se centra en algunos aspectos de la vida privada de los tres creadores, a pesar de tener un interesante creador detr\u00e1s como Evan Wright, el autor del libro que inspir\u00f3 la miniserie<a href=\"https:\/\/blogs.diariovasco.com\/series-gourmets\/2012\/08\/20\/generation-kill-las-miserias-de-la-guerra\/?ref=https%3A%2F%2Fblogs.diariovasco.com%2F\"> \u2018Generation Kill\u2019<\/a><\/p>\n<p>En ese aspecto parece que en algunos momentos est\u00e1n m\u00e1s cerca de la canonizaci\u00f3n que de montar un enorme conglomerado industrial, por no hablar de su p\u00e9sima caracterizaci\u00f3n cuando se hacen mayores, m\u00e1s digna de un concursante de \u201cTu cara me suena\u201d que de una serie de calidad.<\/p>\n<p>Esta falta de desarrollo de los personajes es un defecto importante y puede ser un obst\u00e1culo insalvable para los que buscan series con mayor profundidad y conflictos personales.<\/p>\n<p><img loading=\"lazy\" class=\"aligncenter size-full wp-image-26624\" src=\"https:\/\/static-blogs.diariovasco.com\/wp-content\/uploads\/sites\/37\/2026\/02\/salida.jpg\" alt=\"\" width=\"720\" height=\"404\" srcset=\"https:\/\/static-blogs.diariovasco.com\/wp-content\/uploads\/sites\/37\/2026\/02\/salida.jpg 720w, https:\/\/static-blogs.diariovasco.com\/wp-content\/uploads\/sites\/37\/2026\/02\/salida-300x168.jpg 300w, https:\/\/static-blogs.diariovasco.com\/wp-content\/uploads\/sites\/37\/2026\/02\/salida-628x352.jpg 628w\" sizes=\"(max-width: 720px) 100vw, 720px\" \/><\/p>\n<p>Pero en mi caso, en cuanto volv\u00eda a volver a ver chasis, motores y carreras que es la mayor parte del tiempo, \u201cHarley and the Davidsons\u201d se convirti\u00f3 en un pasatiempo muy entretenido sobre un tema muy original y nunca tratado en las series televisivas a ese nivel de calidad, con la recreaci\u00f3n de una \u00e9poca muy convulsa con guerras y depresiones que l\u00f3gicamente afectaron al devenir de la f\u00e1brica, como pueden ver en el tr\u00e1iler largo de la serie.<\/p>\n<p><iframe loading=\"lazy\" title=\"HARLEY AND THE DAVIDSONS FULL TRAILER OFFICIAL\" width=\"500\" height=\"281\" src=\"https:\/\/www.youtube.com\/embed\/hge2aLJj29o?feature=oembed\" frameborder=\"0\" allow=\"accelerometer; autoplay; clipboard-write; encrypted-media; gyroscope; picture-in-picture; web-share\" referrerpolicy=\"strict-origin-when-cross-origin\" allowfullscreen><\/iframe><\/p>\n<p><strong>Epilogo: <\/strong>A pesar de no estar disponible ahora en Espa\u00f1a, al haber sido estrenada en su momento a lo mejor\u00a0 puede encontrarla buceando por las redes, por que si le encantan las motos, la mec\u00e1nica y las Harley-Davidson en particular, va a disfrutar mucho con unas espectaculares carreras de motos de \u00e9poca nunca vistas en la televisi\u00f3n.<\/p>\n<p>Espero sus opiniones y comentarios, aqu\u00ed o en mi cuenta de X (@lmejino), o en BlueSky ( @lmejino.bsky.social )<\/p>\n<p>Lorenzo Mejino<\/p>\n<!-- AddThis Advanced Settings generic via filter on the_content --><!-- AddThis Share Buttons generic via filter on the_content -->","protected":false},"excerpt":{"rendered":"<p>En esta antesala del fin de semana me gusta recordar de vez en cuando series olvidadas como \u201c Harley and the Davidsons\u201d que hace diez a\u00f1os\u00a0 iban dirigidas a segmentos muy espec\u00edficos del p\u00fablico para encontrar sus nichos de mercado, con la proliferaci\u00f3n de nuevos canales y cadenas que entraban en el mercado de la [&hellip;]<!-- AddThis Advanced Settings generic via filter on get_the_excerpt --><!-- AddThis Share Buttons generic via filter on get_the_excerpt --><\/p>\n","protected":false},"author":61,"featured_media":26625,"comment_status":"open","ping_status":"closed","sticky":false,"template":"","format":"standard","meta":[],"categories":[2,9106,4,8,30,16],"tags":[11005,11003,11002,4574,11004],"_links":{"self":[{"href":"https:\/\/blogs.diariovasco.com\/series-gourmets\/wp-json\/wp\/v2\/posts\/26621"}],"collection":[{"href":"https:\/\/blogs.diariovasco.com\/series-gourmets\/wp-json\/wp\/v2\/posts"}],"about":[{"href":"https:\/\/blogs.diariovasco.com\/series-gourmets\/wp-json\/wp\/v2\/types\/post"}],"author":[{"embeddable":true,"href":"https:\/\/blogs.diariovasco.com\/series-gourmets\/wp-json\/wp\/v2\/users\/61"}],"replies":[{"embeddable":true,"href":"https:\/\/blogs.diariovasco.com\/series-gourmets\/wp-json\/wp\/v2\/comments?post=26621"}],"version-history":[{"count":4,"href":"https:\/\/blogs.diariovasco.com\/series-gourmets\/wp-json\/wp\/v2\/posts\/26621\/revisions"}],"predecessor-version":[{"id":26786,"href":"https:\/\/blogs.diariovasco.com\/series-gourmets\/wp-json\/wp\/v2\/posts\/26621\/revisions\/26786"}],"wp:featuredmedia":[{"embeddable":true,"href":"https:\/\/blogs.diariovasco.com\/series-gourmets\/wp-json\/wp\/v2\/media\/26625"}],"wp:attachment":[{"href":"https:\/\/blogs.diariovasco.com\/series-gourmets\/wp-json\/wp\/v2\/media?parent=26621"}],"wp:term":[{"taxonomy":"category","embeddable":true,"href":"https:\/\/blogs.diariovasco.com\/series-gourmets\/wp-json\/wp\/v2\/categories?post=26621"},{"taxonomy":"post_tag","embeddable":true,"href":"https:\/\/blogs.diariovasco.com\/series-gourmets\/wp-json\/wp\/v2\/tags?post=26621"}],"curies":[{"name":"wp","href":"https:\/\/api.w.org\/{rel}","templated":true}]}}