{"id":26989,"date":"2026-05-01T06:00:36","date_gmt":"2026-05-01T05:00:36","guid":{"rendered":"https:\/\/blogs.diariovasco.com\/series-gourmets\/?p=26989"},"modified":"2026-04-29T10:08:56","modified_gmt":"2026-04-29T09:08:56","slug":"recursos-inhumanos-la-desesperacion-de-los-parados-de-larga-duracion","status":"publish","type":"post","link":"https:\/\/blogs.diariovasco.com\/series-gourmets\/2026\/05\/01\/recursos-inhumanos-la-desesperacion-de-los-parados-de-larga-duracion\/","title":{"rendered":"Recursos inhumanos  :  la desesperaci\u00f3n de los parados de larga duraci\u00f3n"},"content":{"rendered":"<p>El objetivo de desarrollo sostenible ( ODS) n\u00famero ocho de las Naciones Unidas establece la necesidad de promover el empleo pleno y productivo as\u00ed como un trabajo decente para todo el mundo. En ese marco se enclav\u00f3 la gran serie francesa \u2018Recursos Inhumanos\u2019 una gran ficci\u00f3n centrada en el drama de los parados de larga duraci\u00f3n, como mi homenaje personal\u00a0 para el d\u00eda del trabajo que se celebra hoy.<\/p>\n<p>La imposibilidad para muchas personas de encontrar un trabajo decente a partir de los cincuenta a\u00f1os, cuando se encuentran en la tesitura del paro por circunstancias ajenas a su voluntad es un problema real y palpable en nuestra sociedad y que se acent\u00faa en momentos de crisis.<\/p>\n<p>A la sensaci\u00f3n de haber perdido el tren laboral y la imposibilidad de cumplir esos proyectos de vida personal, se une el desprecio empresarial y la falta de aprovechamiento de personas completamente v\u00e1lidas y con muchos a\u00f1os de experiencia solo por raz\u00f3n de su edad.<\/p>\n<p>Hoy he querido recordar \u2018Recursos Inhumanos\u2019 que se adentra brillantemente en un terreno poco trillado, como la desesperaci\u00f3n de un parado de larga duraci\u00f3n y todas las decisiones que llega a tomar para conseguir un anhelado trabajo de la forma que sea y como sea, en una dura cr\u00edtica a los procesos de selecci\u00f3n de personal de las grandes corporaciones.<\/p>\n<p><img loading=\"lazy\" class=\"aligncenter size-full wp-image-26990\" src=\"https:\/\/static-blogs.diariovasco.com\/wp-content\/uploads\/sites\/37\/2026\/04\/recursos-inhumanos-2.jpg\" alt=\"\" width=\"512\" height=\"288\" srcset=\"https:\/\/static-blogs.diariovasco.com\/wp-content\/uploads\/sites\/37\/2026\/04\/recursos-inhumanos-2.jpg 512w, https:\/\/static-blogs.diariovasco.com\/wp-content\/uploads\/sites\/37\/2026\/04\/recursos-inhumanos-2-300x169.jpg 300w\" sizes=\"(max-width: 512px) 100vw, 512px\" \/><\/p>\n<p><strong>Ficha:<\/strong> Recursos Inhumanos ( D\u00e9rapages) 6 ep 50 min .\u00a0Abr 2020 <strong>Cadena:<\/strong> Arte ( F) \/ Netflix ( E), ahora no disponible<\/p>\n<p><strong>La trama:<\/strong><br \/>\nAlain Delambre ha sido un competente director de recursos humanos durante m\u00e1s de veinte a\u00f1os en una empresa mediana. Tras perder su empleo a los cincuenta a\u00f1os por una reestructuraci\u00f3n laboral a causa de su edad, no ha podido levantar cabeza encadenando seis a\u00f1os de trabajos precarios y mal pagados y muy por debajo de sus capacidades laborales.<\/p>\n<p>Agobiado por su situaci\u00f3n econ\u00f3mica, solo necesita aguantar tres a\u00f1os m\u00e1s para finalizar el pago de la hipoteca de treinta a\u00f1os de su apartamento parisino, donde vive con su mujer tras haberse independizado sus dos hijas, como desarrollan en el tr\u00e1iler inicial de la serie.<\/p>\n<p><iframe loading=\"lazy\" title=\"Recursos Inhumanos -Trailer Subtitulado Espa\u00f1ol l  Netflix\" width=\"500\" height=\"281\" src=\"https:\/\/www.youtube.com\/embed\/sLenvLDuuTE?feature=oembed\" frameborder=\"0\" allow=\"accelerometer; autoplay; clipboard-write; encrypted-media; gyroscope; picture-in-picture; web-share\" referrerpolicy=\"strict-origin-when-cross-origin\" allowfullscreen><\/iframe><\/p>\n<p>Tras un grave incidente laboral en la f\u00e1brica donde estaba subempleado, su situaci\u00f3n empeora todav\u00eda m\u00e1s, por lo que cuando recibe una carta en la que ha sido sorprendentemente elegido para un proceso de selecci\u00f3n del director de recursos humanos de Exxya, una gran multinacional aeron\u00e1utica francesa, decide apostarlo todo para aprovechar su \u00faltima gran oportunidad.<\/p>\n<p>El proceso de selecci\u00f3n va a ser una de esas modernidades que tanto utilizan los departamentos de recursos humanos con una simulaci\u00f3n de una situaci\u00f3n limite para los candidatos para evaluar su respuesta en momentos de gran tensi\u00f3n as\u00ed como su fidelidad a la empresa y otros factores psicol\u00f3gicos.<\/p>\n<p>Todo estalla cuando Alain descubre que el proceso de selecci\u00f3n est\u00e1 m\u00e1s ama\u00f1ado que un combate de Wrestling y decide tomar cartas directas en el asunto al haber sobrepasado su punto de no retorno.<\/p>\n<p><img loading=\"lazy\" class=\"aligncenter size-full wp-image-26992\" src=\"https:\/\/static-blogs.diariovasco.com\/wp-content\/uploads\/sites\/37\/2026\/04\/22-recursos-inhumanos-de-ziad-doueiri_1200w.jpg\" alt=\"\" width=\"1200\" height=\"800\" srcset=\"https:\/\/static-blogs.diariovasco.com\/wp-content\/uploads\/sites\/37\/2026\/04\/22-recursos-inhumanos-de-ziad-doueiri_1200w.jpg 1200w, https:\/\/static-blogs.diariovasco.com\/wp-content\/uploads\/sites\/37\/2026\/04\/22-recursos-inhumanos-de-ziad-doueiri_1200w-300x200.jpg 300w, https:\/\/static-blogs.diariovasco.com\/wp-content\/uploads\/sites\/37\/2026\/04\/22-recursos-inhumanos-de-ziad-doueiri_1200w-628x419.jpg 628w, https:\/\/static-blogs.diariovasco.com\/wp-content\/uploads\/sites\/37\/2026\/04\/22-recursos-inhumanos-de-ziad-doueiri_1200w-768x512.jpg 768w\" sizes=\"(max-width: 1200px) 100vw, 1200px\" \/><\/p>\n<p>&#8216;Recursos Inhumanos&#8217; est\u00e1 basada en el libro del mismo nombre cuyo nombre original franc\u00e9s era &#8216;Cadres Noires&#8217; escrito por Pierre Lema\u00eetre que en su estreno franc\u00e9s en la cadena Arte llevaba el nombre de &#8216;D\u00e9rapages&#8217;.<\/p>\n<p>Recursos Inhumanos nos muestra ese viaje a los infiernos de su protagonista Alain Delambre, capaz de sacrificar todo en lo que siempre ha cre\u00eddo, incluyendo a su mujer y sus hijas, en una historia llena de sorpresas y giros que quema tramas a una gran velocidad en apenas seis episodios, hasta llegar a un gran final muy agridulce, como pueden intuir en el segundo tr\u00e1iler.<\/p>\n<p><iframe loading=\"lazy\" title=\"YouTube video player\" src=\"https:\/\/www.youtube.com\/embed\/2OEBqCF5Jrg?si=Wc2WZOD3VGq254ky\" width=\"560\" height=\"315\" frameborder=\"0\" allowfullscreen=\"allowfullscreen\"><\/iframe><\/p>\n<p>Destaca su retrato de las despiadadas culturas corporativas de las grandes multinacionales, donde sus ejecutivos siguen la ley de la jungla, dispuestos a despedazarse entre ellos por cualquier ascenso o promoci\u00f3n.<\/p>\n<p>Todo ello alentado por el propio presidente de Exxya Alexander Dorffman ( muy bien interpretado por Alex Lutz) , un reptil abyecto y de la peor cala\u00f1a como el responsable de esa cultura empresarial tan t\u00f3xica que ha instaurado en su empresa.<\/p>\n<p><img loading=\"lazy\" class=\"aligncenter size-full wp-image-26993\" src=\"https:\/\/static-blogs.diariovasco.com\/wp-content\/uploads\/sites\/37\/2026\/04\/alex-lutz.jpg\" alt=\"\" width=\"695\" height=\"458\" srcset=\"https:\/\/static-blogs.diariovasco.com\/wp-content\/uploads\/sites\/37\/2026\/04\/alex-lutz.jpg 695w, https:\/\/static-blogs.diariovasco.com\/wp-content\/uploads\/sites\/37\/2026\/04\/alex-lutz-300x198.jpg 300w, https:\/\/static-blogs.diariovasco.com\/wp-content\/uploads\/sites\/37\/2026\/04\/alex-lutz-628x414.jpg 628w\" sizes=\"(max-width: 695px) 100vw, 695px\" \/><\/p>\n<p><strong>El actor:<\/strong><\/p>\n<p>El protagonista absoluto de la serie es Eric Cantona que interpreta al desesperado Alain Delambre, con una gran fuerza y veracidad a medida que va cayendo en sus infiernos manipuladores y en las ant\u00edpodas de todo lo que hab\u00eda preconizado en su vida hasta ese momento.<\/p>\n<p><img loading=\"lazy\" class=\"aligncenter size-full wp-image-26994\" src=\"https:\/\/static-blogs.diariovasco.com\/wp-content\/uploads\/sites\/37\/2026\/04\/eric-cantona.jpg\" alt=\"\" width=\"750\" height=\"422\" srcset=\"https:\/\/static-blogs.diariovasco.com\/wp-content\/uploads\/sites\/37\/2026\/04\/eric-cantona.jpg 750w, https:\/\/static-blogs.diariovasco.com\/wp-content\/uploads\/sites\/37\/2026\/04\/eric-cantona-300x169.jpg 300w, https:\/\/static-blogs.diariovasco.com\/wp-content\/uploads\/sites\/37\/2026\/04\/eric-cantona-628x353.jpg 628w\" sizes=\"(max-width: 750px) 100vw, 750px\" \/><\/p>\n<p>Cantona ha conseguido la dif\u00edcil transici\u00f3n de ser un pol\u00e9mico futbolista de \u00e9lite, idolatrado en su Francia natal y en el Manchester United, a ser un buen actor, en especial en personajes duros y comprometidos como demostr\u00f3 en su primer \u00e9xito cinematogr\u00e1fico, donde se interpretaba a s\u00ed mismo en la pel\u00edcula &#8216;Looking for Eric&#8217; del insigne Ken Loach.<\/p>\n<p>Su interpretaci\u00f3n nos transmite todo lo que est\u00e1 pasando por la mente de un parado de larga duraci\u00f3n que ha perdido toda esperanza y es presa f\u00e1cil de personas que quieren aprovecharse de esa debilidad.<\/p>\n<p>&#8216;Recursos Inhumanos&#8217; es una gran serie sobre ese tema tan delicado y que fue estrenada en Espa\u00f1a dentro del cat\u00e1logo de Netflix, aunque ahora por desgracia ya no se encuentra disponible, pero seguro que sus habilidades inform\u00e1ticas le\u00a0 van a permitir encontrarla si as\u00ed lo desean.<\/p>\n<p>Para finalizar les dejo con la elaborada cabecera de la serie con grandes panor\u00e1micas de los enormes edificios corporativos del ilustre barrio de la D\u00e9fense en Par\u00eds, el centro econ\u00f3mico franc\u00e9s.<\/p>\n<p><iframe loading=\"lazy\" title=\"G\u00e9n\u00e9rique d\u00e9but de D\u00e9rapages (S\u00e9rie ARTE, Mandarin T\u00e9l\u00e9vision 2020) - ARTE, Netflix\" width=\"500\" height=\"281\" src=\"https:\/\/www.youtube.com\/embed\/7vcBsKyPSH8?feature=oembed\" frameborder=\"0\" allow=\"accelerometer; autoplay; clipboard-write; encrypted-media; gyroscope; picture-in-picture; web-share\" referrerpolicy=\"strict-origin-when-cross-origin\" allowfullscreen><\/iframe><\/p>\n<p>Espero sus opiniones y comentarios, aqu\u00ed o en mi cuenta de X (@lmejino), o en BlueSky ( @lmejino.bsky.social )<\/p>\n<p>Lorenzo Mejino<\/p>\n<!-- AddThis Advanced Settings generic via filter on the_content --><!-- AddThis Share Buttons generic via filter on the_content -->","protected":false},"excerpt":{"rendered":"<p>El objetivo de desarrollo sostenible ( ODS) n\u00famero ocho de las Naciones Unidas establece la necesidad de promover el empleo pleno y productivo as\u00ed como un trabajo decente para todo el mundo. En ese marco se enclav\u00f3 la gran serie francesa \u2018Recursos Inhumanos\u2019 una gran ficci\u00f3n centrada en el drama de los parados de larga [&hellip;]<!-- AddThis Advanced Settings generic via filter on get_the_excerpt --><!-- AddThis Share Buttons generic via filter on get_the_excerpt --><\/p>\n","protected":false},"author":61,"featured_media":26991,"comment_status":"open","ping_status":"closed","sticky":false,"template":"","format":"standard","meta":[],"categories":[5,6203,30,17],"tags":[11130,11127,11129,11131,11128],"_links":{"self":[{"href":"https:\/\/blogs.diariovasco.com\/series-gourmets\/wp-json\/wp\/v2\/posts\/26989"}],"collection":[{"href":"https:\/\/blogs.diariovasco.com\/series-gourmets\/wp-json\/wp\/v2\/posts"}],"about":[{"href":"https:\/\/blogs.diariovasco.com\/series-gourmets\/wp-json\/wp\/v2\/types\/post"}],"author":[{"embeddable":true,"href":"https:\/\/blogs.diariovasco.com\/series-gourmets\/wp-json\/wp\/v2\/users\/61"}],"replies":[{"embeddable":true,"href":"https:\/\/blogs.diariovasco.com\/series-gourmets\/wp-json\/wp\/v2\/comments?post=26989"}],"version-history":[{"count":5,"href":"https:\/\/blogs.diariovasco.com\/series-gourmets\/wp-json\/wp\/v2\/posts\/26989\/revisions"}],"predecessor-version":[{"id":27115,"href":"https:\/\/blogs.diariovasco.com\/series-gourmets\/wp-json\/wp\/v2\/posts\/26989\/revisions\/27115"}],"wp:featuredmedia":[{"embeddable":true,"href":"https:\/\/blogs.diariovasco.com\/series-gourmets\/wp-json\/wp\/v2\/media\/26991"}],"wp:attachment":[{"href":"https:\/\/blogs.diariovasco.com\/series-gourmets\/wp-json\/wp\/v2\/media?parent=26989"}],"wp:term":[{"taxonomy":"category","embeddable":true,"href":"https:\/\/blogs.diariovasco.com\/series-gourmets\/wp-json\/wp\/v2\/categories?post=26989"},{"taxonomy":"post_tag","embeddable":true,"href":"https:\/\/blogs.diariovasco.com\/series-gourmets\/wp-json\/wp\/v2\/tags?post=26989"}],"curies":[{"name":"wp","href":"https:\/\/api.w.org\/{rel}","templated":true}]}}