{"id":27028,"date":"2026-04-27T06:00:09","date_gmt":"2026-04-27T05:00:09","guid":{"rendered":"https:\/\/blogs.diariovasco.com\/series-gourmets\/?p=27028"},"modified":"2026-04-26T08:51:32","modified_gmt":"2026-04-26T07:51:32","slug":"kabul-la-caotica-evacuacion-de-la-capital-afgana","status":"publish","type":"post","link":"https:\/\/blogs.diariovasco.com\/series-gourmets\/2026\/04\/27\/kabul-la-caotica-evacuacion-de-la-capital-afgana\/","title":{"rendered":"Kabul. La ca\u00f3tica evacuaci\u00f3n de la capital afgana."},"content":{"rendered":"<p>Las historias ubicadas en los\u00a0 conflictos y guerras de Oriente Medio han inspirado numerosas series que han tenido mucho \u00e9xito como en el caso de <a href=\"https:\/\/blogs.diariovasco.com\/series-gourmets\/2012\/09\/10\/homeland-la-sensacion-de-la-temporada\/\">\u2018Homeland\u2019<\/a> o \u2018Fauda\u2019.<\/p>\n<p>Si nos ce\u00f1imos m\u00e1s precisamente al caso de la guerra de Afganist\u00e1n hemos tenido grandes ejemplos como la 4T de la mencionada<a href=\"https:\/\/blogs.diariovasco.com\/series-gourmets\/2012\/09\/10\/homeland-la-sensacion-de-la-temporada\/\"> \u2018Homeland\u2019<\/a> o las brit\u00e1nicas \u2018Bluestone 42\u2019 o \u2018Our Girl\u2019, sin olvidar nuestra gran aportaci\u00f3n nacional \u2018La Unidad. Kabul\u2019, centrada en la complicaci\u00f3n evacuaci\u00f3n de los espa\u00f1oles en Kabul tras la retirada total de las tropas USA.<\/p>\n<p>En ese mismo espacio temporal se desarrolla la interesante serie multinacional \u2018Kabul\u2019 una historia que muestra desde el punto de vista de diferentes pa\u00edses implicados, la ca\u00f3tica evacuaci\u00f3n de Kabul, que se estrenar\u00e1 ma\u00f1ana en Movistar Plus, lo que me brinda la oportunidad perfecta para analizarla en el presente art\u00edculo<\/p>\n<p><img loading=\"lazy\" class=\"aligncenter size-full wp-image-27030\" src=\"https:\/\/static-blogs.diariovasco.com\/wp-content\/uploads\/sites\/37\/2026\/04\/general-4.jpg\" alt=\"\" width=\"1280\" height=\"720\" srcset=\"https:\/\/static-blogs.diariovasco.com\/wp-content\/uploads\/sites\/37\/2026\/04\/general-4.jpg 1280w, https:\/\/static-blogs.diariovasco.com\/wp-content\/uploads\/sites\/37\/2026\/04\/general-4-300x169.jpg 300w, https:\/\/static-blogs.diariovasco.com\/wp-content\/uploads\/sites\/37\/2026\/04\/general-4-628x353.jpg 628w, https:\/\/static-blogs.diariovasco.com\/wp-content\/uploads\/sites\/37\/2026\/04\/general-4-768x432.jpg 768w\" sizes=\"(max-width: 1280px) 100vw, 1280px\" \/><\/p>\n<p><strong>Ficha:<\/strong> Kabul (F\/I\/D ) 6 ep 50 m mar 2025 <strong>Cadena:<\/strong> France 2 (F) \/ MovistarPlus a partir del 28 de abril (E)<\/p>\n<p><strong>La trama :<\/strong><\/p>\n<p>El anuncio por parte del presidente Joe Biden, en agosto de 2021, de la retirada de las tropas USA de Afganist\u00e1n tras veinti\u00fan a\u00f1os de guerra contra los talibanes, provoca una aut\u00e9ntica carrera contra reloj para abandonar la capital Kabul, ante la marcha imparable de los talibanes para ocupar la capital afgana, como muestran en la primera promoci\u00f3n de \u2018Kabul\u2019.<\/p>\n<p><iframe loading=\"lazy\" title=\"Kabul |  TV Series | Now Streaming\" width=\"500\" height=\"281\" src=\"https:\/\/www.youtube.com\/embed\/N1LnPm4Nspo?feature=oembed\" frameborder=\"0\" allow=\"accelerometer; autoplay; clipboard-write; encrypted-media; gyroscope; picture-in-picture; web-share\" referrerpolicy=\"strict-origin-when-cross-origin\" allowfullscreen><\/iframe><\/p>\n<p>Los principales perjudicados son los colaboradores afganos de las fuerzas occidentales y sobre todo los opositores al r\u00e9gimen talib\u00e1n que temen por su vida con ese cambio en el poder.<\/p>\n<p>Ante esa perspectiva muchas personas no dudan en buscar refugio en las embajadas europeas para conseguir salir del infierno en que se puede convertir Kabul, en especial para las mujeres.<\/p>\n<p>\u2018Kabul\u2019 es un compendio de diferentes historias que se desarrollan de forma bastante independiente y que implican por un lado a las cuatro embajadas y contingentes militares de Francia, Italia, Alemania y EEUU.<\/p>\n<p>En paralelo tenemos la odisea de una familia iran\u00ed de buena posici\u00f3n pero se\u00f1alada por el trabajo de la madre, una implacable fiscal que ha procesado a muchos talibanes, lo que la ha puesto en el punto de mira y en la lista negra en cuanto ocupen Kabul.<\/p>\n<p>Su familia est\u00e1 compuesta por su abnegado marido, una hija cirujana que teme ser relegada a tareas insustanciales por su condici\u00f3n femenina y finalmente un hijo que pertenece al desbordado y desmantelado ej\u00e9rcito regular afgano y que decide colaborar con la CIA, para luchar desde dentro.<\/p>\n<p>Los cinco frentes abiertos se van alternando en cada episodio, lo que nos permite tener una visi\u00f3n muy completa de los diferentes problemas que presenta esa evacuaci\u00f3n con un \u00e9nfasis especial en la labor de los diplom\u00e1ticos en los casos franc\u00e9s e italiano, intentando sacar a la mayor gente posible para no abandonarlos a su suerte.<\/p>\n<p>La historia m\u00e1s especial es la que corresponde a los alemanas centrada en Vera ( Jeanne Goursaud, \u2018Barbarians`) una operativa de las fuerzas especiales decidida a liberar a un general afgano secuestrado.<\/p>\n<p>Su pasado com\u00fan, al haber trabajado muchos a\u00f1os con \u00e9l y deberle su vida, le hace adentrarse en terreno enemigo para poder localizarlo, como muestran en su perfil del siguiente video.<\/p>\n<p><iframe loading=\"lazy\" title=\"Jeanne Goursaud | A fighter who risks everything to save her comrades | #Kabul Streaming Now\" width=\"500\" height=\"281\" src=\"https:\/\/www.youtube.com\/embed\/3_nUNRLmZ8w?feature=oembed\" frameborder=\"0\" allow=\"accelerometer; autoplay; clipboard-write; encrypted-media; gyroscope; picture-in-picture; web-share\" referrerpolicy=\"strict-origin-when-cross-origin\" allowfullscreen><\/iframe><\/p>\n<p>Los saltos continuos entre los cinco escenarios se producen a un ritmo fren\u00e9tico, en especial tras la divisi\u00f3n en las cuatro subtramas personales de los cuatro miembros de la familia iran\u00ed, con sus odiseas particulares para intentar ponerse a salvo.<\/p>\n<p>El tono es bastante duro y nada complaciente, al mostrar la desesperaci\u00f3n de numerosas personas si son abandonadas a su suerte y no consiguen dejar el pa\u00eds, lo que contrasta con la impotencia de los diplom\u00e1ticos que se ven desbordados ante el alud de peticiones de salida y los escasos aviones disponibles.<\/p>\n<p><img loading=\"lazy\" class=\"aligncenter size-full wp-image-27029\" src=\"https:\/\/static-blogs.diariovasco.com\/wp-content\/uploads\/sites\/37\/2026\/04\/evacuacion.jpg\" alt=\"\" width=\"1010\" height=\"665\" srcset=\"https:\/\/static-blogs.diariovasco.com\/wp-content\/uploads\/sites\/37\/2026\/04\/evacuacion.jpg 1010w, https:\/\/static-blogs.diariovasco.com\/wp-content\/uploads\/sites\/37\/2026\/04\/evacuacion-300x198.jpg 300w, https:\/\/static-blogs.diariovasco.com\/wp-content\/uploads\/sites\/37\/2026\/04\/evacuacion-628x413.jpg 628w, https:\/\/static-blogs.diariovasco.com\/wp-content\/uploads\/sites\/37\/2026\/04\/evacuacion-768x506.jpg 768w\" sizes=\"(max-width: 1010px) 100vw, 1010px\" \/><\/p>\n<p>El reparto es multinacional y muy coral para representar de la mejor manera las numerosas nacionalidades implicadas, aunque la serie est\u00e1 rodada en ingl\u00e9s, incluso cuando hablan entre ellos los diplom\u00e1ticos franceses.<\/p>\n<p>Entre el contingente franc\u00e9s destaca la presencia del gran Jonathan Zaccai ( izq, Oficina de Infiltrados, Monsieur Spade), como el jefe de seguridad que intenta salvar al padre de la familia iran\u00ed, interpretado por al actor griego-iran\u00ed Vassilis Koukalani ( der)<\/p>\n<p><img loading=\"lazy\" class=\"aligncenter size-full wp-image-27031\" src=\"https:\/\/static-blogs.diariovasco.com\/wp-content\/uploads\/sites\/37\/2026\/04\/zaccai-pater.jpg\" alt=\"\" width=\"1500\" height=\"1000\" srcset=\"https:\/\/static-blogs.diariovasco.com\/wp-content\/uploads\/sites\/37\/2026\/04\/zaccai-pater.jpg 1500w, https:\/\/static-blogs.diariovasco.com\/wp-content\/uploads\/sites\/37\/2026\/04\/zaccai-pater-300x200.jpg 300w, https:\/\/static-blogs.diariovasco.com\/wp-content\/uploads\/sites\/37\/2026\/04\/zaccai-pater-628x419.jpg 628w, https:\/\/static-blogs.diariovasco.com\/wp-content\/uploads\/sites\/37\/2026\/04\/zaccai-pater-768x512.jpg 768w\" sizes=\"(max-width: 1500px) 100vw, 1500px\" \/><\/p>\n<p>El rostro m\u00e1s conocido del reparto internacional es indudablemente, Eric Dane (Anatomia de Grey, Euphoria) en uno de sus \u00faltimos trabajos antes de fallecer recientemente en febrero de este a\u00f1o<br \/>\n<img loading=\"lazy\" class=\"aligncenter size-full wp-image-27033\" src=\"https:\/\/static-blogs.diariovasco.com\/wp-content\/uploads\/sites\/37\/2026\/04\/eric-dane.jpg\" alt=\"\" width=\"768\" height=\"432\" srcset=\"https:\/\/static-blogs.diariovasco.com\/wp-content\/uploads\/sites\/37\/2026\/04\/eric-dane.jpg 768w, https:\/\/static-blogs.diariovasco.com\/wp-content\/uploads\/sites\/37\/2026\/04\/eric-dane-300x169.jpg 300w, https:\/\/static-blogs.diariovasco.com\/wp-content\/uploads\/sites\/37\/2026\/04\/eric-dane-628x353.jpg 628w\" sizes=\"(max-width: 768px) 100vw, 768px\" \/><br \/>\nEn \u2018Kabul\u2019, Dane interpreta al misterioso jefe del operativo de la CIA que tiene como misi\u00f3n evitar atentados y proteger la evacuaci\u00f3n a toda costa.<\/p>\n<p>La uni\u00f3n de tantas historias funciona sorprendentemente bien y a pesar de tener tantos frentes abiertos, lo cierto es que los van cerrando todos de forma bastante satisfactoria y lo que es importante, transmitiendo en todo momento el drama que sucedi\u00f3 en Kabul hace apenas cinco a\u00f1os.<\/p>\n<p>La serie ha sido creada por dos buenos guionistas franceses de &#8216;Baron Noir&#8217;\u00a0 \u00a0Olivier Demangel y Thomas Finkielkraut, con\u00a0 un\u00a0 nivel de producci\u00f3n excelente gracias a un rodaje en Grecia que hace completamente cre\u00edble el caos de Kabul.<\/p>\n<p>Si les gustan las historias de dramas humanos en graves conflictos,\u00a0 \u2018Kabul\u2019 me ha parecido una gran propuesta, como podr\u00e1n comprobar a partir de ma\u00f1ana en MovistarPlus.<\/p>\n<p>Para finalizar el art\u00edculo les dejo con el tr\u00e1iler oficial de su estreno en Europa.<\/p>\n<p><iframe loading=\"lazy\" title=\"It&#039;s a fight for survival. #Kabul coming on Lionsgate Play\" width=\"500\" height=\"281\" src=\"https:\/\/www.youtube.com\/embed\/3d0swjihG8U?feature=oembed\" frameborder=\"0\" allow=\"accelerometer; autoplay; clipboard-write; encrypted-media; gyroscope; picture-in-picture; web-share\" referrerpolicy=\"strict-origin-when-cross-origin\" allowfullscreen><\/iframe><\/p>\n<p>Espero sus opiniones y comentarios, aqu\u00ed o en mi cuenta de X (@lmejino), o en BlueSky ( @lmejino.bsky.social )<\/p>\n<p>&nbsp;<\/p>\n<p>Lorenzo Mejino<\/p>\n<!-- AddThis Advanced Settings generic via filter on the_content --><!-- AddThis Share Buttons generic via filter on the_content -->","protected":false},"excerpt":{"rendered":"<p>Las historias ubicadas en los\u00a0 conflictos y guerras de Oriente Medio han inspirado numerosas series que han tenido mucho \u00e9xito como en el caso de \u2018Homeland\u2019 o \u2018Fauda\u2019. Si nos ce\u00f1imos m\u00e1s precisamente al caso de la guerra de Afganist\u00e1n hemos tenido grandes ejemplos como la 4T de la mencionada \u2018Homeland\u2019 o las brit\u00e1nicas \u2018Bluestone [&hellip;]<!-- AddThis Advanced Settings generic via filter on get_the_excerpt --><!-- AddThis Share Buttons generic via filter on get_the_excerpt --><\/p>\n","protected":false},"author":61,"featured_media":27032,"comment_status":"open","ping_status":"closed","sticky":false,"template":"","format":"standard","meta":[],"categories":[2,3,5,32,17],"tags":[11146,1406,11144,11145,11147,11148],"_links":{"self":[{"href":"https:\/\/blogs.diariovasco.com\/series-gourmets\/wp-json\/wp\/v2\/posts\/27028"}],"collection":[{"href":"https:\/\/blogs.diariovasco.com\/series-gourmets\/wp-json\/wp\/v2\/posts"}],"about":[{"href":"https:\/\/blogs.diariovasco.com\/series-gourmets\/wp-json\/wp\/v2\/types\/post"}],"author":[{"embeddable":true,"href":"https:\/\/blogs.diariovasco.com\/series-gourmets\/wp-json\/wp\/v2\/users\/61"}],"replies":[{"embeddable":true,"href":"https:\/\/blogs.diariovasco.com\/series-gourmets\/wp-json\/wp\/v2\/comments?post=27028"}],"version-history":[{"count":4,"href":"https:\/\/blogs.diariovasco.com\/series-gourmets\/wp-json\/wp\/v2\/posts\/27028\/revisions"}],"predecessor-version":[{"id":27100,"href":"https:\/\/blogs.diariovasco.com\/series-gourmets\/wp-json\/wp\/v2\/posts\/27028\/revisions\/27100"}],"wp:featuredmedia":[{"embeddable":true,"href":"https:\/\/blogs.diariovasco.com\/series-gourmets\/wp-json\/wp\/v2\/media\/27032"}],"wp:attachment":[{"href":"https:\/\/blogs.diariovasco.com\/series-gourmets\/wp-json\/wp\/v2\/media?parent=27028"}],"wp:term":[{"taxonomy":"category","embeddable":true,"href":"https:\/\/blogs.diariovasco.com\/series-gourmets\/wp-json\/wp\/v2\/categories?post=27028"},{"taxonomy":"post_tag","embeddable":true,"href":"https:\/\/blogs.diariovasco.com\/series-gourmets\/wp-json\/wp\/v2\/tags?post=27028"}],"curies":[{"name":"wp","href":"https:\/\/api.w.org\/{rel}","templated":true}]}}