{"id":2750,"date":"2014-08-22T07:00:55","date_gmt":"2014-08-22T06:00:55","guid":{"rendered":"http:\/\/blogs.diariovasco.com\/series-gourmets\/?p=2750"},"modified":"2014-08-22T07:00:55","modified_gmt":"2014-08-22T06:00:55","slug":"que-fue-de-jorge-sanz-una-autoparodia-inteligente-y-brillante","status":"publish","type":"post","link":"https:\/\/blogs.diariovasco.com\/series-gourmets\/2014\/08\/22\/que-fue-de-jorge-sanz-una-autoparodia-inteligente-y-brillante\/","title":{"rendered":"\u00bfQu\u00e9 fue de Jorge Sanz?.Una autoparodia inteligente y brillante"},"content":{"rendered":"<p>\u00bfQue fue de Jorge Sanz? , es una de las mejores series que se han realizado en la historia de la televisi\u00f3n espa\u00f1ola, pero que por diversas circunstancias no ha adquirido el prestigio que se merecer\u00eda, cayendo en el limbo de las series malditas, de las que la gente que las ha visto las comenta de forma muy elogiosa pero que siguen siendo grandes desconocidas para la mayor\u00eda de la gente.<\/p>\n<p>Los seguidores mas asiduos del blog, habr\u00e1n notado que no solemos hablar de series espa\u00f1olas en el mismo, en parte porque tienen mucha mas informaci\u00f3n de las mismas en prensa, radio y televisi\u00f3n y en parte porque queremos evitar el ensa\u00f1amiento y la critica f\u00e1cil a las series espa\u00f1olas por sistema, por lo que solo hemos comentado aquellos casos en que nos han parecido mas interesantes y hoy es uno de ellos.<\/p>\n<p>La mezcla de realidad y ficci\u00f3n con que la serie nos cuenta las aventuras actuales de Jorge Sanz, uno de los actores mas famosos de las d\u00e9cadas de los ochenta y noventa, en sus intentos por revivir sus tiempos mas gloriosos, conforman una historia que mezcla dosis de ternura y amargura con un resultado final sobresaliente, raz\u00f3n mas que suficiente para romper una lanza en su favor en nuestro espacio de recuerdo de los viernes.<\/p>\n<p><strong>Ficha:<\/strong> \u00bfQu\u00e9 fue de Jorge Sanz? 6 episodios.\u00a0\u00a0 Sep 2010- Dic 2010 Canal + (E)<\/p>\n<p><a href=\"\/series-gourmets\/wp-content\/uploads\/sites\/37\/2014\/08\/que-fue-de-jorge-sanz-e1408190955173.jpg\"><img loading=\"lazy\" class=\"aligncenter size-full wp-image-2751\" title=\"que-fue-de-jorge-sanz\" src=\"\/series-gourmets\/wp-content\/uploads\/sites\/37\/2014\/08\/que-fue-de-jorge-sanz-e1408190955173.jpg\" alt=\"\" width=\"540\" height=\"278\" srcset=\"https:\/\/static-blogs.diariovasco.com\/wp-content\/uploads\/sites\/37\/2014\/08\/que-fue-de-jorge-sanz-e1408190955173.jpg 540w, https:\/\/static-blogs.diariovasco.com\/wp-content\/uploads\/sites\/37\/2014\/08\/que-fue-de-jorge-sanz-e1408190955173-300x154.jpg 300w\" sizes=\"(max-width: 540px) 100vw, 540px\" \/><\/a><br \/>\n<strong>Sinopsis<\/strong>:\u00a0Jorge Sanz es un actor que ha visto declinar de forma inexorable su carrera desde sus momentos mas brillantes en las d\u00e9cadas de los ochenta y noventa, tocando fondo en la actualidad tanto profesional como personalmente. En la serie somos testigos de sus intentos de relanzar su carrera en el medio y de la forma que sea, siendo acompa\u00f1ado en esta traves\u00eda particular del desierto por su representante Amadeo, un comercial voluntarioso, pero desconocedor de los entresijos de la \u00a0peculiar industria audiovisual de nuestro \u00a0pa\u00eds<\/p>\n<p><strong>El inicio:<\/strong> El nacimiento de la serie vino dado por una conversaci\u00f3n entre Jorge Sanz y el reputado director cinematogr\u00e1fico David Trueba (Obra Maestra, Soldados de Salamina) , en el que el primero le ped\u00eda consejo a su amigo sobre si deb\u00eda trabajar en una serie de televisi\u00f3n, a lo que el segundo respondi\u00f3 que solo lo deb\u00eda hacer si se interpretaba a si mismo.<\/p>\n<p><a href=\"\/series-gourmets\/wp-content\/uploads\/sites\/37\/2014\/08\/trueba-e1408190978323.jpg\"><img loading=\"lazy\" class=\"aligncenter size-full wp-image-2754\" title=\"trueba\" src=\"\/series-gourmets\/wp-content\/uploads\/sites\/37\/2014\/08\/trueba-e1408190978323.jpg\" alt=\"\" width=\"540\" height=\"360\" srcset=\"https:\/\/static-blogs.diariovasco.com\/wp-content\/uploads\/sites\/37\/2014\/08\/trueba-e1408190978323.jpg 540w, https:\/\/static-blogs.diariovasco.com\/wp-content\/uploads\/sites\/37\/2014\/08\/trueba-e1408190978323-300x200.jpg 300w\" sizes=\"(max-width: 540px) 100vw, 540px\" \/><\/a>A lo tonto empezaron ambos a trabajar en ese concepto de una serie donde Jorge Sanz se interpretar\u00e1 a si mismo como una estrella de capa ca\u00edda, y con sus propios medios, decidieron filmar un piloto, para vender la idea a las cadenas televisivas.<\/p>\n<p>Tras la rueda de presentaciones, Canal + es la \u00fanica que mostr\u00f3 inter\u00e9s en el proyecto y les encarg\u00f3 una serie de seis episodios, que Trueba y Sanz exigieron que se rodara en condiciones similares al piloto de forma muy realista, \u00a0a lo que el canal de pago accedi\u00f3, rod\u00e1ndose la serie a lo largo de 2010.<\/p>\n<p>La promoci\u00f3n de la serie vino dada por algunos de los actores invitados que aparec\u00edan en la serie como en este caso con el clip protagonizado por Santiago Segura<br \/>\n<iframe loading=\"lazy\" src=\"\/\/www.youtube.com\/embed\/djX7B5oNeY4\" frameborder=\"0\" width=\"420\" height=\"315\"><\/iframe><\/p>\n<p><strong>La trama:<\/strong> \u00bfQu\u00e9 fue de Jorge Sanz?, se mueve entre las lineas de la realidad y de la ficci\u00f3n, traspas\u00e1ndolas continuamente creando un producto dif\u00edcil de definir y encasillar.<\/p>\n<p><span style=\"font-size: 13px;\">El punto de partida es mostrarnos los esfuerzos de Jorge Sanz por volver a recuperar sus tiempos mas gloriosos, pero con un planteamiento en el que nunca llegamos a saber lo que hay de realidad y lo que hay de ficci\u00f3n en lo que nos est\u00e1n contando, en un ejercicio de funambulismo narrativo brillantemente ejecutado.<\/span><\/p>\n<p>La serie se mueve entre la nostalgia del pasado que siente el propio personaje, y que no dejan de recordarle muchas de las personas que lo reconocen y admiran como una vieja gloria, y sus intentos de emprender nuevos proyectos en un mundillo que lo tiene arrinconado y guardado en una esquina de mirar y no tocar.<\/p>\n<p>Al mismo personaje no le duelen prendas en aprovecharse en plan p\u00edcaro de su fama pret\u00e9rita e intentar conseguir alg\u00fan beneficio de su reconocimiento, sea en forma de cr\u00e9ditos bancarios, veh\u00edculos o cualquier favor que sus admiradores puedan ofrecerle y que en algunos casos funciona a la inversa, y estos intentan aprovecharse de su fama.<\/p>\n<p>Mientras que su vida profesional tiene mas visos de realidad, con referencias a problemillas personales,como el que tuvo con Pedro Almodovar, bien referenciado en la prensa, su vida personal se mueve mucho mas claramente en el terreno de la ficci\u00f3n con un hijo de una antigua relaci\u00f3n que vive en Barcelona, lo que le obliga a continuos desplazamientos y nos muestra su lado mas \u00edntimo, dentro de un orden y siempre dentro del tono autoparodico de la serie.<\/p>\n<p>Los mejores momentos de la serie son cuando interactua con algunos personajes famosos como Antonio Resines, Juan Diego Botto o Santiago Segura, y mi favorito de todos, cuando un editor le propone la escritura de su autobiograf\u00eda y le propone como autor al conocido escritor Juan Manuel De Prada, que tiene sus propias ideas, no coincidentes con las del actor, como pueden ver en esta escena.<\/p>\n<p><iframe loading=\"lazy\" src=\"\/\/www.youtube.com\/embed\/-EAvYWGwkuo\" frameborder=\"0\" width=\"560\" height=\"315\"><\/iframe><\/p>\n<p>La relaci\u00f3n con su agente y amigo Amadeo, un antiguo representante de quesos, es otra de las ideas mas brillantes de la serie, porque le proporciona un contrapunto de su realidad actual. La visi\u00f3n exterior de Amadeo al mundillo de los actores, permite que sea los ojos del espectador para adentrarse en esos entresijos y ver sus meteduras de pata como algo incluso l\u00f3gico.<\/p>\n<p>Los sentimientos que provoca al espectador son encontrados, ya que Jorge Sanz, no es presentado como un perdedor, puesto que a\u00fan mantiene una cierta fama de la que sigue viviendo como puede, pero el tono amargo y agridulce personal que le ha dado su descenso en el escalaf\u00f3n predomina en la serie, cayendo mas frecuentemente en el terreno del rid\u00edculo en su apuesta por volver a ser el que era, que en el del fracaso.<\/p>\n<p>En mi opini\u00f3n, la serie es excelente y de lo mejorcito que se ha realizado en nuestro pa\u00eds en el terreno de la comedia, con el formato ideal de treinta minutos que es el que funciona. Nos re\u00edmos de Jorge y con Jorge encari\u00f1andonos por completo del personaje, que nos muestra un amplio registro tanto c\u00f3mico como dram\u00e1tico. En este sentido hay que destacar una memorable escena en la que Jorge Sanz nos hace emocionar a todos cuando un t\u00e9cnico de iluminaci\u00f3n que conoce desde sus a\u00f1os mozos, le anima y recuerda lo grande que llego a ser, haci\u00e9ndole aflorar sentimientos de rabia e impotencia por el tiempo pasado.<\/p>\n<p>El tono autoparodico de toda la serie es sumamente inteligente con un gui\u00f3n excelente que construye un personaje mas ficticio de lo que nos parece en realidad, pero mas real de lo que le parece a Jorge Sanz, prueba inequ\u00edvoca que su exorcismo particular merece ser recomendado a los cuatro vientos.<\/p>\n<p>La excelente m\u00fasica del brit\u00e1nico Darren Hayman, melanc\u00f3lica y absorbente, con su canci\u00f3n Civic Pride, \u00a0es otro acierto mas de la serie, como pueden comprobar en este videoclip de la canci\u00f3n \u00a0con los actores de la serie.<\/p>\n<p><iframe loading=\"lazy\" src=\"\/\/www.youtube.com\/embed\/UiMLkf3FPl8\" frameborder=\"0\" width=\"560\" height=\"315\"><\/iframe><\/p>\n<p>&nbsp;<\/p>\n<p>La serie finalizo su andadura con esos seis \u00a0episodios, y aunque tuvo una gran acogida con la cr\u00edtica, al ser estrenada en un canal de pago, sus audiencias fueron muy peque\u00f1as, y siempre ha sido \u00a0una gran desconocida para el \u00a0gran p\u00fablico. En principio se cerr\u00f3 la historia con esta \u00fanica temporada, aunque nada les impide volver a hacer mas si se dieran las circunstancias, \u00a0por lo que por ahora \u00a0nos tendremos que conformar con degustar los seis episodios realizados.<\/p>\n<p><strong style=\"font-size: 13px;\">Los actores:<\/strong><\/p>\n<p>Jorge Sanz empez\u00f3 su carrera con gran precocidad a los nueve a\u00f1os a las ordenes de Pedro Mas\u00f3 en &#8216;La Miel&#8217; y a los doce a\u00f1os se convirti\u00f3 en un \u00eddolo de masas con el gran \u00e9xito de &#8216;Cr\u00f3nica del Alba. Valentina&#8217; y se convierte en un actor imprescindible de todas las pel\u00edculas espa\u00f1olas mas conocidas de las d\u00e9cadas de los ochenta y noventa, como Amantes, Si te dicen que ca\u00ed o Belle Epoque, como ejemplos mas destacados.<\/p>\n<p>Actor intuitivo por excelencia, su naturalidad frente a la camara era su mejor activo, haciendo cre\u00edbles a todos sus personajes, al encontrar siempre el punto justo y natural que buscaban los directores en esos papeles. En cambio sol\u00eda tener mas problemas cuando el papel se alejaba mas de su registro natural, a diferencia de los actores de m\u00e9todo, que se adaptan mas f\u00e1cilmente a otros tipos de personajes. Al irse haciendo mayor, sus papeles fueron escaseando cada vez mas , y cuando decidi\u00f3 hacer la serie, estaba en una encrucijada en la que no ten\u00eda apenas trabajo.<\/p>\n<p><a href=\"\/series-gourmets\/wp-content\/uploads\/sites\/37\/2014\/08\/jorge-sanz-e1408191027845.jpg\"><img loading=\"lazy\" class=\"aligncenter size-full wp-image-2752\" title=\"jorge sanz\" src=\"\/series-gourmets\/wp-content\/uploads\/sites\/37\/2014\/08\/jorge-sanz-e1408191027845.jpg\" alt=\"\" width=\"540\" height=\"331\" srcset=\"https:\/\/static-blogs.diariovasco.com\/wp-content\/uploads\/sites\/37\/2014\/08\/jorge-sanz-e1408191027845.jpg 540w, https:\/\/static-blogs.diariovasco.com\/wp-content\/uploads\/sites\/37\/2014\/08\/jorge-sanz-e1408191027845-300x184.jpg 300w\" sizes=\"(max-width: 540px) 100vw, 540px\" \/><\/a>Jorge Sanz est\u00e1 excelente, haciendo uno de los mejores papeles de su carrera, desnud\u00e1ndose interiormente frente a la c\u00e1mara, pero siempre con esa naturalidad marca de la casa, que como David Trueba supo ver, es ideal para autoparodiarse. Su carrera gan\u00f3 mucho prestigio con esta serie, pero no ha llegado a sus cotas del pasado, y no se le ve en demasiadas pel\u00edculas, destacando \u00faltimamente con un papel secundario en &#8216;Vivir con los ojos cerrados&#8217; de su socio en la serie David Trueba, que arras\u00f3 en la \u00faltima edici\u00f3n de los Goya.<\/p>\n<p>La revelaci\u00f3n de la serie ha sido Eduardo Antu\u00f1a como Amadeo, el representante y fiel amigo de Jorge que intenta con mas voluntad que acierto relanzar la carrera de su representado. Antu\u00f1a es un fiel exponente de la enorme tradici\u00f3n de los secundarios espa\u00f1oles, capaces de defender con u\u00f1as y dientes cualquier papel por min\u00fasculo que parezca. Antu\u00f1a, lleva muchos a\u00f1os en la profesi\u00f3n haciendo de todo, pero su Amadeo es verdaderamente genial como una especie de Sancho Panza de su amigo Jorge Sanz<\/p>\n<p><a href=\"\/series-gourmets\/wp-content\/uploads\/sites\/37\/2014\/08\/antu\u00f1a-e1408191002851.jpg\"><img loading=\"lazy\" class=\"aligncenter size-full wp-image-2753\" title=\"antu\u00f1a\" src=\"\/series-gourmets\/wp-content\/uploads\/sites\/37\/2014\/08\/antu\u00f1a-e1408191002851.jpg\" alt=\"\" width=\"450\" height=\"676\" srcset=\"https:\/\/static-blogs.diariovasco.com\/wp-content\/uploads\/sites\/37\/2014\/08\/antu\u00f1a-e1408191002851.jpg 450w, https:\/\/static-blogs.diariovasco.com\/wp-content\/uploads\/sites\/37\/2014\/08\/antu\u00f1a-e1408191002851-200x300.jpg 200w\" sizes=\"(max-width: 450px) 100vw, 450px\" \/><\/a>Desgraciadamente su carrera ha seguido por los mismos derroteros de antes de la serie, apareciendo en todo tipo de papeles donde le han llamado, como en &#8216;La que se avecina&#8217;, pero sin lograr subir al pelda\u00f1o superior de la fama y el reconocimiento.<\/p>\n<p><strong>Epilogo:<\/strong><br \/>\n\u00bfQu\u00e9 fue de Jorge Sanz?, es una serie absolutamente recomendable para todos los amantes de la buena televisi\u00f3n y si encima les encantaron sus pel\u00edculas, raz\u00f3n de mas para disfrutar con un ejercicio de inteligencia, trufado de gui\u00f1os cinefilos, que har\u00e1 las delicias de muchos de ustedes. En el \u00faltimo v\u00eddeo les mostramos el making off de la serie, donde sus protagonistas explican muchas de sus claves.<br \/>\n<iframe loading=\"lazy\" src=\"\/\/www.youtube.com\/embed\/akqcfC164Vc\" frameborder=\"0\" width=\"420\" height=\"315\"><\/iframe><\/p>\n<p>Seis episodios de treinta minutos se visionan r\u00e1pidamente y es una oportunidad que no deben dejar pasar para ver que en nuestro pa\u00eds, tambi\u00e9n somos capaces de hacer series como las &#8216;americanas&#8217; y \u00bfQue fue de Jorge Sanz&#8217;, es el mejor ejemplo de que cu\u00e1ndo queremos, podemos.<\/p>\n<p>Esperamos sus opiniones y comentarios, aqu\u00ed o en nuestra cuenta de twitter (@jefoce) y (@lmejino). Hasta la pr\u00f3xima<\/p>\n<p>Mikel Madinabeitia\/ Lorenzo Mejino<\/p>\n<!-- AddThis Advanced Settings generic via filter on the_content --><!-- AddThis Share Buttons generic via filter on the_content -->","protected":false},"excerpt":{"rendered":"<p>\u00bfQue fue de Jorge Sanz? , es una de las mejores series que se han realizado en la historia de la televisi\u00f3n espa\u00f1ola, pero que por diversas circunstancias no ha adquirido el prestigio que se merecer\u00eda, cayendo en el limbo de las series malditas, de las que la gente que las ha visto las comenta [&hellip;]<!-- AddThis Advanced Settings generic via filter on get_the_excerpt --><!-- AddThis Share Buttons generic via filter on get_the_excerpt --><\/p>\n","protected":false},"author":61,"featured_media":0,"comment_status":"open","ping_status":"closed","sticky":false,"template":"","format":"standard","meta":[],"categories":[25,30,31,34],"tags":[701,823,1415,2963],"_links":{"self":[{"href":"https:\/\/blogs.diariovasco.com\/series-gourmets\/wp-json\/wp\/v2\/posts\/2750"}],"collection":[{"href":"https:\/\/blogs.diariovasco.com\/series-gourmets\/wp-json\/wp\/v2\/posts"}],"about":[{"href":"https:\/\/blogs.diariovasco.com\/series-gourmets\/wp-json\/wp\/v2\/types\/post"}],"author":[{"embeddable":true,"href":"https:\/\/blogs.diariovasco.com\/series-gourmets\/wp-json\/wp\/v2\/users\/61"}],"replies":[{"embeddable":true,"href":"https:\/\/blogs.diariovasco.com\/series-gourmets\/wp-json\/wp\/v2\/comments?post=2750"}],"version-history":[{"count":0,"href":"https:\/\/blogs.diariovasco.com\/series-gourmets\/wp-json\/wp\/v2\/posts\/2750\/revisions"}],"wp:attachment":[{"href":"https:\/\/blogs.diariovasco.com\/series-gourmets\/wp-json\/wp\/v2\/media?parent=2750"}],"wp:term":[{"taxonomy":"category","embeddable":true,"href":"https:\/\/blogs.diariovasco.com\/series-gourmets\/wp-json\/wp\/v2\/categories?post=2750"},{"taxonomy":"post_tag","embeddable":true,"href":"https:\/\/blogs.diariovasco.com\/series-gourmets\/wp-json\/wp\/v2\/tags?post=2750"}],"curies":[{"name":"wp","href":"https:\/\/api.w.org\/{rel}","templated":true}]}}