{"id":2851,"date":"2014-09-22T07:00:02","date_gmt":"2014-09-22T06:00:02","guid":{"rendered":"http:\/\/blogs.diariovasco.com\/series-gourmets\/?p=2851"},"modified":"2014-09-22T07:00:02","modified_gmt":"2014-09-22T06:00:02","slug":"der-turm-alemania-la-desintegracion-del-sistema-politico-de-la-rda","status":"publish","type":"post","link":"https:\/\/blogs.diariovasco.com\/series-gourmets\/2014\/09\/22\/der-turm-alemania-la-desintegracion-del-sistema-politico-de-la-rda\/","title":{"rendered":"Der Turm (Alemania). La desintegraci\u00f3n del sistema pol\u00edtico y social  de la RDA"},"content":{"rendered":"<p>Der Turm ( La Torre) es la adaptaci\u00f3n televisiva en formato de miniserie de 2 cap\u00edtulos, de la novela de Uwe Tellkamp, publicada en 2008, que explica a trav\u00e9s de una familia, el proceso de desintegraci\u00f3n de la Rep\u00fablica Democr\u00e1tica Alemana, desde el a\u00f1o 1983, hasta el inicio del proceso de la reunificaci\u00f3n alemana en 1989.<\/p>\n<p>La novela que tuvo ventas millonarias, dio pie a esta excelente adaptaci\u00f3n televisiva \u00a0y que arras\u00f3 en los premios televisivos alemanes el a\u00f1o 2013, copando todos los premios en el capitulo de minis\u00e9ries, y pensamos que es una magnifica oportunidad para hablar por primera vez en nuestro apartado de series remotas, de un producto alem\u00e1n de calidad que no se ha estrenado en nuestro pa\u00eds, la magnifica Der Turm.<\/p>\n<p><strong><a href=\"\/series-gourmets\/wp-content\/uploads\/sites\/37\/2014\/09\/Der_Turm-e1410946181536.jpg\"><img loading=\"lazy\" class=\"aligncenter size-full wp-image-2852\" title=\"Der_Turm\" src=\"\/series-gourmets\/wp-content\/uploads\/sites\/37\/2014\/09\/Der_Turm-e1410946181536.jpg\" alt=\"\" width=\"540\" height=\"678\" srcset=\"https:\/\/static-blogs.diariovasco.com\/wp-content\/uploads\/sites\/37\/2014\/09\/Der_Turm-e1410946181536.jpg 540w, https:\/\/static-blogs.diariovasco.com\/wp-content\/uploads\/sites\/37\/2014\/09\/Der_Turm-e1410946181536-239x300.jpg 239w\" sizes=\"(max-width: 540px) 100vw, 540px\" \/><\/a>Ficha:<\/strong> Der Turm 2 episodios 90 min .\u00a0\u00a0 Oct 2012 <strong>Idioma:<\/strong> Alem\u00e1n ARD (D)<\/p>\n<p><strong>La trama :<\/strong> La familia Hoffman. formada por un prestigioso cirujano, su mujer enfermera y su hijo, estudiante de medicina que quiere seguir los pasos de su padre, habita en una villa mas lujosas de Dresde, en las colinas que dominan el rio Elba. La familia pertenece a la &#8216;aristocracia&#8217; socialista de la Rep\u00fablica Democr\u00e1tica Alemana, pero sin estar convencidos o adoctrinados mas de lo necesario y sin pertenecer al n\u00facleo duro del Partido Comunista de Eric Honnecker.<\/p>\n<p><a href=\"\/series-gourmets\/wp-content\/uploads\/sites\/37\/2014\/09\/familia-e1410946197821.jpg\"><img loading=\"lazy\" class=\"aligncenter size-full wp-image-2853\" title=\"familia\" src=\"\/series-gourmets\/wp-content\/uploads\/sites\/37\/2014\/09\/familia-e1410946197821.jpg\" alt=\"\" width=\"540\" height=\"360\" srcset=\"https:\/\/static-blogs.diariovasco.com\/wp-content\/uploads\/sites\/37\/2014\/09\/familia-e1410946197821.jpg 540w, https:\/\/static-blogs.diariovasco.com\/wp-content\/uploads\/sites\/37\/2014\/09\/familia-e1410946197821-300x200.jpg 300w\" sizes=\"(max-width: 540px) 100vw, 540px\" \/><\/a>La historia comienza en las Navidades del a\u00f1o 1983, cuando las \u00e9lites intelectuales, empiezan a notar los primeros s\u00edntomas de debilidad en el sistema autocr\u00e1tico de la RDA, y la polic\u00eda secreta STASI, descubre un secreto de nuestro doctor, que aprovechan para hacerle chantaje y convertirlo en un informante so pena de perder todos sus privilegios laborales, sociales y familiares. El trailer es un claro ejemplo de \u00a0este planteamiento.<br \/>\n<iframe loading=\"lazy\" src=\"\/\/www.youtube.com\/embed\/-K53m5-dxyg\" frameborder=\"0\" width=\"560\" height=\"315\"><\/iframe><br \/>\nLa historia nos muestra la desintegraci\u00f3n de la vida familiar y laboral de este doctor, que acaba arrastrando a su familia con \u00e9l, en el descenso a los infiernos reservado a aquellas personas que no demostraban su adhesi\u00f3n inquebrantable al r\u00e9gimen comunista asfixiante de ese pa\u00eds o que eran demasiado tibios pol\u00edticamente desde su punto de vista.<\/p>\n<p>Dicho proceso se produce en paralelo al del r\u00e9gimen pol\u00edtico de la RDA, que vemos como se dirige hacia su propia autodestrucci\u00f3n y colapso, ejemplificado con la apertura de fronteras con Hungr\u00eda y las grandes manifestaciones de \u00a01989.<\/p>\n<p>La serie tiene una factura excelente y con unos actores magn\u00edficos, en especial Jan Josef Liebers, en el papel central del doctor que ejemplica en su persona todos los males que aquejan a la RDA, mentiras, corrupci\u00f3n, enga\u00f1os, etc. \u00a0Todos los personajes evolucionan y mucho en los seis a\u00f1os en los que transcurre la miniserie y nos muestran diferentes aspectos de todos los estamentos del aparato socialista aleman, desde el militar al de la oposici\u00f3n al r\u00e9gimen, culminando en un final muy emotivo y que da un excelente cierre a la historia.<\/p>\n<p>El problema principal es que la serie se encuentra unicamente en su idioma original el alem\u00e1n, que es como la he visto, ya que no he encontrado subt\u00edtulos en ninguna lengua, excepto el ruso o el b\u00falgaro. El DVD que se edit\u00f3 en Alemania no tiene subt\u00edtulos excepto en alem\u00e1n para sordos, y por ello pienso que es una buena oportunidad para aquellos de ustedes que est\u00e9n interesados, lo pidan a los subtituladores voluntarios que pueblan la red y que siempre buscan series de calidad para subtitular. Me consta que el articulo en este post de Redfern Now, fue el detonante de su traducci\u00f3n al castellano y esta puede ser otra oportunidad para conseguirlo.<\/p>\n<p><strong>Epilogo:<\/strong><br \/>\nEl \u00e9xito tanto del libro como de la miniserie, ha propiciado que la preciosa ciudad de Dresde, haya establecido un tour cultural guiado, donde se muestran los escenarios tanto del libro como de los lugares de \u00a0filmaci\u00f3n de \u00a0la serie y que como pueden ver en el siguiente v\u00eddeo tienen un gran seguimiento e inter\u00e9s por parte de los turistas alemanes.<br \/>\n<iframe loading=\"lazy\" src=\"\/\/www.youtube.com\/embed\/1LIO5AcBwl0\" frameborder=\"0\" width=\"560\" height=\"315\"><\/iframe><br \/>\nDer Turm es una serie excelente, que describe de forma muy detallada los \u00faltimos a\u00f1os del r\u00e9gimen pol\u00edtico de la RDA y que espero que si se realizan los subt\u00edtulos en nuestra lengua, puedan disfrutar de un magnifico relato de nuestra historia reciente, que le va a poner los pelos de punta en mas de una ocasi\u00f3n.<\/p>\n<p>Esperamos sus opiniones y comentarios, aqu\u00ed o en nuestra cuenta de twitter (@jefoce) y (@lmejino). Hasta la pr\u00f3xima<\/p>\n<p>Mikel Madinabeitia\/ Lorenzo Mejino<\/p>\n<!-- AddThis Advanced Settings generic via filter on the_content --><!-- AddThis Share Buttons generic via filter on the_content -->","protected":false},"excerpt":{"rendered":"<p>Der Turm ( La Torre) es la adaptaci\u00f3n televisiva en formato de miniserie de 2 cap\u00edtulos, de la novela de Uwe Tellkamp, publicada en 2008, que explica a trav\u00e9s de una familia, el proceso de desintegraci\u00f3n de la Rep\u00fablica Democr\u00e1tica Alemana, desde el a\u00f1o 1983, hasta el inicio del proceso de la reunificaci\u00f3n alemana en [&hellip;]<!-- AddThis Advanced Settings generic via filter on get_the_excerpt --><!-- AddThis Share Buttons generic via filter on get_the_excerpt --><\/p>\n","protected":false},"author":61,"featured_media":0,"comment_status":"open","ping_status":"closed","sticky":false,"template":"","format":"standard","meta":[],"categories":[27,8,32,17],"tags":[742,1243],"_links":{"self":[{"href":"https:\/\/blogs.diariovasco.com\/series-gourmets\/wp-json\/wp\/v2\/posts\/2851"}],"collection":[{"href":"https:\/\/blogs.diariovasco.com\/series-gourmets\/wp-json\/wp\/v2\/posts"}],"about":[{"href":"https:\/\/blogs.diariovasco.com\/series-gourmets\/wp-json\/wp\/v2\/types\/post"}],"author":[{"embeddable":true,"href":"https:\/\/blogs.diariovasco.com\/series-gourmets\/wp-json\/wp\/v2\/users\/61"}],"replies":[{"embeddable":true,"href":"https:\/\/blogs.diariovasco.com\/series-gourmets\/wp-json\/wp\/v2\/comments?post=2851"}],"version-history":[{"count":0,"href":"https:\/\/blogs.diariovasco.com\/series-gourmets\/wp-json\/wp\/v2\/posts\/2851\/revisions"}],"wp:attachment":[{"href":"https:\/\/blogs.diariovasco.com\/series-gourmets\/wp-json\/wp\/v2\/media?parent=2851"}],"wp:term":[{"taxonomy":"category","embeddable":true,"href":"https:\/\/blogs.diariovasco.com\/series-gourmets\/wp-json\/wp\/v2\/categories?post=2851"},{"taxonomy":"post_tag","embeddable":true,"href":"https:\/\/blogs.diariovasco.com\/series-gourmets\/wp-json\/wp\/v2\/tags?post=2851"}],"curies":[{"name":"wp","href":"https:\/\/api.w.org\/{rel}","templated":true}]}}