{"id":28590,"date":"2026-08-31T06:00:35","date_gmt":"2026-08-31T05:00:35","guid":{"rendered":"https:\/\/blogs.diariovasco.com\/series-gourmets\/?p=28590"},"modified":"2026-08-30T08:51:44","modified_gmt":"2026-08-30T07:51:44","slug":"el-hombre-vapor-japon-un-implacable-supervillano-retro","status":"publish","type":"post","link":"https:\/\/blogs.diariovasco.com\/series-gourmets\/2026\/08\/31\/el-hombre-vapor-japon-un-implacable-supervillano-retro\/","title":{"rendered":"El Hombre Vapor ( Jap\u00f3n)  : un implacable supervillano retro"},"content":{"rendered":"<p>La ambientaci\u00f3n retro en el terreno de los superh\u00e9roes est\u00e1 comenzando a ser una cierta tendencia tras el estreno de <a href=\"https:\/\/blogs.diariovasco.com\/series-gourmets\/2026\/07\/15\/spider-noir-nicholas-cage-en-modo-aracnido\/\">\u2018Spider Noir\u2019<\/a> a la que se une desde el otro extremo del mundo, \u2018El Hombre Vapor\u2019 una muy curiosa adaptaci\u00f3n coreano-japonesa de una pel\u00edcula de culto japonesa de 1960.<\/p>\n<p>La uni\u00f3n del poderoso estudio japones Toho (creador de mitos como Godzilla, Ultramon o Doraemon) con el gran creador coreano Yeon Sang-ho ( Tren a Busan, Hellbound) para producir series, ha empezado por rescatar a este hombre vapor, un personaje atormentado que solo desea cobrarse venganza de los responsables de su transformaci\u00f3n et\u00e9rea.<\/p>\n<p>El resultado es ideal para los amantes del cine fant\u00e1stico de bajo presupuesto con una buena historia reforzada por unos efectos especiales que le dan un aspecto retro que me ha encantado de principio a fin.<\/p>\n<p><img loading=\"lazy\" decoding=\"async\" class=\"aligncenter size-full wp-image-28592\" src=\"https:\/\/blogs.diariovasco.com\/series-gourmets\/wp-content\/uploads\/sites\/37\/2026\/08\/general-4.jpg\" alt=\"\" width=\"1920\" height=\"878\" srcset=\"https:\/\/blogs.diariovasco.com\/series-gourmets\/wp-content\/uploads\/sites\/37\/2026\/08\/general-4.jpg 1920w, https:\/\/blogs.diariovasco.com\/series-gourmets\/wp-content\/uploads\/sites\/37\/2026\/08\/general-4-300x137.jpg 300w, https:\/\/blogs.diariovasco.com\/series-gourmets\/wp-content\/uploads\/sites\/37\/2026\/08\/general-4-628x287.jpg 628w, https:\/\/blogs.diariovasco.com\/series-gourmets\/wp-content\/uploads\/sites\/37\/2026\/08\/general-4-768x351.jpg 768w, https:\/\/blogs.diariovasco.com\/series-gourmets\/wp-content\/uploads\/sites\/37\/2026\/08\/general-4-1536x702.jpg 1536w\" sizes=\"auto, (max-width: 1920px) 100vw, 1920px\" \/><\/p>\n<p><strong>Ficha:<\/strong> El Hombre Vapor 8 ep 50 min jul 2026 <strong>Cadena:<\/strong> Netflix ( J\/KOR) \/ E)<\/p>\n<p><strong>La trama:<\/strong><\/p>\n<p>En el transcurso de un programa televisivo en directo, en el que participa el prestigioso profesor Sano, un ente en forma de vapor se cuela en la emisi\u00f3n y hace estallar en directo al cient\u00edfico, cundiendo el p\u00e1nico entre los espectadores.<\/p>\n<p>La alarma social hace que tanto la polic\u00eda como la prensa decidan investigar el caso de forma independiente pero la casualidad hace que dos ex-amantes: el detective Kenji Okamoto y la reportera Kyoto Kano, sean los encargados de indagar por su cuenta, como adelanta el primer teaser de \u2018El Hombre Vapor\u2019<\/p>\n<p><iframe loading=\"lazy\" title=\"Human Vapor | Official Teaser | Netflix\" width=\"500\" height=\"281\" src=\"https:\/\/www.youtube.com\/embed\/2bQM0J4hGeE?feature=oembed\" frameborder=\"0\" allow=\"accelerometer; autoplay; clipboard-write; encrypted-media; gyroscope; picture-in-picture; web-share\" referrerpolicy=\"strict-origin-when-cross-origin\" allowfullscreen><\/iframe><\/p>\n<p>La relaci\u00f3n entre ambos es tirante tras haber sido rechazado Kenji por parte de Kyoko, al cortar la relaci\u00f3n poco antes de formalizar su compromiso.<\/p>\n<p>El misterio empieza a desvelarse cuando Kyoko consigue una entrevista clandestina con Ren, un hombre misterioso que puede vaporizarse a su voluntad. En esa charla el hombre le confiesa haber sido el causante del primer asesinato y anuncia su deseo de continuar su venganza asesinando a todas las personas responsables de un lugar llamado \u2018The White Center&#8217;, a los que considera culpables de su maldici\u00f3n.<\/p>\n<p>Mediante el uso de flashbacks , vemos como en ese &#8216;White Center&#8217;, Ren, fue sometido a una serie de experimentos que derivaron en esa vaporizaci\u00f3n que le tiene atormentado desde entonces.<\/p>\n<p>\u2018El Hombre Vapor\u2019 es un juego del gato y el rat\u00f3n entre ese supervillano vaporoso que va matando poco a poco a los responsables, mientras que tanto el detective como la reportera intentan detenerlo antes de que sea demasiado tarde.<\/p>\n<p>En paralelo tenemos las tramas personales del pasado de ambos perseguidores, relacionadas con la Yakuza que tambi\u00e9n jug\u00f3 un papel importante en ese misterioso \u2018White Center\u2019 mientras\u00a0 van estrechando el cerco poco a poco y\u00a0 por todos los lados, adem\u00e1s de ir reestableciendo su propia relaci\u00f3n personal.<\/p>\n<p>El desarrollo de la historia se permite ciertas licencias fant\u00e1sticas e incluso humor\u00edsticas con la presencia de dos hermanos streamers que tienen una webserie de terror y que empiezan a perseguir por su cuenta al hombre vapor, mientras se dedican a crear contenidos como este delirante videoclip de idols japonesas, cuyo &#8216;making of&#8217; pueden ver a continuaci\u00f3n.<\/p>\n<p><iframe loading=\"lazy\" title=\"\ud83d\udd25 Gas Human &quot;Dream Succubus&quot; MV Making Of | Aoi Morikawa Behind The Scenes \ud83d\ude31 | Netflix Japan\" width=\"500\" height=\"281\" src=\"https:\/\/www.youtube.com\/embed\/8Q6JIjd9n7g?feature=oembed\" frameborder=\"0\" allow=\"accelerometer; autoplay; clipboard-write; encrypted-media; gyroscope; picture-in-picture; web-share\" referrerpolicy=\"strict-origin-when-cross-origin\" allowfullscreen><\/iframe><\/p>\n<p>La buena mano de su creador Yeon Sang-Ho ( Tren a Busan, Hellbound) en este tipo de historias de corte fant\u00e1stico es evidente desde el principio, desvelando las muchas capas que oculta cada personaje y en especial el atormentado Ren, al que da vida el popular cantante, modelo e idol japon\u00e9s, conocido como UTA (foto inf)<\/p>\n<p><img loading=\"lazy\" decoding=\"async\" class=\"aligncenter size-full wp-image-28594\" src=\"https:\/\/blogs.diariovasco.com\/series-gourmets\/wp-content\/uploads\/sites\/37\/2026\/08\/UTA.jpg\" alt=\"\" width=\"1920\" height=\"1022\" srcset=\"https:\/\/blogs.diariovasco.com\/series-gourmets\/wp-content\/uploads\/sites\/37\/2026\/08\/UTA.jpg 1920w, https:\/\/blogs.diariovasco.com\/series-gourmets\/wp-content\/uploads\/sites\/37\/2026\/08\/UTA-300x160.jpg 300w, https:\/\/blogs.diariovasco.com\/series-gourmets\/wp-content\/uploads\/sites\/37\/2026\/08\/UTA-628x334.jpg 628w, https:\/\/blogs.diariovasco.com\/series-gourmets\/wp-content\/uploads\/sites\/37\/2026\/08\/UTA-768x409.jpg 768w, https:\/\/blogs.diariovasco.com\/series-gourmets\/wp-content\/uploads\/sites\/37\/2026\/08\/UTA-1536x818.jpg 1536w\" sizes=\"auto, (max-width: 1920px) 100vw, 1920px\" \/><\/p>\n<p>Los dos protagonistas est\u00e1n encarnados por dos conocidos actores japoneses como Shun Oguri, como el detective y Yu Aoi como la reportera.<\/p>\n<p>Oguri ha destacado en el cine hasta punto de saltar a Hollywood en \u2018Godzilla vs Kong\u2019 y en televisi\u00f3n me encant\u00f3 en <a href=\"https:\/\/blogs.diariovasco.com\/series-gourmets\/2022\/01\/03\/mis-mejores-series-mundiales-no-europeas-de-2021-estrenadas-en-espana\/\">\u2018El Hundimento de Jap\u00f3n\u2019<\/a> y en esta ocasi\u00f3n est\u00e1 impecable como un polic\u00eda con muchos frentes abiertos pero que antepone su deber por encima de todo.<\/p>\n<p><img loading=\"lazy\" decoding=\"async\" class=\"aligncenter size-full wp-image-28593\" src=\"https:\/\/blogs.diariovasco.com\/series-gourmets\/wp-content\/uploads\/sites\/37\/2026\/08\/pareja-prota.jpg\" alt=\"\" width=\"750\" height=\"420\" srcset=\"https:\/\/blogs.diariovasco.com\/series-gourmets\/wp-content\/uploads\/sites\/37\/2026\/08\/pareja-prota.jpg 750w, https:\/\/blogs.diariovasco.com\/series-gourmets\/wp-content\/uploads\/sites\/37\/2026\/08\/pareja-prota-300x168.jpg 300w, https:\/\/blogs.diariovasco.com\/series-gourmets\/wp-content\/uploads\/sites\/37\/2026\/08\/pareja-prota-628x352.jpg 628w\" sizes=\"auto, (max-width: 750px) 100vw, 750px\" \/>Yu Aoi tiene una largu\u00edsima carrera tanto en cine como en televisi\u00f3n, destacando como una de las cuatro hermanas de <a href=\"https:\/\/blogs.diariovasco.com\/series-gourmets\/2025\/02\/10\/asura-japon-cuatro-hermanas-bajo-el-prisma-del-gran-kore-eda\/\">\u2018Asura\u2019<\/a> la preciosista serie de Kore-eda. Su personaje de brillante reportera es m\u00e1s lineal que el de su compa\u00f1ero, al no tener tantos frentes abiertos, excepto las razones de su ruptura.<\/p>\n<p>Si les gustan, como en mi caso, este tipo de historias de corte fant\u00e1stico retro, \u2018El Hombre vapor\u2019 le puede encantar con ese gran supervillano atormentado y atrapado en esa perpetua temperatura de ebullici\u00f3n del agua, hasta llegar a un gran final de su 1T, con un excelente hilo para poder continuar.<\/p>\n<p>Al tenerla disponible f\u00e1cilmente a un golpe de click en Netflix, les voy a dejar con el tr\u00e1iler oficial de su estreno.<\/p>\n<p><iframe loading=\"lazy\" title=\"Human Vapor | Official Trailer | Netflix\" width=\"500\" height=\"281\" src=\"https:\/\/www.youtube.com\/embed\/7xe6dRKVAb8?feature=oembed\" frameborder=\"0\" allow=\"accelerometer; autoplay; clipboard-write; encrypted-media; gyroscope; picture-in-picture; web-share\" referrerpolicy=\"strict-origin-when-cross-origin\" allowfullscreen><\/iframe><\/p>\n<p>Espero sus opiniones y comentarios, aqu\u00ed o en mi cuenta de X (@lmejino), o en BlueSky ( @lmejino.bsky.social )<\/p>\n<p>Lorenzo Mejino<\/p>\n<!-- AddThis Advanced Settings generic via filter on the_content --><!-- AddThis Share Buttons generic via filter on the_content -->","protected":false},"excerpt":{"rendered":"<p>La ambientaci\u00f3n retro en el terreno de los superh\u00e9roes est\u00e1 comenzando a ser una cierta tendencia tras el estreno de \u2018Spider Noir\u2019 a la que se une desde el otro extremo del mundo, \u2018El Hombre Vapor\u2019 una muy curiosa adaptaci\u00f3n coreano-japonesa de una pel\u00edcula de culto japonesa de 1960. La uni\u00f3n del poderoso estudio japones [&hellip;]<!-- AddThis Advanced Settings generic via filter on get_the_excerpt --><!-- AddThis Share Buttons generic via filter on get_the_excerpt --><\/p>\n","protected":false},"author":61,"featured_media":28591,"comment_status":"open","ping_status":"closed","sticky":false,"template":"","format":"standard","meta":{"footnotes":""},"categories":[23,5,7,12,17],"tags":[11430,11431,11432,5574,10111],"class_list":["post-28590","post","type-post","status-publish","format-standard","has-post-thumbnail","hentry","category-ciencia-ficcion","category-drama","category-fantasticas","category-policiacas","category-series-remotas","tag-el-hombre-vapor","tag-shun-oguri","tag-uta","tag-yeon-sang-hoo","tag-yu-aoi"],"yoast_head":"<!-- This site is optimized with the Yoast SEO plugin v27.2 - https:\/\/yoast.com\/product\/yoast-seo-wordpress\/ -->\n<title>El Hombre Vapor ( Jap\u00f3n) : un implacable supervillano retro - Series para gourmets<\/title>\n<meta name=\"robots\" content=\"index, follow, max-snippet:-1, max-image-preview:large, max-video-preview:-1\" \/>\n<link rel=\"canonical\" href=\"https:\/\/blogs.diariovasco.com\/series-gourmets\/2026\/08\/31\/el-hombre-vapor-japon-un-implacable-supervillano-retro\/\" \/>\n<meta property=\"og:locale\" content=\"en_US\" \/>\n<meta property=\"og:type\" content=\"article\" \/>\n<meta property=\"og:title\" content=\"El Hombre Vapor ( Jap\u00f3n) : un implacable supervillano retro - Series para gourmets\" \/>\n<meta property=\"og:description\" content=\"La ambientaci\u00f3n retro en el terreno de los superh\u00e9roes est\u00e1 comenzando a ser una cierta tendencia tras el estreno de \u2018Spider Noir\u2019 a la que se une desde el otro extremo del mundo, \u2018El Hombre Vapor\u2019 una muy curiosa adaptaci\u00f3n coreano-japonesa de una pel\u00edcula de culto japonesa de 1960. La uni\u00f3n del poderoso estudio japones [&hellip;]\" \/>\n<meta property=\"og:url\" content=\"https:\/\/blogs.diariovasco.com\/series-gourmets\/2026\/08\/31\/el-hombre-vapor-japon-un-implacable-supervillano-retro\/\" \/>\n<meta property=\"og:site_name\" content=\"Series para gourmets\" \/>\n<meta property=\"article:published_time\" content=\"2026-08-31T05:00:35+00:00\" \/>\n<meta property=\"og:image\" content=\"https:\/\/blogs.diariovasco.com\/series-gourmets\/wp-content\/uploads\/sites\/37\/2026\/08\/destacada2.jpg\" \/>\n\t<meta property=\"og:image:width\" content=\"1920\" \/>\n\t<meta property=\"og:image:height\" content=\"1080\" \/>\n\t<meta property=\"og:image:type\" content=\"image\/jpeg\" \/>\n<meta name=\"author\" content=\"Lorenzo Mejino\" \/>\n<meta name=\"twitter:card\" content=\"summary_large_image\" \/>\n<meta name=\"twitter:creator\" content=\"@https:\/\/twitter.com\/lmejino\" \/>\n<meta name=\"twitter:label1\" content=\"Written by\" \/>\n\t<meta name=\"twitter:data1\" content=\"Lorenzo Mejino\" \/>\n\t<meta name=\"twitter:label2\" content=\"Est. reading time\" \/>\n\t<meta name=\"twitter:data2\" content=\"5 minutes\" \/>\n<script type=\"application\/ld+json\" class=\"yoast-schema-graph\">{\"@context\":\"https:\/\/schema.org\",\"@graph\":[{\"@type\":\"Article\",\"@id\":\"https:\/\/blogs.diariovasco.com\/series-gourmets\/2026\/08\/31\/el-hombre-vapor-japon-un-implacable-supervillano-retro\/#article\",\"isPartOf\":{\"@id\":\"https:\/\/blogs.diariovasco.com\/series-gourmets\/2026\/08\/31\/el-hombre-vapor-japon-un-implacable-supervillano-retro\/\"},\"author\":{\"name\":\"Lorenzo Mejino\",\"@id\":\"https:\/\/blogs.diariovasco.com\/series-gourmets\/#\/schema\/person\/da56769d3fbfc3b30239e2cd8e5a6d63\"},\"headline\":\"El Hombre Vapor ( Jap\u00f3n) : un implacable supervillano retro\",\"datePublished\":\"2026-08-31T05:00:35+00:00\",\"mainEntityOfPage\":{\"@id\":\"https:\/\/blogs.diariovasco.com\/series-gourmets\/2026\/08\/31\/el-hombre-vapor-japon-un-implacable-supervillano-retro\/\"},\"wordCount\":851,\"commentCount\":0,\"image\":{\"@id\":\"https:\/\/blogs.diariovasco.com\/series-gourmets\/2026\/08\/31\/el-hombre-vapor-japon-un-implacable-supervillano-retro\/#primaryimage\"},\"thumbnailUrl\":\"https:\/\/blogs.diariovasco.com\/series-gourmets\/wp-content\/uploads\/sites\/37\/2026\/08\/destacada2.jpg\",\"keywords\":[\"El Hombre Vapor\",\"Shun Oguri\",\"UTA\",\"Yeon Sang-Hoo\",\"Yu Aoi\"],\"articleSection\":[\"Ciencia ficci\u00f3n\",\"drama\",\"Fant\u00e1sticas\",\"Policiacas\",\"Series remotas\"],\"inLanguage\":\"en-US\",\"potentialAction\":[{\"@type\":\"CommentAction\",\"name\":\"Comment\",\"target\":[\"https:\/\/blogs.diariovasco.com\/series-gourmets\/2026\/08\/31\/el-hombre-vapor-japon-un-implacable-supervillano-retro\/#respond\"]}]},{\"@type\":\"WebPage\",\"@id\":\"https:\/\/blogs.diariovasco.com\/series-gourmets\/2026\/08\/31\/el-hombre-vapor-japon-un-implacable-supervillano-retro\/\",\"url\":\"https:\/\/blogs.diariovasco.com\/series-gourmets\/2026\/08\/31\/el-hombre-vapor-japon-un-implacable-supervillano-retro\/\",\"name\":\"El Hombre Vapor ( Jap\u00f3n) : un implacable supervillano retro - Series para gourmets\",\"isPartOf\":{\"@id\":\"https:\/\/blogs.diariovasco.com\/series-gourmets\/#website\"},\"primaryImageOfPage\":{\"@id\":\"https:\/\/blogs.diariovasco.com\/series-gourmets\/2026\/08\/31\/el-hombre-vapor-japon-un-implacable-supervillano-retro\/#primaryimage\"},\"image\":{\"@id\":\"https:\/\/blogs.diariovasco.com\/series-gourmets\/2026\/08\/31\/el-hombre-vapor-japon-un-implacable-supervillano-retro\/#primaryimage\"},\"thumbnailUrl\":\"https:\/\/blogs.diariovasco.com\/series-gourmets\/wp-content\/uploads\/sites\/37\/2026\/08\/destacada2.jpg\",\"datePublished\":\"2026-08-31T05:00:35+00:00\",\"author\":{\"@id\":\"https:\/\/blogs.diariovasco.com\/series-gourmets\/#\/schema\/person\/da56769d3fbfc3b30239e2cd8e5a6d63\"},\"breadcrumb\":{\"@id\":\"https:\/\/blogs.diariovasco.com\/series-gourmets\/2026\/08\/31\/el-hombre-vapor-japon-un-implacable-supervillano-retro\/#breadcrumb\"},\"inLanguage\":\"en-US\",\"potentialAction\":[{\"@type\":\"ReadAction\",\"target\":[\"https:\/\/blogs.diariovasco.com\/series-gourmets\/2026\/08\/31\/el-hombre-vapor-japon-un-implacable-supervillano-retro\/\"]}]},{\"@type\":\"ImageObject\",\"inLanguage\":\"en-US\",\"@id\":\"https:\/\/blogs.diariovasco.com\/series-gourmets\/2026\/08\/31\/el-hombre-vapor-japon-un-implacable-supervillano-retro\/#primaryimage\",\"url\":\"https:\/\/blogs.diariovasco.com\/series-gourmets\/wp-content\/uploads\/sites\/37\/2026\/08\/destacada2.jpg\",\"contentUrl\":\"https:\/\/blogs.diariovasco.com\/series-gourmets\/wp-content\/uploads\/sites\/37\/2026\/08\/destacada2.jpg\",\"width\":1920,\"height\":1080},{\"@type\":\"BreadcrumbList\",\"@id\":\"https:\/\/blogs.diariovasco.com\/series-gourmets\/2026\/08\/31\/el-hombre-vapor-japon-un-implacable-supervillano-retro\/#breadcrumb\",\"itemListElement\":[{\"@type\":\"ListItem\",\"position\":1,\"name\":\"Home\",\"item\":\"https:\/\/blogs.diariovasco.com\/series-gourmets\/\"},{\"@type\":\"ListItem\",\"position\":2,\"name\":\"El Hombre Vapor ( Jap\u00f3n) : un implacable supervillano retro\"}]},{\"@type\":\"WebSite\",\"@id\":\"https:\/\/blogs.diariovasco.com\/series-gourmets\/#website\",\"url\":\"https:\/\/blogs.diariovasco.com\/series-gourmets\/\",\"name\":\"Series para gourmets\",\"description\":\"Propuestas para su men\u00fa televisivo\",\"potentialAction\":[{\"@type\":\"SearchAction\",\"target\":{\"@type\":\"EntryPoint\",\"urlTemplate\":\"https:\/\/blogs.diariovasco.com\/series-gourmets\/?s={search_term_string}\"},\"query-input\":{\"@type\":\"PropertyValueSpecification\",\"valueRequired\":true,\"valueName\":\"search_term_string\"}}],\"inLanguage\":\"en-US\"},{\"@type\":\"Person\",\"@id\":\"https:\/\/blogs.diariovasco.com\/series-gourmets\/#\/schema\/person\/da56769d3fbfc3b30239e2cd8e5a6d63\",\"name\":\"Lorenzo Mejino\",\"image\":{\"@type\":\"ImageObject\",\"inLanguage\":\"en-US\",\"@id\":\"https:\/\/secure.gravatar.com\/avatar\/f1b8e233b7c252129e0ef7b19d8cc6ba9504a5eb94c6090f63c17430391df4ca?s=96&d=mm&r=g\",\"url\":\"https:\/\/secure.gravatar.com\/avatar\/f1b8e233b7c252129e0ef7b19d8cc6ba9504a5eb94c6090f63c17430391df4ca?s=96&d=mm&r=g\",\"contentUrl\":\"https:\/\/secure.gravatar.com\/avatar\/f1b8e233b7c252129e0ef7b19d8cc6ba9504a5eb94c6090f63c17430391df4ca?s=96&d=mm&r=g\",\"caption\":\"Lorenzo Mejino\"},\"description\":\"Series para gourmets nace con la pretensi\u00f3n de ayudar a personalizar su men\u00fa televisivo con el panorama mundial de series. Cada lunes hablaremos de series remotas ni estadounidenses ni brit\u00e1nicas, no estrenadas en nuestro pa\u00eds. Cada mi\u00e9rcoles de series actuales estrenadas aqu\u00ed y los viernes recordamos series del pasado de la televisi\u00f3n\",\"sameAs\":[\"https:\/\/x.com\/https:\/\/twitter.com\/lmejino\"],\"url\":\"https:\/\/blogs.diariovasco.com\/series-gourmets\/author\/bouvier\/\"}]}<\/script>\n<!-- \/ Yoast SEO plugin. -->","yoast_head_json":{"title":"El Hombre Vapor ( Jap\u00f3n) : un implacable supervillano retro - Series para gourmets","robots":{"index":"index","follow":"follow","max-snippet":"max-snippet:-1","max-image-preview":"max-image-preview:large","max-video-preview":"max-video-preview:-1"},"canonical":"https:\/\/blogs.diariovasco.com\/series-gourmets\/2026\/08\/31\/el-hombre-vapor-japon-un-implacable-supervillano-retro\/","og_locale":"en_US","og_type":"article","og_title":"El Hombre Vapor ( Jap\u00f3n) : un implacable supervillano retro - Series para gourmets","og_description":"La ambientaci\u00f3n retro en el terreno de los superh\u00e9roes est\u00e1 comenzando a ser una cierta tendencia tras el estreno de \u2018Spider Noir\u2019 a la que se une desde el otro extremo del mundo, \u2018El Hombre Vapor\u2019 una muy curiosa adaptaci\u00f3n coreano-japonesa de una pel\u00edcula de culto japonesa de 1960. La uni\u00f3n del poderoso estudio japones [&hellip;]","og_url":"https:\/\/blogs.diariovasco.com\/series-gourmets\/2026\/08\/31\/el-hombre-vapor-japon-un-implacable-supervillano-retro\/","og_site_name":"Series para gourmets","article_published_time":"2026-08-31T05:00:35+00:00","og_image":[{"width":1920,"height":1080,"url":"https:\/\/blogs.diariovasco.com\/series-gourmets\/wp-content\/uploads\/sites\/37\/2026\/08\/destacada2.jpg","type":"image\/jpeg"}],"author":"Lorenzo Mejino","twitter_card":"summary_large_image","twitter_creator":"@https:\/\/twitter.com\/lmejino","twitter_misc":{"Written by":"Lorenzo Mejino","Est. reading time":"5 minutes"},"schema":{"@context":"https:\/\/schema.org","@graph":[{"@type":"Article","@id":"https:\/\/blogs.diariovasco.com\/series-gourmets\/2026\/08\/31\/el-hombre-vapor-japon-un-implacable-supervillano-retro\/#article","isPartOf":{"@id":"https:\/\/blogs.diariovasco.com\/series-gourmets\/2026\/08\/31\/el-hombre-vapor-japon-un-implacable-supervillano-retro\/"},"author":{"name":"Lorenzo Mejino","@id":"https:\/\/blogs.diariovasco.com\/series-gourmets\/#\/schema\/person\/da56769d3fbfc3b30239e2cd8e5a6d63"},"headline":"El Hombre Vapor ( Jap\u00f3n) : un implacable supervillano retro","datePublished":"2026-08-31T05:00:35+00:00","mainEntityOfPage":{"@id":"https:\/\/blogs.diariovasco.com\/series-gourmets\/2026\/08\/31\/el-hombre-vapor-japon-un-implacable-supervillano-retro\/"},"wordCount":851,"commentCount":0,"image":{"@id":"https:\/\/blogs.diariovasco.com\/series-gourmets\/2026\/08\/31\/el-hombre-vapor-japon-un-implacable-supervillano-retro\/#primaryimage"},"thumbnailUrl":"https:\/\/blogs.diariovasco.com\/series-gourmets\/wp-content\/uploads\/sites\/37\/2026\/08\/destacada2.jpg","keywords":["El Hombre Vapor","Shun Oguri","UTA","Yeon Sang-Hoo","Yu Aoi"],"articleSection":["Ciencia ficci\u00f3n","drama","Fant\u00e1sticas","Policiacas","Series remotas"],"inLanguage":"en-US","potentialAction":[{"@type":"CommentAction","name":"Comment","target":["https:\/\/blogs.diariovasco.com\/series-gourmets\/2026\/08\/31\/el-hombre-vapor-japon-un-implacable-supervillano-retro\/#respond"]}]},{"@type":"WebPage","@id":"https:\/\/blogs.diariovasco.com\/series-gourmets\/2026\/08\/31\/el-hombre-vapor-japon-un-implacable-supervillano-retro\/","url":"https:\/\/blogs.diariovasco.com\/series-gourmets\/2026\/08\/31\/el-hombre-vapor-japon-un-implacable-supervillano-retro\/","name":"El Hombre Vapor ( Jap\u00f3n) : un implacable supervillano retro - Series para gourmets","isPartOf":{"@id":"https:\/\/blogs.diariovasco.com\/series-gourmets\/#website"},"primaryImageOfPage":{"@id":"https:\/\/blogs.diariovasco.com\/series-gourmets\/2026\/08\/31\/el-hombre-vapor-japon-un-implacable-supervillano-retro\/#primaryimage"},"image":{"@id":"https:\/\/blogs.diariovasco.com\/series-gourmets\/2026\/08\/31\/el-hombre-vapor-japon-un-implacable-supervillano-retro\/#primaryimage"},"thumbnailUrl":"https:\/\/blogs.diariovasco.com\/series-gourmets\/wp-content\/uploads\/sites\/37\/2026\/08\/destacada2.jpg","datePublished":"2026-08-31T05:00:35+00:00","author":{"@id":"https:\/\/blogs.diariovasco.com\/series-gourmets\/#\/schema\/person\/da56769d3fbfc3b30239e2cd8e5a6d63"},"breadcrumb":{"@id":"https:\/\/blogs.diariovasco.com\/series-gourmets\/2026\/08\/31\/el-hombre-vapor-japon-un-implacable-supervillano-retro\/#breadcrumb"},"inLanguage":"en-US","potentialAction":[{"@type":"ReadAction","target":["https:\/\/blogs.diariovasco.com\/series-gourmets\/2026\/08\/31\/el-hombre-vapor-japon-un-implacable-supervillano-retro\/"]}]},{"@type":"ImageObject","inLanguage":"en-US","@id":"https:\/\/blogs.diariovasco.com\/series-gourmets\/2026\/08\/31\/el-hombre-vapor-japon-un-implacable-supervillano-retro\/#primaryimage","url":"https:\/\/blogs.diariovasco.com\/series-gourmets\/wp-content\/uploads\/sites\/37\/2026\/08\/destacada2.jpg","contentUrl":"https:\/\/blogs.diariovasco.com\/series-gourmets\/wp-content\/uploads\/sites\/37\/2026\/08\/destacada2.jpg","width":1920,"height":1080},{"@type":"BreadcrumbList","@id":"https:\/\/blogs.diariovasco.com\/series-gourmets\/2026\/08\/31\/el-hombre-vapor-japon-un-implacable-supervillano-retro\/#breadcrumb","itemListElement":[{"@type":"ListItem","position":1,"name":"Home","item":"https:\/\/blogs.diariovasco.com\/series-gourmets\/"},{"@type":"ListItem","position":2,"name":"El Hombre Vapor ( Jap\u00f3n) : un implacable supervillano retro"}]},{"@type":"WebSite","@id":"https:\/\/blogs.diariovasco.com\/series-gourmets\/#website","url":"https:\/\/blogs.diariovasco.com\/series-gourmets\/","name":"Series para gourmets","description":"Propuestas para su men\u00fa televisivo","potentialAction":[{"@type":"SearchAction","target":{"@type":"EntryPoint","urlTemplate":"https:\/\/blogs.diariovasco.com\/series-gourmets\/?s={search_term_string}"},"query-input":{"@type":"PropertyValueSpecification","valueRequired":true,"valueName":"search_term_string"}}],"inLanguage":"en-US"},{"@type":"Person","@id":"https:\/\/blogs.diariovasco.com\/series-gourmets\/#\/schema\/person\/da56769d3fbfc3b30239e2cd8e5a6d63","name":"Lorenzo Mejino","image":{"@type":"ImageObject","inLanguage":"en-US","@id":"https:\/\/secure.gravatar.com\/avatar\/f1b8e233b7c252129e0ef7b19d8cc6ba9504a5eb94c6090f63c17430391df4ca?s=96&d=mm&r=g","url":"https:\/\/secure.gravatar.com\/avatar\/f1b8e233b7c252129e0ef7b19d8cc6ba9504a5eb94c6090f63c17430391df4ca?s=96&d=mm&r=g","contentUrl":"https:\/\/secure.gravatar.com\/avatar\/f1b8e233b7c252129e0ef7b19d8cc6ba9504a5eb94c6090f63c17430391df4ca?s=96&d=mm&r=g","caption":"Lorenzo Mejino"},"description":"Series para gourmets nace con la pretensi\u00f3n de ayudar a personalizar su men\u00fa televisivo con el panorama mundial de series. Cada lunes hablaremos de series remotas ni estadounidenses ni brit\u00e1nicas, no estrenadas en nuestro pa\u00eds. Cada mi\u00e9rcoles de series actuales estrenadas aqu\u00ed y los viernes recordamos series del pasado de la televisi\u00f3n","sameAs":["https:\/\/x.com\/https:\/\/twitter.com\/lmejino"],"url":"https:\/\/blogs.diariovasco.com\/series-gourmets\/author\/bouvier\/"}]}},"_links":{"self":[{"href":"https:\/\/blogs.diariovasco.com\/series-gourmets\/wp-json\/wp\/v2\/posts\/28590","targetHints":{"allow":["GET"]}}],"collection":[{"href":"https:\/\/blogs.diariovasco.com\/series-gourmets\/wp-json\/wp\/v2\/posts"}],"about":[{"href":"https:\/\/blogs.diariovasco.com\/series-gourmets\/wp-json\/wp\/v2\/types\/post"}],"author":[{"embeddable":true,"href":"https:\/\/blogs.diariovasco.com\/series-gourmets\/wp-json\/wp\/v2\/users\/61"}],"replies":[{"embeddable":true,"href":"https:\/\/blogs.diariovasco.com\/series-gourmets\/wp-json\/wp\/v2\/comments?post=28590"}],"version-history":[{"count":4,"href":"https:\/\/blogs.diariovasco.com\/series-gourmets\/wp-json\/wp\/v2\/posts\/28590\/revisions"}],"predecessor-version":[{"id":28904,"href":"https:\/\/blogs.diariovasco.com\/series-gourmets\/wp-json\/wp\/v2\/posts\/28590\/revisions\/28904"}],"wp:featuredmedia":[{"embeddable":true,"href":"https:\/\/blogs.diariovasco.com\/series-gourmets\/wp-json\/wp\/v2\/media\/28591"}],"wp:attachment":[{"href":"https:\/\/blogs.diariovasco.com\/series-gourmets\/wp-json\/wp\/v2\/media?parent=28590"}],"wp:term":[{"taxonomy":"category","embeddable":true,"href":"https:\/\/blogs.diariovasco.com\/series-gourmets\/wp-json\/wp\/v2\/categories?post=28590"},{"taxonomy":"post_tag","embeddable":true,"href":"https:\/\/blogs.diariovasco.com\/series-gourmets\/wp-json\/wp\/v2\/tags?post=28590"}],"curies":[{"name":"wp","href":"https:\/\/api.w.org\/{rel}","templated":true}]}}