{"id":2871,"date":"2014-09-23T07:00:52","date_gmt":"2014-09-23T06:00:52","guid":{"rendered":"http:\/\/blogs.diariovasco.com\/series-gourmets\/?p=2871"},"modified":"2014-09-23T07:00:52","modified_gmt":"2014-09-23T06:00:52","slug":"birraseries-donostia-la-primera-edicion-dentro-de-zinemaldia","status":"publish","type":"post","link":"https:\/\/blogs.diariovasco.com\/series-gourmets\/2014\/09\/23\/birraseries-donostia-la-primera-edicion-dentro-de-zinemaldia\/","title":{"rendered":"Birraseries Donostia: La primera edici\u00f3n dentro de Zinemaldia"},"content":{"rendered":"<p>Tras mucho esperar, por fin el fen\u00f3meno del BirraSeries se ha acercado a Donostia dentro del marco del Festival Internacional de Cine de San Sebastian.<\/p>\n<p>Aunque los aficionados a las series no tuvieron demasiado tiempo para ajustar las agendas y buscar la forma de encajar el BirraSeries con las proyecciones y actividades del Festival, muchos hicieron un esfuerzo extra para no perderse la visita a la ciudad del ansiado evento.<\/p>\n<p>Para esta ocasi\u00f3n BirraSeries desembarco con una alineaci\u00f3n de lujo en la ciudad ( de izquierda a derecha en la foto) : <strong>Marina Such<\/strong> (Autora de El diario de Mr. MacGuffin y co-fundadora del podcast Yo dispar\u00e9 a JR), <strong>Alberto Rey<\/strong> (autor del blog Asesino en Serie del diario El Mundo), <strong>Alberto Nahum Garc\u00eda<\/strong> (profesor de Comunicaci\u00f3n Audiovisual en la Universidad de Navarra y autor del blog Diamantes en Serie), <strong>Diego del Pozo<\/strong> (responsable de I+D Ficci\u00f3n de Atresmedia Televisi\u00f3n y autor de Carrusel de Series) y <strong>Miriam Lagoa<\/strong> (Movistar TV y responsable de los blogs Seri\u00e9filos\u00a0en Eldiario.es y En Terra de Series\u00a0 en Terra) compon\u00edan el equipo.<br \/>\nUna pena que a ultima hora no se les pudiera sumar <strong>Maril\u00f3 Garcia<\/strong> (Jefe de Secci\u00f3n en la revista Cinemania y autora del Blog Yonomeaburro) a la que esperamos poder ver por aqu\u00ed en alguna pr\u00f3xima edici\u00f3n.<\/p>\n<p><a href=\"\/series-gourmets\/wp-content\/uploads\/sites\/37\/2014\/09\/IMG_0579-e1411378279517.jpg\"><img loading=\"lazy\" class=\"aligncenter size-full wp-image-2872\" title=\"IMG_0579\" src=\"\/series-gourmets\/wp-content\/uploads\/sites\/37\/2014\/09\/IMG_0579-e1411378279517.jpg\" alt=\"\" width=\"540\" height=\"405\" srcset=\"https:\/\/static-blogs.diariovasco.com\/wp-content\/uploads\/sites\/37\/2014\/09\/IMG_0579-e1411378279517.jpg 540w, https:\/\/static-blogs.diariovasco.com\/wp-content\/uploads\/sites\/37\/2014\/09\/IMG_0579-e1411378279517-300x225.jpg 300w\" sizes=\"(max-width: 540px) 100vw, 540px\" \/><\/a>El encuentro consisti\u00f3 en una animada tertulia que gir\u00f3 sobre <strong>\u201cLa falsa frontera entre las Series de Televisi\u00f3n y el Cine\u201d<\/strong>. Un tema que parec\u00eda inevitable tocar, ya que desde el espacio Keler donde se celebraba ten\u00edamos una estupenda vista del Teatro Victoria Eugenia, el edificio mas emblem\u00e1tico del Zinemaldia junto con los cubos del Palacio Kursaal que quedaban no mucho mas lejos.<\/p>\n<p>En los primeros compases de la conversaci\u00f3n ya qued\u00f3 claro que se encontraban tantas similitudes como diferencias y que a pesar del trasvase constante que hay entre los dos medios, todav\u00eda hay muchas cosas que pueden aprender el uno de el otro.<\/p>\n<p>Se se\u00f1al\u00f3 que entre los cambios que se est\u00e1n produciendo y que acercan estos dos medios, es f\u00e1cil apreciar como el cine est\u00e1 adaptando el formato de serie televisiva siendo la mejor muestra las muchas sagas del genero \u201cYoung Adult\u201d como \u2018Los Juegos del Hambre\u2019 o la saga de \u2018El Corredor del Laberinto\u2019 que estrenar\u00e1 pr\u00f3ximamente la primera pel\u00edcula de la saga y que casi se podr\u00eda tomar como el piloto o primer episodio de una serie que se prolongar\u00e1 en las salas durante los pr\u00f3ximos a\u00f1os.<\/p>\n<p>Otro ejemplo de como el cine esta copiando el sistema epis\u00f3dico de la televisi\u00f3n seria lo que est\u00e1 haciendo Disney con la marca Marvel trasladando su universo a la gran pantalla en diferentes pel\u00edculas a modo de cap\u00edtulos que abarcan una gran historia y que no podr\u00eda contarse de otra manera en salas de cine, pero que si podr\u00eda convertirse f\u00e1cilmente en una serie de televisi\u00f3n.<\/p>\n<p>Desde la televisi\u00f3n tambi\u00e9n se est\u00e1n tomando ideas prestadas del s\u00e9ptimo arte. Viendo como se combinan los blockbusters veraniegos con cintas mucho mas modestas de corte independiente, en la peque\u00f1a pantalla se est\u00e1 buscando ese mismo publico potencial desde peque\u00f1os canales como Sundance Channel que ha creado \u2018The Red Road\u2019 o \u2018Rectify\u2019 y que cuentan con tramas que se podr\u00edan condensar en pel\u00edculas que fascinar\u00edan en festivales de todo el mundo.<\/p>\n<p>Precisamente esa proliferaci\u00f3n de nuevos canales esta permitiendo que se creen productos que no intentan llegar al m\u00e1ximo numero de espectadores posibles pero que si buscan un nicho de publico mas exclusivo, que en algunos casos por su perfil cultural o econ\u00f3mico es incluso mas atractivo para los anunciantes.<\/p>\n<p><a href=\"\/series-gourmets\/wp-content\/uploads\/sites\/37\/2014\/09\/IMG_0581-e1411378261113.jpg\"><img loading=\"lazy\" class=\"aligncenter size-full wp-image-2873\" title=\"IMG_0581\" src=\"\/series-gourmets\/wp-content\/uploads\/sites\/37\/2014\/09\/IMG_0581-e1411378261113.jpg\" alt=\"\" width=\"540\" height=\"405\" srcset=\"https:\/\/static-blogs.diariovasco.com\/wp-content\/uploads\/sites\/37\/2014\/09\/IMG_0581-e1411378261113.jpg 540w, https:\/\/static-blogs.diariovasco.com\/wp-content\/uploads\/sites\/37\/2014\/09\/IMG_0581-e1411378261113-300x225.jpg 300w\" sizes=\"(max-width: 540px) 100vw, 540px\" \/><\/a>Otro tema del que se habl\u00f3 fue de la aparici\u00f3n de canales de producci\u00f3n y distribuci\u00f3n nuevos que suponen una alternativa a los generalistas tradicionales USA o incluso a los mas nuevos de cable que mencion\u00e1bamos en el anterior p\u00e1rrafo. Fue inevitable que se hablara de Netflix o Yahoo que miden el \u00e9xito de sus productos no por las ventas de publicidad o por la audiencia. Estas nuevas plataformas lo que buscan es aumentar el numero de subscriptores y se coment\u00f3 en concreto el caso de Netflix que multiplic\u00f3 por cuatro el aumento esperado de nuevos subscriptores, despu\u00e9s de poner en el mercado la estupenda y muy premiada \u2018House of Cards\u2019.<\/p>\n<p>En el tema de nominaciones y premios, volvemos a encontrar diferencias entre los dos medios ya que no tenemos mas que acercarnos a las galas mixtas que combinan cine y televisi\u00f3n como los Globos de Oro en los que los nominados de televisi\u00f3n son sentados en el extra-radio de los salones mientras que las estrellas de cine ocupan las posiciones mas cercanas al escenario de manera que las c\u00e1maras las capten en cada pase\u00edllo hacia el escenario de cualquiera de los premiados.<\/p>\n<p>Y es que lamentablemente aunque cada vez sea mas habitual que los actores salten de un medio a otro, todav\u00eda es dif\u00edcil que actores de la lista \u201cA\u201d se acerquen a las producciones televisivas mas all\u00e1 de participaciones en Tv Movies de prestigio o produciendo alg\u00fan proyecto con la idea de poner el nombre junto al titulo y as\u00ed darle un extra de publicidad. Aunque cualquier aficionado puede certificar que esto no es garant\u00eda ni de calidad ni de \u00e9xito, como es el caso de Steven Spielberg que cada estreno televisivo reciente que avala acaba siendo un fracaso.<\/p>\n<p><a href=\"\/series-gourmets\/wp-content\/uploads\/sites\/37\/2014\/09\/la-foto-5-e1411378206349.jpg\"><img loading=\"lazy\" class=\"aligncenter size-full wp-image-2876\" title=\"la foto 5\" src=\"\/series-gourmets\/wp-content\/uploads\/sites\/37\/2014\/09\/la-foto-5-e1411378206349.jpg\" alt=\"\" width=\"540\" height=\"403\" srcset=\"https:\/\/static-blogs.diariovasco.com\/wp-content\/uploads\/sites\/37\/2014\/09\/la-foto-5-e1411378206349.jpg 540w, https:\/\/static-blogs.diariovasco.com\/wp-content\/uploads\/sites\/37\/2014\/09\/la-foto-5-e1411378206349-300x224.jpg 300w\" sizes=\"(max-width: 540px) 100vw, 540px\" \/><\/a>Una de los mayores objetos de debate entre los ponentes fue la producci\u00f3n nacional. Alguno afirm\u00f3: \u201d\u00bfpara que arreglar algo que al menos econ\u00f3micamente funciona?\u201d, otro cont\u00f3 que t\u00edmidamente se est\u00e1n intentando cosas interesantes como la futura coproducci\u00f3n de La Sexta con la cadena brit\u00e1nica BBC llamada \u2018The Refugees\u2019 presentada recientemente en el Festival de Series de Vitoria.<\/p>\n<p>Dentro de las diferentes opiniones qued\u00f3 incluso espacio para que alguno se proclamara indiferente al producto nacional, ya que no le interesaba lo suficiente como para avanzar mas all\u00e1 del episodio piloto con la gran mayor\u00eda de ellas. Como acertadamente dijo: \u201cSi en los mas de setenta minutos del primer episodio no consigue engancharme, es que ah\u00ed no hay nada para mi\u201d.<\/p>\n<p>Hablando de series hechas en la pen\u00ednsula fue inevitable mencionar el tema de la exportaci\u00f3n. Contrariamente a lo esperado, est\u00e1 funcionado mejor la exportaci\u00f3n de la idea para adaptarla al mercado USA donde esta temporada se han estrenado las versiones estadounidenses de \u2018Los Misterios de Laura\u2019 y \u2018Polseres Vermelles\u2019 (aunque con criticas bastante tibias) y en breve contaremos con una adaptaci\u00f3n mas de \u2018Los Serrano\u2019 por parte de la cadena Fox.<\/p>\n<p>No parece tan sencillo la venta de la serie rodada directamente a el mercado latino americano donde aunque se juega con la ventaja del idioma, hay que enfrentarse con series de similar producci\u00f3n y de gran calidad.<\/p>\n<p>Se trat\u00f3 tambi\u00e9n el cambio del modelo televisivo. La mayor\u00eda de las cadenas est\u00e1n tratando de alejarse del formato tradicional de 22 episodios por temporada. Experimentando con ideas como las series-evento que en algunos casos acaban transformandose en otra cosa distinta y muy alejada del planteamiento original de serie limitada como ha sucedido con \u2018La C\u00fapula\u2019 .<\/p>\n<p>Tambi\u00e9n parecen estar de moda antolog\u00edas que mantienen el titulo de su cabecera y el estilo en cada temporada, pero renuevan anualmente el equipo art\u00edstico y la trama principal. Es el caso dos de las series estrella del a\u00f1o que han sido \u2018True Detective\u2019 y \u2018Fargo\u2019. Dos fant\u00e1sticas series que revientan la frontera con un cine con el que muestran evidentes nexos, una por sus actores y creadores y la otra por su origen, al estar directamente inspirada en la obra maestra de los hermanos Coen.<\/p>\n<p>Antes de que arrancaran las preguntas del publico se acab\u00f3 tratando el tema de las adaptaciones de productos en una o en otra direcci\u00f3n y qued\u00f3 claro que se han dado tantos desastres como aciertos. Del cine a la televisi\u00f3n, el reciente \u00e9xito de \u2018Fargo\u2019 o a nivel de critica de \u2018Hannibal\u2019 ha animado este trayecto y ya est\u00e1n en camino adaptaciones muy variadas de las pel\u00edculas \u2018Minority Report\u2019, \u201912 Monos\u2019, \u2018Viernes 13, o \u2019Scream\u2019.<br \/>\nEn direcci\u00f3n contraria se criticaron los resultados de las adaptaciones o continuaciones de series en la gran pantalla, ya que nadie puede olvidar los fracasos de las pel\u00edculas de \u2018Expediente X\u2019 o \u2019Sexo en NY\u2019 . De entre las que si han funcionado a todos los niveles, debe destacarse la exitosa saga de \u2018Misi\u00f3n Imposible\u2019 o mas recientemente \u201921 Jump Street\u2019 que juega a adaptar la ochentera serie original parodiandola al mismo tiempo, lo que consigue con un resultado brillante.<\/p>\n<p>Tras mas de una hora de charla que pas\u00f3 volando, nos quedamos con las ganas de escuchar mucho mas. Pero hab\u00eda que terminar la tertulia oficial, lo que no evit\u00f3 que esta prosiguiera de manera aun mas informal con los invitados saliendo del escenario y charlando sobre los temas tratados con los asistentes, que llenaban la sala.<\/p>\n<p><a href=\"\/series-gourmets\/wp-content\/uploads\/sites\/37\/2014\/09\/IMG_0584-e1411378242340.jpg\"><img loading=\"lazy\" class=\"aligncenter size-full wp-image-2874\" title=\"IMG_0584\" src=\"\/series-gourmets\/wp-content\/uploads\/sites\/37\/2014\/09\/IMG_0584-e1411378242340.jpg\" alt=\"\" width=\"540\" height=\"405\" srcset=\"https:\/\/static-blogs.diariovasco.com\/wp-content\/uploads\/sites\/37\/2014\/09\/IMG_0584-e1411378242340.jpg 540w, https:\/\/static-blogs.diariovasco.com\/wp-content\/uploads\/sites\/37\/2014\/09\/IMG_0584-e1411378242340-300x225.jpg 300w\" sizes=\"(max-width: 540px) 100vw, 540px\" \/><\/a>Un buen rato seriefilo en los d\u00edas mas cinefilos del a\u00f1o para los Donostiarras que fue posible gracias al Donostia Zinemaldia, a Movistar.es y al Espacio Keler. Pero sobre todo gracias al estupendo trabajo de Chema Lopez que representando a BirraSeries pudo traer a San Sebastian esta actividad tan interesante reuniendo a los aficionados a las series de la provincia con visitantes de otras partes del pa\u00eds como el habitual colaborador del formato<strong> Javier Suarez<\/strong> de Adictos al Espect\u00e1culo.<\/p>\n<p>Esperamos tener ocasi\u00f3n de volver a disfrutar de este tipo de encuentro que ha dado continuidad a los encuentros \u2019Nuevas Series, Nuevas Ficciones\u2019 organizados hace unos a\u00f1os por Donostia Kultura en el Centro Cultural Ernest Lluch.<\/p>\n<p>Cr\u00f3nica de nuestro enviado especial<\/p>\n<p>Jon Paul Arroyo (@labekoa)<\/p>\n<!-- AddThis Advanced Settings generic via filter on the_content --><!-- AddThis Share Buttons generic via filter on the_content -->","protected":false},"excerpt":{"rendered":"<p>Tras mucho esperar, por fin el fen\u00f3meno del BirraSeries se ha acercado a Donostia dentro del marco del Festival Internacional de Cine de San Sebastian. Aunque los aficionados a las series no tuvieron demasiado tiempo para ajustar las agendas y buscar la forma de encajar el BirraSeries con las proyecciones y actividades del Festival, muchos [&hellip;]<!-- AddThis Advanced Settings generic via filter on get_the_excerpt --><!-- AddThis Share Buttons generic via filter on get_the_excerpt --><\/p>\n","protected":false},"author":61,"featured_media":0,"comment_status":"open","ping_status":"closed","sticky":false,"template":"","format":"standard","meta":[],"categories":[6,13],"tags":[327,786],"_links":{"self":[{"href":"https:\/\/blogs.diariovasco.com\/series-gourmets\/wp-json\/wp\/v2\/posts\/2871"}],"collection":[{"href":"https:\/\/blogs.diariovasco.com\/series-gourmets\/wp-json\/wp\/v2\/posts"}],"about":[{"href":"https:\/\/blogs.diariovasco.com\/series-gourmets\/wp-json\/wp\/v2\/types\/post"}],"author":[{"embeddable":true,"href":"https:\/\/blogs.diariovasco.com\/series-gourmets\/wp-json\/wp\/v2\/users\/61"}],"replies":[{"embeddable":true,"href":"https:\/\/blogs.diariovasco.com\/series-gourmets\/wp-json\/wp\/v2\/comments?post=2871"}],"version-history":[{"count":0,"href":"https:\/\/blogs.diariovasco.com\/series-gourmets\/wp-json\/wp\/v2\/posts\/2871\/revisions"}],"wp:attachment":[{"href":"https:\/\/blogs.diariovasco.com\/series-gourmets\/wp-json\/wp\/v2\/media?parent=2871"}],"wp:term":[{"taxonomy":"category","embeddable":true,"href":"https:\/\/blogs.diariovasco.com\/series-gourmets\/wp-json\/wp\/v2\/categories?post=2871"},{"taxonomy":"post_tag","embeddable":true,"href":"https:\/\/blogs.diariovasco.com\/series-gourmets\/wp-json\/wp\/v2\/tags?post=2871"}],"curies":[{"name":"wp","href":"https:\/\/api.w.org\/{rel}","templated":true}]}}