{"id":3283,"date":"2015-01-12T08:01:06","date_gmt":"2015-01-12T07:01:06","guid":{"rendered":"http:\/\/blogs.diariovasco.com\/series-gourmets\/?p=3283"},"modified":"2015-01-12T08:01:06","modified_gmt":"2015-01-12T07:01:06","slug":"elub-intriga-y-pasion-guinea-ecuatorial-el-castellano-tambien-existe-en-africa","status":"publish","type":"post","link":"https:\/\/blogs.diariovasco.com\/series-gourmets\/2015\/01\/12\/elub-intriga-y-pasion-guinea-ecuatorial-el-castellano-tambien-existe-en-africa\/","title":{"rendered":"Elub: Intriga y Pasi\u00f3n ( Guinea Ecuatorial).El castellano tambi\u00e9n existe en \u00c1frica"},"content":{"rendered":"<p>Los lectores mas asiduos de este blog, ya habr\u00e1n podido constatar que en nuestro rinc\u00f3n de los lunes, somos capaces de viajar a cualquier rinc\u00f3n del mundo para mostrarles alguna serie que pueda reflejar el modo y la forma de vida de sus habitantes, como hicimos por ejemplo con Corea del Norte, mucho antes de \u00a0que esa maniobra publicitaria de la pel\u00edcula \u201cThe Interview\u201d, la llevara a los titulares de los medios de informaci\u00f3n.<\/p>\n<p>Por eso no les va a extra\u00f1ar que no nos hayamos resistido a rebuscar en el mercado televisivo del \u00fanico lugar del \u00c1frica negra, Guinea Ecuatorial, hasta encontrar Elub : Intriga y pasi\u00f3n, la mejor serie de ese pa\u00eds donde el castellano se mantiene todav\u00eda como lengua oficial, lo que la convierte en una verdadera rara avis del continente africano e ideal para conocer las interioridades de ese enclave desconocido para la inmensa mayor\u00eda de ustedes.<\/p>\n<p><strong><a href=\"\/series-gourmets\/wp-content\/uploads\/sites\/37\/2015\/01\/elub-e1420371701959.jpg\"><img loading=\"lazy\" class=\"aligncenter size-full wp-image-3285\" title=\"elub\" src=\"\/series-gourmets\/wp-content\/uploads\/sites\/37\/2015\/01\/elub-e1420371701959.jpg\" alt=\"\" width=\"540\" height=\"303\" srcset=\"https:\/\/static-blogs.diariovasco.com\/wp-content\/uploads\/sites\/37\/2015\/01\/elub-e1420371701959.jpg 540w, https:\/\/static-blogs.diariovasco.com\/wp-content\/uploads\/sites\/37\/2015\/01\/elub-e1420371701959-300x168.jpg 300w\" sizes=\"(max-width: 540px) 100vw, 540px\" \/><\/a>Ficha:<\/strong> Elub-Intriga y pasi\u00f3n .12+ ep \u00a02012 .<strong> Idioma:<\/strong> Castellano. <strong>Cadena:<\/strong> TVGE ( Guinea Ecuatorial)<\/p>\n<p><strong>La trama<\/strong> : La serie narra las historias de un grupo de j\u00f3venes de familias adineradas de la alta sociedad de la capital del pa\u00eds Malabo , con el epicentro en una familia cuyo padre es un empresario de \u00e9xito, pero con unos hijos que no dan palo al agua, destacando un impagable Borja y que buscan unicamente divertirse ayudados por sus respectivas parejas en la t\u00edpica lucha por ganarse el favoritismo de su padre.<\/p>\n<p>Los cuatro personajes principales corresponden a los arquetipos habituales de los culebrones, el hijo vividor y mujeriego, la chica modosita y abnegada, la joven ambiciosa que solo piensa en el dinero y en el lujo y el heredero de la empresa familiar con una vida familiar complicada. Las tramas son las habituales del genero con enamoramientos, besuqueos ( sic), adulterios, enga\u00f1os y traiciones como centro de las cosas que les pasan a nuestros cuatro protagonistas y a sus amigos y familiares.<\/p>\n<p>A pesar de estar realizada con unos medios espartanos, en un pa\u00eds que no alcanza el mill\u00f3n de habitantes, la serie es muy lujosa para los c\u00e1nones locales, con un vestuario muy elegante, todoterrenos por doquier, mansiones se\u00f1oriales y exteriores en el barrio diplom\u00e1tico de Malabo, con el objetivo de hacer so\u00f1ar a la inmensa mayor\u00eda de la poblaci\u00f3n que vive en condiciones muy alejadas de lo que vemos en la serie, en especial en las zonas rurales.<\/p>\n<p><a href=\"\/series-gourmets\/wp-content\/uploads\/sites\/37\/2015\/01\/casa-e1420371677713.jpg\"><img loading=\"lazy\" class=\"aligncenter size-full wp-image-3284\" title=\"casa\" src=\"\/series-gourmets\/wp-content\/uploads\/sites\/37\/2015\/01\/casa-e1420371677713.jpg\" alt=\"\" width=\"540\" height=\"405\" srcset=\"https:\/\/static-blogs.diariovasco.com\/wp-content\/uploads\/sites\/37\/2015\/01\/casa-e1420371677713.jpg 540w, https:\/\/static-blogs.diariovasco.com\/wp-content\/uploads\/sites\/37\/2015\/01\/casa-e1420371677713-300x225.jpg 300w\" sizes=\"(max-width: 540px) 100vw, 540px\" \/><\/a>La producci\u00f3n, el gui\u00f3n y los actores destilan amateurismo por los cuatro lados y no es por su calidad por la que les vamos a recomendar esta serie, sino para conocer de primera mano y desde el punto de vista local, que siempre ser\u00e1 mucho mejor que en un capitulo de \u201cEspa\u00f1oles en el Mundo\u201d, las interioridades de la antigua colonia espa\u00f1ola, donde nuestra herencia sigue mas presente de lo que a algunos les gustar\u00eda reconocer, incluyendo el aspecto musical, como pueden comprobar en la sinton\u00eda del primer episodio<br \/>\n<iframe loading=\"lazy\" src=\"\/\/www.youtube.com\/embed\/obWwhMBz7Jc\" frameborder=\"0\" width=\"420\" height=\"315\"><\/iframe><br \/>\nLa serie fue producida por una productora privada local para la televisi\u00f3n p\u00fablica de Guinea Ecuatorial y se encuentra disponible en su totalidad en Youtube por si desean curiosear un rato por la red, al finalizar la primera temporada, los propios actores hicieron la siguiente promoci\u00f3n de la 2T, pero que no he podido encontrar todav\u00eda, ya que desconozco incluso que se haya filmado.<br \/>\n<iframe loading=\"lazy\" src=\"\/\/www.youtube.com\/embed\/xEY3BUh8C_8\" frameborder=\"0\" width=\"420\" height=\"315\"><\/iframe><br \/>\nPor \u00faltimo y para mostrarles algo mas de ese pa\u00eds, hemos encontrado un documento muy interesante sobre el rodaje de un piloto de una sitcom llamada \u201cEsperanza de Triunfo\u201d rodada en Bata, en la parte continental de Guinea Ecuatorial, otro mundo si lo comparamos con la capital Malabo, situada en la isla de Bioko y que es ideal para completar nuestra visi\u00f3n del pa\u00eds.<br \/>\n<iframe loading=\"lazy\" src=\"\/\/www.youtube.com\/embed\/DWm694RI0rw\" frameborder=\"0\" width=\"420\" height=\"315\"><\/iframe><br \/>\nElub Intriga y pasi\u00f3n, no es una serie que les vamos a recomendar por su calidad televisiva, pero en cambio es una oportunidad \u00fanica para aquellos de ustedes que sean curiosos o viajeros, para conocer una cultura y un pa\u00eds con muchos mas puntos de contacto culturales con nosotros que los de la mayor\u00eda de Europa, y eso tambi\u00e9n hay que valorarlo en su justa medida.<\/p>\n<p>Esperamos sus opiniones y comentarios, aqu\u00ed o en nuestra cuenta de twitter (@jefoce) y (@lmejino). Hasta la pr\u00f3xima<\/p>\n<p>Mikel Madinabeitia\/ Lorenzo Mejino<\/p>\n<!-- AddThis Advanced Settings generic via filter on the_content --><!-- AddThis Share Buttons generic via filter on the_content -->","protected":false},"excerpt":{"rendered":"<p>Los lectores mas asiduos de este blog, ya habr\u00e1n podido constatar que en nuestro rinc\u00f3n de los lunes, somos capaces de viajar a cualquier rinc\u00f3n del mundo para mostrarles alguna serie que pueda reflejar el modo y la forma de vida de sus habitantes, como hicimos por ejemplo con Corea del Norte, mucho antes de [&hellip;]<!-- AddThis Advanced Settings generic via filter on get_the_excerpt --><!-- AddThis Share Buttons generic via filter on get_the_excerpt --><\/p>\n","protected":false},"author":61,"featured_media":0,"comment_status":"open","ping_status":"closed","sticky":false,"template":"","format":"standard","meta":[],"categories":[34,17],"tags":[869],"_links":{"self":[{"href":"https:\/\/blogs.diariovasco.com\/series-gourmets\/wp-json\/wp\/v2\/posts\/3283"}],"collection":[{"href":"https:\/\/blogs.diariovasco.com\/series-gourmets\/wp-json\/wp\/v2\/posts"}],"about":[{"href":"https:\/\/blogs.diariovasco.com\/series-gourmets\/wp-json\/wp\/v2\/types\/post"}],"author":[{"embeddable":true,"href":"https:\/\/blogs.diariovasco.com\/series-gourmets\/wp-json\/wp\/v2\/users\/61"}],"replies":[{"embeddable":true,"href":"https:\/\/blogs.diariovasco.com\/series-gourmets\/wp-json\/wp\/v2\/comments?post=3283"}],"version-history":[{"count":0,"href":"https:\/\/blogs.diariovasco.com\/series-gourmets\/wp-json\/wp\/v2\/posts\/3283\/revisions"}],"wp:attachment":[{"href":"https:\/\/blogs.diariovasco.com\/series-gourmets\/wp-json\/wp\/v2\/media?parent=3283"}],"wp:term":[{"taxonomy":"category","embeddable":true,"href":"https:\/\/blogs.diariovasco.com\/series-gourmets\/wp-json\/wp\/v2\/categories?post=3283"},{"taxonomy":"post_tag","embeddable":true,"href":"https:\/\/blogs.diariovasco.com\/series-gourmets\/wp-json\/wp\/v2\/tags?post=3283"}],"curies":[{"name":"wp","href":"https:\/\/api.w.org\/{rel}","templated":true}]}}