{"id":3326,"date":"2015-01-26T08:01:36","date_gmt":"2015-01-26T07:01:36","guid":{"rendered":"http:\/\/blogs.diariovasco.com\/series-gourmets\/?p=3326"},"modified":"2024-10-20T09:44:27","modified_gmt":"2024-10-20T08:44:27","slug":"braunschlag-austria-como-sacar-un-pueblo-de-la-bancarrota-financiera","status":"publish","type":"post","link":"https:\/\/blogs.diariovasco.com\/series-gourmets\/2015\/01\/26\/braunschlag-austria-como-sacar-un-pueblo-de-la-bancarrota-financiera\/","title":{"rendered":"Braunschlag ( Austria). Como sacar un pueblo de la bancarrota financiera"},"content":{"rendered":"<p>La televisi\u00f3n austriaca no se cuenta entre las mas innovadoras e interesantes del panorama televisivo mundial y como ejemplo solo tenemos que mencionar su producto mas famoso \u201cRex\u201d, el perro polic\u00eda que resolv\u00eda todos los casos en Viena.<\/p>\n<p>Por ello para su primera aparici\u00f3n en nuestro escaparate de series remotas y lejanas, hemos elegido la serie que ha roto con todas las audiencias en el pa\u00eds alpino, congregando a mas de la mitad de la poblaci\u00f3n austriaca, para ver los ocho episodios de Braunschlag, una radiograf\u00eda en clave sat\u00edrica de un aparentemente apacible pueblo austriaco, que se encuentra en quiebra econ\u00f3mica.<\/p>\n<p>El inter\u00e9s que ha suscitado ha sido tal que va a tener una adaptaci\u00f3n americana por parte de guionistas y actores de la versi\u00f3n americana de \u201cThe Office\u201d, con Rob Riggle al frente, por ello nada mejor que presentarles este aut\u00e9ntico fen\u00f3meno televisivo austriaco en nuestro primer post de la semana.<\/p>\n<p><strong>Ficha:<\/strong> Braunschlag 8 episodios 45 min .\u00a0\u00a0 Sep 2012-Oct 2012 Idioma: Alem\u00e1n ORF (AUT)<\/p>\n<p><strong><a href=\"\/series-gourmets\/wp-content\/uploads\/sites\/37\/2015\/01\/cast6-e1421586272421.jpg\"><img loading=\"lazy\" class=\"aligncenter size-full wp-image-3328\" title=\"Braunschlag\" src=\"\/series-gourmets\/wp-content\/uploads\/sites\/37\/2015\/01\/cast6-e1421586272421.jpg\" alt=\"\" width=\"540\" height=\"810\" srcset=\"https:\/\/static-blogs.diariovasco.com\/wp-content\/uploads\/sites\/37\/2015\/01\/cast6-e1421586272421.jpg 540w, https:\/\/static-blogs.diariovasco.com\/wp-content\/uploads\/sites\/37\/2015\/01\/cast6-e1421586272421-200x300.jpg 200w\" sizes=\"(max-width: 540px) 100vw, 540px\" \/><\/a>La trama :<\/strong> Braunschlag es un adormecido pueblo en la campi\u00f1a austriaca muy cercano a la frontera checa, que debido a algunas ideas fallidas de su alcalde Gerry Tschasch, para promocionar su pueblo, se encuentra en la bancarrota mas absoluta, hecho que oculta a sus habitantes.<\/p>\n<p>El alcalde, con una vida personal tan pat\u00e9tica como su gesti\u00f3n econ\u00f3mica, esta dispuesto a cualquier cosa para solucionar el problema y salir del trance y busca la ayuda de su mejor amigo que es el empresario y visionario local Richard, para montar alguna cosa que pueda sacar al pueblo de la angustiosa situaci\u00f3n econ\u00f3mica.<\/p>\n<p>Ambos deciden que un milagro religioso podr\u00eda ser una gran oportunidad para relanzar la econom\u00eda del pueblo y montan un cambalache para que a uno de los personajes mas pintorescos del pueblo, se le aparezca la virgen y poder montar un lugar de peregrinaje con todos los negocios asociados que vendr\u00edan a continuaci\u00f3n.<\/p>\n<p><a href=\"\/series-gourmets\/wp-content\/uploads\/sites\/37\/2015\/01\/virgen-e1421586289388.jpg\"><img loading=\"lazy\" class=\"aligncenter size-full wp-image-3329\" title=\"Braunschlag\" src=\"\/series-gourmets\/wp-content\/uploads\/sites\/37\/2015\/01\/virgen-e1421586289388.jpg\" alt=\"\" width=\"540\" height=\"324\" srcset=\"https:\/\/static-blogs.diariovasco.com\/wp-content\/uploads\/sites\/37\/2015\/01\/virgen-e1421586289388.jpg 540w, https:\/\/static-blogs.diariovasco.com\/wp-content\/uploads\/sites\/37\/2015\/01\/virgen-e1421586289388-300x180.jpg 300w\" sizes=\"(max-width: 540px) 100vw, 540px\" \/><\/a>Como se pueden imaginar, la cosa se les va completamente de las manos, y aparecen enviados del Vaticano para verificar el milagro y la bola de nieve de la patra\u00f1a que han montado empieza a crecer de forma descontrolada.<\/p>\n<p>En paralelo a las andanzas de los dos emprendedores milagreros, tenemos multitud de personajes de todo tipo y pelaje \u00a0que habitan en el pueblo y \u00a0que completan un retrato costumbrista de la sociedad austriaca, como pueden ver en el siguiente trailer<br \/>\n<iframe loading=\"lazy\" src=\"\/\/www.youtube.com\/embed\/KqAzCM-Tnfk\" width=\"560\" height=\"315\" frameborder=\"0\"><\/iframe><br \/>\nLa serie contiene m\u00faltiples referencias a cuestiones locales austriacas incluyendo una subtrama en plan par\u00f3dico del monstruo de Amstetten que tuvo a una chica en cautividad durante muchos a\u00f1os, pero con un grave problema ya que \u00a0en mi opini\u00f3n \u00a0el humor austriaco es mas bien simpl\u00f3n y muy superficial. Por ello, la interesante premisa que se desarrolla en el primer episodio , se diluye r\u00e1pidamente en una retah\u00edla de chistes costumbristas y de escenas que son mas rid\u00edculas que esperp\u00e9nticas, muy poco interesantes para el espectador ajeno a estas historias \u00a0de consumo interno austriaco y que en mi caso ha tenido incluso alg\u00fan momento de verg\u00fcenza ajena.<\/p>\n<p>Los dos actores protagonistas Robert Palfrader y Nicholas Ofczarek son las m\u00e1ximas estrellas austriacas y la serie es claramente un veh\u00edculo puesto a su disposici\u00f3n para entretener a sus fans, con unos gestos y latiguillos que van repitiendo a lo largo de toda la serie para desespero de los que como yo, esper\u00e1bamos mas sustancia en la misma.<\/p>\n<p>La serie transita con bastante mala traza entre el costumbrismo y el surrealismo y me ha servido principalmente para refrescar mi o\u00eddo para escuchar el alem\u00e1n hablado con acento y giros austriacos, lo que siempre es interesante, como pueden comprobar en este v\u00eddeo, de una conversaci\u00f3n de las fuerzas vivas del pueblo con su dialecto austriaco, pero desde el punto de vista de calidad, me ha decepcionado bastante, por su simpleza en todos los sentidos.<br \/>\n<iframe loading=\"lazy\" src=\"\/\/www.youtube.com\/embed\/tOidJQ9Y6tw\" width=\"560\" height=\"315\" frameborder=\"0\"><\/iframe><\/p>\n<p><strong>Epilogo:<\/strong><br \/>\nEl argumento personal ling\u00fc\u00edstico carece de inter\u00e9s para la inmensa mayor\u00eda de ustedes, y a no ser que tengan una curiosidad especial por Austria y en conocer detalles de su sociedad y su lengua, no es una serie por la que deber\u00edan preocuparse demasiado si se la pierden. La serie se encuentra disponible en edici\u00f3n de DVD subtitulada en ingles, pero por las redes solo la he encontrado en versi\u00f3n original que es como la he visto.<\/p>\n<p>El articulo puede servir de referencia si finalmente se realiza la proyectada versi\u00f3n americana, ya que entonces atraer\u00e1 la atenci\u00f3n de todos los devoradores de series yanquis y siempre viene bien saber el origen de las cosas, como he intentado reflejarles en este articulo sobre Braunschlag.<\/p>\n<p>Esperamos sus opiniones y comentarios, en nuestra cuenta de twitter (@lmejino). Hasta la pr\u00f3xima<\/p>\n<p>Mikel Madinabeitia\/ Lorenzo Mejino<\/p>\n<!-- AddThis Advanced Settings generic via filter on the_content --><!-- AddThis Share Buttons generic via filter on the_content -->","protected":false},"excerpt":{"rendered":"<p>La televisi\u00f3n austriaca no se cuenta entre las mas innovadoras e interesantes del panorama televisivo mundial y como ejemplo solo tenemos que mencionar su producto mas famoso \u201cRex\u201d, el perro polic\u00eda que resolv\u00eda todos los casos en Viena. Por ello para su primera aparici\u00f3n en nuestro escaparate de series remotas y lejanas, hemos elegido la [&hellip;]<!-- AddThis Advanced Settings generic via filter on get_the_excerpt --><!-- AddThis Share Buttons generic via filter on get_the_excerpt --><\/p>\n","protected":false},"author":61,"featured_media":0,"comment_status":"open","ping_status":"closed","sticky":false,"template":"","format":"standard","meta":[],"categories":[25,27,17],"tags":[373,2035,2345],"_links":{"self":[{"href":"https:\/\/blogs.diariovasco.com\/series-gourmets\/wp-json\/wp\/v2\/posts\/3326"}],"collection":[{"href":"https:\/\/blogs.diariovasco.com\/series-gourmets\/wp-json\/wp\/v2\/posts"}],"about":[{"href":"https:\/\/blogs.diariovasco.com\/series-gourmets\/wp-json\/wp\/v2\/types\/post"}],"author":[{"embeddable":true,"href":"https:\/\/blogs.diariovasco.com\/series-gourmets\/wp-json\/wp\/v2\/users\/61"}],"replies":[{"embeddable":true,"href":"https:\/\/blogs.diariovasco.com\/series-gourmets\/wp-json\/wp\/v2\/comments?post=3326"}],"version-history":[{"count":1,"href":"https:\/\/blogs.diariovasco.com\/series-gourmets\/wp-json\/wp\/v2\/posts\/3326\/revisions"}],"predecessor-version":[{"id":22697,"href":"https:\/\/blogs.diariovasco.com\/series-gourmets\/wp-json\/wp\/v2\/posts\/3326\/revisions\/22697"}],"wp:attachment":[{"href":"https:\/\/blogs.diariovasco.com\/series-gourmets\/wp-json\/wp\/v2\/media?parent=3326"}],"wp:term":[{"taxonomy":"category","embeddable":true,"href":"https:\/\/blogs.diariovasco.com\/series-gourmets\/wp-json\/wp\/v2\/categories?post=3326"},{"taxonomy":"post_tag","embeddable":true,"href":"https:\/\/blogs.diariovasco.com\/series-gourmets\/wp-json\/wp\/v2\/tags?post=3326"}],"curies":[{"name":"wp","href":"https:\/\/api.w.org\/{rel}","templated":true}]}}