{"id":3635,"date":"2015-04-24T07:01:57","date_gmt":"2015-04-24T06:01:57","guid":{"rendered":"http:\/\/blogs.diariovasco.com\/series-gourmets\/?p=3635"},"modified":"2015-04-24T07:01:57","modified_gmt":"2015-04-24T06:01:57","slug":"el-prisionero-el-primer-gran-final-polemico-de-la-historia-televisiva","status":"publish","type":"post","link":"https:\/\/blogs.diariovasco.com\/series-gourmets\/2015\/04\/24\/el-prisionero-el-primer-gran-final-polemico-de-la-historia-televisiva\/","title":{"rendered":"El prisionero: El primer gran final pol\u00e9mico de la historia televisiva"},"content":{"rendered":"<p>Los finales de las series televisivas son sometidos en la actualidad a un escrutinio y an\u00e1lisis que en algunos casos roza la paranoia, en especial si el resultado no colma las expectativas que la mayor\u00eda de sus fans hab\u00edan depositado en el mismo, con el pol\u00e9mico final de \u201cPerdidos\u201d o \u201cComo conoc\u00ed a vuestra madre\u201d como mejor ejemplo de desatar pasiones encontradas como reacci\u00f3n al final que los productores han decidido como final de su proceso creativo.<\/p>\n<p>Pero no se crean que este es un fen\u00f3meno exclusivo de los \u00faltimos tiempos, ya que hoy vamos a analizar el caso de una serie, &#8220;El Prisionero&#8221;, que alcanz\u00f3 una enorme popularidad en todo el mundo a finales de los a\u00f1os sesenta, incluyendo nuestro pa\u00eds y cuyo \u00faltimo episodio desat\u00f3 oleadas de indignaci\u00f3n en el Reino Unido, colapsando la centralita de la BBC, e inundando de cartas al director a todos los diarios, incluyendo las hojas \u00a0parroquiales.<\/p>\n<p>Una historia futurista e innovadora que capturaba al espectador desde el principio, con una est\u00e9tica visual y una calidad de producci\u00f3n apenas vista hasta ese momento con un h\u00e9roe que sufr\u00eda enormemente en cada capitulo en sus vanos intentos de escapar de la aldea donde estaba prisionero, se convirti\u00f3 en una obra de culto, solo empa\u00f1ada por el final que analizaremos en profundidad en este articulo del recuerdo de cada viernes.<\/p>\n<p><strong><a href=\"\/series-gourmets\/wp-content\/uploads\/sites\/37\/2015\/04\/logo-e1429257429397.jpg\"><img loading=\"lazy\" class=\"aligncenter size-full wp-image-3643\" title=\"logo\" src=\"\/series-gourmets\/wp-content\/uploads\/sites\/37\/2015\/04\/logo-e1429257429397.jpg\" alt=\"\" width=\"560\" height=\"420\" srcset=\"https:\/\/static-blogs.diariovasco.com\/wp-content\/uploads\/sites\/37\/2015\/04\/logo-e1429257429397.jpg 560w, https:\/\/static-blogs.diariovasco.com\/wp-content\/uploads\/sites\/37\/2015\/04\/logo-e1429257429397-300x225.jpg 300w\" sizes=\"(max-width: 560px) 100vw, 560px\" \/><\/a>Ficha:<\/strong> El prisionero (The Prisoner) 17 episodios.\u00a0\u00a0 Sep 1967-Feb 1968. ITV (UK)- la 1 (E)<\/p>\n<p><strong>Sinopsis:<\/strong>\u00a0 Un agente secreto brit\u00e1nico del que no se nos revela el nombre, decide dimitir y abandonar su puesto, con la intenci\u00f3n de huir del pa\u00eds de forma inmediata. Sin embargo es capturado y sedado en su casa, despert\u00e1ndose en un pueblo en apariencia apacible e id\u00edlico pero donde va a ser confinado sin posibilidad de escapar, siendo reducido a un mero numero, \u201cel numero seis\u201d.<\/p>\n<p>La fascinante cabecera, explica en menos de dos minutos la premisa de la serie de forma sucinta pero completamente inteligible para todos<br \/>\n<iframe loading=\"lazy\" src=\"https:\/\/www.youtube.com\/embed\/PhnTMxHOWlY\" frameborder=\"0\" width=\"420\" height=\"315\"><\/iframe><\/p>\n<p><strong>El inicio:<\/strong> Patrick McGoohan era un actor muy famoso en todo el mundo a principios de los sesenta gracias a su papel principal como el agente especial Drake en la serie \u201cDanger Man\u201d, que aqu\u00ed fue conocida como \u201cCita con la Muerte\u201d.<\/p>\n<p>Hacia 1966, McGoohan que se hab\u00eda convertido en toda una estrella y un divo, comunic\u00f3 a la cadena ITV, su intenci\u00f3n de dejar el personaje de Drake porque estaba cansado del mismo y quer\u00eda hacer otras cosas, pero Lew Grade el presidente de la cadena, intento disuadirle, ofreci\u00e9ndole carta blanca para un proyecto personal para seguir con ellos.<\/p>\n<p>McGoohan, contact\u00f3 con un guionista de su serie George Markstein (derecha), para escribir \u00a0y dise\u00f1ar de forma conjunta una serie para su exclusivo lucimiento<\/p>\n<p><a href=\"\/series-gourmets\/wp-content\/uploads\/sites\/37\/2015\/04\/mcgoohan-e1429257553390.jpg\"><img loading=\"lazy\" class=\"alignleft size-full wp-image-3636\" title=\"mcgoohan\" src=\"\/series-gourmets\/wp-content\/uploads\/sites\/37\/2015\/04\/mcgoohan-e1429257553390.jpg\" alt=\"\" width=\"270\" height=\"252\" \/><\/a><a href=\"\/series-gourmets\/wp-content\/uploads\/sites\/37\/2015\/04\/markstein_col-e1429257404142.jpg\"><img loading=\"lazy\" class=\"alignright size-full wp-image-3644\" title=\"markstein_col\" src=\"\/series-gourmets\/wp-content\/uploads\/sites\/37\/2015\/04\/markstein_col-e1429257404142.jpg\" alt=\"\" width=\"270\" height=\"230\" \/><\/a>Markstein record\u00f3 una historia de la segunda guerra mundial, donde algunos esp\u00edas enemigos eran internados en un pueblo artificial escoces cerrado y sin posibilidad de escape y decidi\u00f3 adaptar la idea a la \u00e9poca de la guerra fr\u00eda, internando a un agente secreto que abandona su cargo, pero peligroso por sus conocimientos en un entorno hipercontrolado para seguir sus pasos.<\/p>\n<p>El concepto entusiasm\u00f3 a la ITV que les encarg\u00f3 una primera temporada que quer\u00edan que fuera lo mas larga posible para poder vend\u00e9rsela a la CBS americana y entre los siete que quer\u00edan los creadores y los 36 de la CBS, acabaron pactando un termino medio entre 16 y 22 dependiendo de las audiencias.<\/p>\n<p>El estreno fue un enorme \u00e9xito de cr\u00edtica y p\u00fablico, ante una serie que era diferente tanto desde del punto visual como sobre todo argumental a todo lo que se hab\u00eda visto en ese momento, con ese tono moderno-futurista \u00a0que se convirti\u00f3 en una de sus se\u00f1as de identidad. El trepidante trailer fue un buen cebo para captar a los espectadores ademas de la fama del propio McGoohan.<br \/>\n<iframe loading=\"lazy\" src=\"https:\/\/www.youtube.com\/embed\/rFX6M-t1NTI\" frameborder=\"0\" width=\"420\" height=\"315\"><\/iframe><\/p>\n<p><strong>La trama:<\/strong><br \/>\nUna vez establecida la premisa que era repetida en cada ocasi\u00f3n en los t\u00edtulos de cr\u00e9dito, la trama se desarrolla de forma integra en la aldea donde esta confinado el prisionero. Los primeros episodios giran sobre su adaptaci\u00f3n a su nuevo entorno, donde su rebeld\u00eda y ganas de escapar, se ven contrarrestadas por la apat\u00eda y conformidad del resto de los habitantes resignados a su destino y a pasarlo de la forma mas placida posible.<\/p>\n<p>En sus primeras indagaciones, va a entrar r\u00e1pidamente en contacto con el elemento mas caracter\u00edstico de la serie una bola gigante de pl\u00e1stico a la que llaman Rover (aunque para mi siempre fue \u201cLa Bola\u201d)que es la encargada de mantener a raya todos los intentos de evasi\u00f3n de la aldea.<\/p>\n<p><a href=\"\/series-gourmets\/wp-content\/uploads\/sites\/37\/2015\/04\/la-bola-e1429257463369.jpg\"><img loading=\"lazy\" class=\"aligncenter size-full wp-image-3642\" title=\"la bola\" src=\"\/series-gourmets\/wp-content\/uploads\/sites\/37\/2015\/04\/la-bola-e1429257463369.jpg\" alt=\"\" width=\"560\" height=\"416\" srcset=\"https:\/\/static-blogs.diariovasco.com\/wp-content\/uploads\/sites\/37\/2015\/04\/la-bola-e1429257463369.jpg 560w, https:\/\/static-blogs.diariovasco.com\/wp-content\/uploads\/sites\/37\/2015\/04\/la-bola-e1429257463369-300x223.jpg 300w\" sizes=\"(max-width: 560px) 100vw, 560px\" \/><\/a>El primer contacto del numero seis con la bola es el primer episodio, cuando la ve por primera vez, persiguiendo y sometiendo de forma expeditiva, a una persona non grata para el status quo del lugar<br \/>\n<iframe loading=\"lazy\" src=\"https:\/\/www.youtube.com\/embed\/I6Ffr1U7KMY\" frameborder=\"0\" width=\"420\" height=\"315\"><\/iframe><br \/>\nLos episodios giraban siempre en torno a dos ejes principales, en primer lugar descubrir el misterio de qui\u00e9n y porque le hab\u00eda capturado, lo que intentaba averiguar dentro de los confines del pueblo\/prisi\u00f3n, interaccionando con el resto de los prisioneros. De ellos solo conoc\u00eda el numero, como le suced\u00eda a \u00e9l, destacando su interacci\u00f3n con el numero dos, al que presupon\u00eda el l\u00edder local del cotarro, pero que en un gag recurrente cambiaba cada semana de personaje y actor.<\/p>\n<p>Por otro lado, el segundo eje eran sus continuos intentos de escapar como sea del lugar, por tierra, mar o aire que acababan ineludiblemente encontr\u00e1ndose con \u201cLa Bola\u201d, que siempre acababa restableciendo el orden y frustrando sus tentativas.<\/p>\n<p>Su rebeli\u00f3n se centraba muchas veces en otra de las frases que han pasado a la historia, su famoso \u201c No soy un numero, soy una persona libre\u201d, que resum\u00eda su rebeld\u00eda ante la situaci\u00f3n que sufr\u00eda, como pueden ver en el v\u00eddeo<br \/>\n<iframe loading=\"lazy\" src=\"https:\/\/www.youtube.com\/embed\/nW-bFGzNMXw\" frameborder=\"0\" width=\"560\" height=\"315\"><\/iframe><br \/>\nLa serie fue filmada en un pueblo de la costa galesa, construido exclusivamente para el rodaje, con influencias claras del pa\u00eds de las Maravillas de Alicia, y con un vestuario curioso y atemporal estilo a\u00f1os 20.<\/p>\n<p><a href=\"\/series-gourmets\/wp-content\/uploads\/sites\/37\/2015\/04\/the-prisoner-village-1967-e1429257486737.jpg\"><img loading=\"lazy\" class=\"aligncenter size-full wp-image-3641\" title=\"the-prisoner-village-1967\" src=\"\/series-gourmets\/wp-content\/uploads\/sites\/37\/2015\/04\/the-prisoner-village-1967-e1429257486737.jpg\" alt=\"\" width=\"560\" height=\"395\" srcset=\"https:\/\/static-blogs.diariovasco.com\/wp-content\/uploads\/sites\/37\/2015\/04\/the-prisoner-village-1967-e1429257486737.jpg 560w, https:\/\/static-blogs.diariovasco.com\/wp-content\/uploads\/sites\/37\/2015\/04\/the-prisoner-village-1967-e1429257486737-300x212.jpg 300w\" sizes=\"(max-width: 560px) 100vw, 560px\" \/><\/a>La serie se planteaba como una met\u00e1fora de que todos somos prisioneros de alguna cosa, que puede ser mas o menos externalizada como esa aldea cerrada, o de nuestros propios miedos interiores y en todos los casos nuestros intentos de escapar determinan gran parte de nuestros actos.<\/p>\n<p>La serie era muy diferente, en primer lugar porque el protagonista no era un h\u00e9roe que resolv\u00eda todos los problemas al final del capitulo, sino que no consegu\u00eda escaparse siendo capturado y vuelto al redil, al final de cada capitulo.<\/p>\n<p>La sensaci\u00f3n de derrota continua, parecida a los trabajos de Sisifo, la convert\u00eda en una serie desasosegante que fue mi primer recuerdo televisivo de ese tipo, de sufrir con el protagonista y con sus intentos infructuosos de escapar, pero su est\u00e9tica futurista de la \u00e9poca y las tramas conspiratorias me compensaban esos malos momentos que pasaba cuando ve\u00eda aparecer a \u201cLa Bola\u201d, mi primer ente maligno infantil.<\/p>\n<p>Al verla bastante peque\u00f1ajo, la verdad es que me marc\u00f3 mucho y es de las series que recuerdo mas n\u00edtidamente de mi infancia, precisamente porque era diferente a todo lo dem\u00e1s y conten\u00eda im\u00e1genes de gran fuerza que se quedaron para siempre en mi subconsciente.<\/p>\n<p>Recuerdo que a mi padre le encantaba, por ese rollo futurista y de esp\u00edas que eran sus g\u00e9neros favoritos y la sol\u00edamos mirar conjuntamente y casi en solitario, porque el resto de mi familia hu\u00eda de ese tipo de series, pero tengo que reconocer que mas de una noche me dio pesadillas por la maldita bola.<\/p>\n<p>La serie ha envejecido bastante bien al tener una est\u00e9tica atemporal, e incluso dir\u00eda que algunas de las cosas que avanzaba la serie ( circuitos cerrados de televisi\u00f3n, tarjetas de cr\u00e9dito, etc), ahora forman parte de nuestro universo cotidiano y se entienden mejor con perspectiva arqueol\u00f3gica que con la futurista de la \u00e9poca, por lo que si desean conocer un pedazo de la historia televisiva, no duden en recuperarla por algunos de los m\u00faltiples formatos en que se sigue comercializando y emitiendo.<\/p>\n<p><strong>Los actores:<\/strong> Como hemos comentado, la serie tenia un protagonista absoluto Patrick McGoohan, que junto con Roger Moore ( El Santo) y Patrick McNee ( Los Vengadores), fueron la trilog\u00eda de actores televisivos brit\u00e1nicos mas famosos de la d\u00e9cada de los sesenta. McGoohan naci\u00f3 en Nueva York , pero sus padres volvieron a su Irlanda natal cuando ten\u00eda cuatro a\u00f1os, para asentarse posteriormente en Sheffield que es donde creci\u00f3 y se educ\u00f3.<\/p>\n<p>Empez\u00f3 a trabajar en obras de teatro, hasta que en 1960 salt\u00f3 a la fama por \u201cDanger man\u201d, que sigui\u00f3 con este papel, que aunque breve le marc\u00f3 de por vida. McGoohan estaba excelente como actor en un personaje modelado a su imagen y semejanza y todo un veh\u00edculo para su ego que crec\u00eda a cada cap\u00edtulo como un gremlin tras recibir agua.<\/p>\n<p><a href=\"\/series-gourmets\/wp-content\/uploads\/sites\/37\/2015\/04\/prisionerovilla-e1429257536703.jpg\"><img loading=\"lazy\" class=\"aligncenter size-full wp-image-3638\" title=\"prisionerovilla\" src=\"\/series-gourmets\/wp-content\/uploads\/sites\/37\/2015\/04\/prisionerovilla-e1429257536703.jpg\" alt=\"\" width=\"560\" height=\"301\" srcset=\"https:\/\/static-blogs.diariovasco.com\/wp-content\/uploads\/sites\/37\/2015\/04\/prisionerovilla-e1429257536703.jpg 560w, https:\/\/static-blogs.diariovasco.com\/wp-content\/uploads\/sites\/37\/2015\/04\/prisionerovilla-e1429257536703-300x161.jpg 300w\" sizes=\"(max-width: 560px) 100vw, 560px\" \/><\/a>Su carrera posterior estuvo repartida entre el cine y la televisi\u00f3n, tanto como actor como director, apareciendo en pel\u00edculas como \u201cFuga de Alcatraz\u201d o en la serie de su gran amigo Peter Falk, \u201cColumbo\u201d, donde siempre encarnaba a los mejores villanos como atestiguan los dos Emmys al mejor actor invitado que gan\u00f3 gracias a enfrentarse al famoso detective de la gabardina<\/p>\n<p>Su vida siempre estuvo ligada al papel del \u201cNumero seis\u201d, accediendo a autoparodiarse junto con su serie en un capitulo de la enorme referencia cultural que son los Simpsons, con la bola persiguiendo a la pobre Marge, y McGoohan prestando su voz al numero seis, en lo que fue su \u00faltimo trabajo televisivo, hasta su muerte en 2009 a los 80 a\u00f1os.<\/p>\n<p>El \u00fanico personaje que sal\u00eda con una cierta frecuencia en la serie era un mayordomo mudo que desesperaba al propio McGoohan que no cesaba de preguntarle cosas sin obtener respuesta alguna, el actor era un malt\u00e9s llamado Angelo Muscat que seguro recordaran por la foto, pero que poca cosa hizo mas que papeles raros de este tipo, debido a su f\u00edsico tan peculiar.<\/p>\n<p><strong><a href=\"\/series-gourmets\/wp-content\/uploads\/sites\/37\/2015\/04\/the-butler-e1429257503677.jpg\"><img loading=\"lazy\" class=\"aligncenter size-full wp-image-3640\" title=\"the butler\" src=\"\/series-gourmets\/wp-content\/uploads\/sites\/37\/2015\/04\/the-butler-e1429257503677.jpg\" alt=\"\" width=\"560\" height=\"420\" srcset=\"https:\/\/static-blogs.diariovasco.com\/wp-content\/uploads\/sites\/37\/2015\/04\/the-butler-e1429257503677.jpg 560w, https:\/\/static-blogs.diariovasco.com\/wp-content\/uploads\/sites\/37\/2015\/04\/the-butler-e1429257503677-300x225.jpg 300w\" sizes=\"(max-width: 560px) 100vw, 560px\" \/><\/a>El Final<\/strong>:<br \/>\nPatrick McGoohan, visto el \u00e9xito de la serie, se convirti\u00f3 en un divo insoportable, pidiendo toda la atenci\u00f3n para \u00e9l, y entrometi\u00e9ndose en todos los aspectos de la serie, guiones y direcci\u00f3n especialmente, lo que provoco la salida con cajas destempladas de su co-creador George Markstein que era el que manten\u00eda el tipo argumental de la serie, harto de que se le negara su aportaci\u00f3n.<\/p>\n<p>Con la salida de Markstein hacia el episodio 13, la serie pas\u00f3 a ser dominio exclusivo de McGoohan, que pas\u00f3 a escribir y dirigir casi todos los episodios restantes, pero con la calidad de la serie resinti\u00e9ndose de su ejercicio egomaniaco, ademas recibi\u00f3 una oferta suculenta para protagonizar la pel\u00edcula \u201cEstaci\u00f3n polar Cebra\u201d y decidi\u00f3 apostar por un nuevo juguete, cerrando la serie con premura.<\/p>\n<p>El episodio final \u201cFall Out\u201d, lo escribi\u00f3 en una semana y con la intenci\u00f3n de revelar el m\u00e1ximo secreto de la serie \u00bfquien era el misterioso numero 1?, que mov\u00eda todos los hilos, pero el mismo McGoohan que no ten\u00eda ni idea de quien iba a ser antes de escribirlo y fue improvisando sobre la marcha y al final tiro por la calle de en medio, con unos veinte minutos finales que reinventan toda la serie, culminando con un plano final de cuatro segundos que desat\u00f3 las iras de los seguidores de la serie.<\/p>\n<p>La reacci\u00f3n fue tan furibunda, que el propio McGoohan se vio obligado a esconderse por las reacciones de la gente de la calle, ante lo que consideraron una aut\u00e9ntica tomadura de pelo, de la que reneg\u00f3 hasta su cocreador George Markstein, por lo que r\u00edanse ustedes del trato a Damon Lindelof, ante los escraches diarios que sufr\u00eda en su casa Patrick McGoohan.<\/p>\n<p>Personalmente, el final no lo entend\u00ed en absoluto y me qued\u00e9 con pasta de boniato mirando a mi padre, diciendo \u201cYa est\u00e1, \u00bfTodo para esto?\u201d, por lo que muy convencido tampoco me dejo, en especial como final de una serie que me encantaba. El tiempo y alguna revisi\u00f3n posterior ha matizado un poco la reacci\u00f3n, pero me sigue pareciendo chapucero y lo que es peor traicionando toda la esencia de la serie que es lo peor que le puede pasar.<\/p>\n<p><strong>El remake:<\/strong><br \/>\nComo se pueden imaginar, una serie de culto de estas caracter\u00edsticas no pod\u00eda escapar a la fiebre de los remakes y en este caso en 2009 la cadena AMC, buscando emular el \u00e9xito de \u201cMad Men\u201d, encarg\u00f3 una miniserie de seis cap\u00edtulos para recuperar el original brit\u00e1nico.<\/p>\n<p>La serie se estren\u00f3 en Noviembre de 2009, y a pesar de contar con un reparto de lujo con nombres tan conocidos como Jim Caviezel ( Person of Interest), Sir Ian McKellen, Ruth Wilson (Luther, The Affair) o Hayley Atwell ( Agent Carter) fue un aut\u00e9ntico fiasco<\/p>\n<p><a href=\"\/series-gourmets\/wp-content\/uploads\/sites\/37\/2015\/04\/Prisoner_McKellenCaviezel-e1429257520762.jpg\"><img loading=\"lazy\" class=\"aligncenter size-full wp-image-3639\" title=\"Prisoner_McKellenCaviezel\" src=\"\/series-gourmets\/wp-content\/uploads\/sites\/37\/2015\/04\/Prisoner_McKellenCaviezel-e1429257520762.jpg\" alt=\"\" width=\"560\" height=\"384\" srcset=\"https:\/\/static-blogs.diariovasco.com\/wp-content\/uploads\/sites\/37\/2015\/04\/Prisoner_McKellenCaviezel-e1429257520762.jpg 560w, https:\/\/static-blogs.diariovasco.com\/wp-content\/uploads\/sites\/37\/2015\/04\/Prisoner_McKellenCaviezel-e1429257520762-300x206.jpg 300w\" sizes=\"(max-width: 560px) 100vw, 560px\" \/><\/a><\/p>\n<p>En su momento y con raz\u00f3n fue \u00a0masacrada por la cr\u00edtica, por considerarla muy inferior a la obra de culto que fue la brit\u00e1nica, como pueden ver en el trailer de remake.<br \/>\n<iframe loading=\"lazy\" src=\"https:\/\/www.youtube.com\/embed\/UdsrOJNeMFs\" frameborder=\"0\" width=\"560\" height=\"315\"><\/iframe><br \/>\nSi no han visto el original, la verdad es que la miniserie puede colar y se deja ver solo por ver a grandes actores en otros registros lejos de los que por son famosos, ademas de haber sido rodada en los espectaculares paisajes de Namibia, con sus dunas gigantes, lo que le da un punto de exotismo a la serie, pero la verdad es que es muy floja y palidece enormemente comparada con la de los a\u00f1os sesenta.<\/p>\n<p><strong>Epilogo:<\/strong><\/p>\n<p>El cierre del articulo en este caso, tiene que empezar por mostrarles el precioso v\u00eddeo final de los t\u00edtulos de cr\u00e9dito de cada episodio , con esa bicicleta exc\u00e9ntrica, como s\u00edmbolo de la serie.<br \/>\n<iframe loading=\"lazy\" src=\"https:\/\/www.youtube.com\/embed\/YLzmiGrRgFQ\" frameborder=\"0\" width=\"560\" height=\"315\"><\/iframe><br \/>\nHoy hemos agitado la colmena de los recuerdos para hablarles de una de las pocas series que han conseguido un estatus de culto durante casi medio siglo, y que se convirti\u00f3 en su momento en una referencia del genero fant\u00e1stico en la televisi\u00f3n ademas de las grandes memorias, que como en mi caso, les pueden haber tra\u00eddo estos apuntes sobre \u201cEl prisionero\u201d.<\/p>\n<p>Esperamos sus opiniones y comentarios, aqu\u00ed o en nuestra cuenta de twitter (@lmejino). Hasta la pr\u00f3xima<\/p>\n<p>Lorenzo Mejino<\/p>\n<!-- AddThis Advanced Settings generic via filter on the_content --><!-- AddThis Share Buttons generic via filter on the_content -->","protected":false},"excerpt":{"rendered":"<p>Los finales de las series televisivas son sometidos en la actualidad a un escrutinio y an\u00e1lisis que en algunos casos roza la paranoia, en especial si el resultado no colma las expectativas que la mayor\u00eda de sus fans hab\u00edan depositado en el mismo, con el pol\u00e9mico final de \u201cPerdidos\u201d o \u201cComo conoc\u00ed a vuestra madre\u201d [&hellip;]<!-- AddThis Advanced Settings generic via filter on get_the_excerpt --><!-- AddThis Share Buttons generic via filter on get_the_excerpt --><\/p>\n","protected":false},"author":61,"featured_media":0,"comment_status":"open","ping_status":"closed","sticky":false,"template":"","format":"standard","meta":[],"categories":[23,27,16,20],"tags":[851],"_links":{"self":[{"href":"https:\/\/blogs.diariovasco.com\/series-gourmets\/wp-json\/wp\/v2\/posts\/3635"}],"collection":[{"href":"https:\/\/blogs.diariovasco.com\/series-gourmets\/wp-json\/wp\/v2\/posts"}],"about":[{"href":"https:\/\/blogs.diariovasco.com\/series-gourmets\/wp-json\/wp\/v2\/types\/post"}],"author":[{"embeddable":true,"href":"https:\/\/blogs.diariovasco.com\/series-gourmets\/wp-json\/wp\/v2\/users\/61"}],"replies":[{"embeddable":true,"href":"https:\/\/blogs.diariovasco.com\/series-gourmets\/wp-json\/wp\/v2\/comments?post=3635"}],"version-history":[{"count":0,"href":"https:\/\/blogs.diariovasco.com\/series-gourmets\/wp-json\/wp\/v2\/posts\/3635\/revisions"}],"wp:attachment":[{"href":"https:\/\/blogs.diariovasco.com\/series-gourmets\/wp-json\/wp\/v2\/media?parent=3635"}],"wp:term":[{"taxonomy":"category","embeddable":true,"href":"https:\/\/blogs.diariovasco.com\/series-gourmets\/wp-json\/wp\/v2\/categories?post=3635"},{"taxonomy":"post_tag","embeddable":true,"href":"https:\/\/blogs.diariovasco.com\/series-gourmets\/wp-json\/wp\/v2\/tags?post=3635"}],"curies":[{"name":"wp","href":"https:\/\/api.w.org\/{rel}","templated":true}]}}