{"id":381,"date":"2012-09-24T09:00:30","date_gmt":"2012-09-24T08:00:30","guid":{"rendered":"http:\/\/blogs.diariovasco.com\/series-gourmets\/?p=381"},"modified":"2012-09-24T09:00:30","modified_gmt":"2012-09-24T08:00:30","slug":"el-grupo-y-todos-los-hombres-sois-iguales-por-que-ya-no-se-hacen-series-asi","status":"publish","type":"post","link":"https:\/\/blogs.diariovasco.com\/series-gourmets\/2012\/09\/24\/el-grupo-y-todos-los-hombres-sois-iguales-por-que-ya-no-se-hacen-series-asi\/","title":{"rendered":"El Grupo y Todos Los Hombres Sois Iguales: \u00bfpor qu\u00e9 ya no se hacen series as\u00ed?"},"content":{"rendered":"<p>Ya saben ustedes, queridos lectores, que la nostalgia nos invade de vez en cuando y puede que eso sea un error, pero convendr\u00e1n conmigo en que seduce. Hoy vamos a recordar dos series espa\u00f1olas de\u00a0hace bastantes a\u00f1os que corrieron suerte dispar en la dictadura de las audiencias. Todos Los Hombres Sois Iguales, inspirada\u00a0en la pel\u00edcula hom\u00f3nima de Manuel G\u00f3mez Pereira, fue uno de los productos estrella de la \u00e9poca, mientras que El Grupo, una apuesta muy personal de Tele 5, apenas dur\u00f3 una temporada pese a que entre sus seguidores r\u00e1pidamente se convirti\u00f3 en una obra de culto. En un pa\u00eds que adolece de variedad y originalidad en\u00a0su parrilla televisiva, las dos series\u00a0que rememoramos\u00a0hoy fueron un aut\u00e9ntico soplo de aire fresco. \u00bfPor qu\u00e9 ya no se hacen series as\u00ed?<\/p>\n<p><strong>EL GRUPO: DEMASIADO\u00a0DIFERENTE PARA ESTE PA\u00cdS<\/strong><\/p>\n<p><strong>Ficha:<\/strong> El Grupo (2000-01), una temporada de once cap\u00edtulos de una hora. Producida por Globomedia\/Estudios Picasso y emitida en su d\u00eda por Tele 5. El canal de cable FDF la ha emitido en nuestros d\u00edas.<\/p>\n<p><strong>Sinopsis:<\/strong> Seis personas con problemas, procedentes de diversos estratos sociales,\u00a0se re\u00fanen en la consulta de un psic\u00f3logo para tratar de superar sus conflictos e inseguridades personales. S\u00f3lo\u00a0les imponen una condici\u00f3n: que no se vean fuera de la\u00a0consulta.\u00a0<\/p>\n<p><img loading=\"lazy\" class=\"alignleft\" title=\"El Grupo\" src=\"\/\/www.telecinco.es\/factoriadeficcion\/integrantes-terapia-capitaneador-Hector-Alterio_TL5IMA20090608_0015_4.jpg\" alt=\"\" width=\"654\" height=\"371\" \/><\/p>\n<p><strong>Personajes:<\/strong> El Grupo estaba sustentado en un \u00f3ptimo cartel actoral, en el que la batuta la llevaba el siempre competente H\u00e9ctor Alterio, que en esta ocasi\u00f3n ejerc\u00eda de psic\u00f3logo. Sus pacientes eran Cristina Marcos, Antonio Molero, Mariola Fuentes, Juli F\u00e1bregas y dos j\u00f3venes promesas que, con el tiempo, se acabar\u00edan labrando una carrera en el mundo del cine: nuestros paisanos Unax Ugalde y B\u00e1rbara Goenaga (con quien el arriba firmante, por cierto,\u00a0comparti\u00f3 clase en el colegio).<\/p>\n<p>B\u00e1rbara y Unax\u00a0ya eran m\u00e1s o menos conocidos en nuestra tierra, sobre todo ella gracias a ese fen\u00f3meno de la longevidad televisiva\u00a0llamado &#8216;Goenkale&#8217;, pero\u00a0El Grupo les\u00a0permiti\u00f3 volar solos. Y, desde entonces, han coincidido en tres largometrajes: &#8216;Mi dulce&#8217;, &#8216;La buena nueva&#8217; y &#8216;Bypass&#8217;, que se estrena el pr\u00f3ximo 11 de octubre.\u00a0Aqu\u00ed les tienen promocionando la pel\u00edcula &#8216;La buena nueva&#8217; (2008), de Helena Taberna.\u00a0\u00a0\u00a0<\/p>\n<p><img loading=\"lazy\" class=\"aligncenter\" title=\"B\u00e1rbara y Unax\" src=\"\/\/www.rtve.es\/resources\/jpg\/9\/8\/1226573567189.jpg\" alt=\"\" width=\"550\" height=\"353\" \/><\/p>\n<p><strong>Valoraci\u00f3n:<\/strong> Tengo la sensaci\u00f3n, por las conversaciones que he mantenido con diferentes personas, que es una de\u00a0esas series que permanecen en el anonimato. Apenas dur\u00f3 una temporada\u00a0pero r\u00e1pidamente fue calificada como una joya por sus seguidores. Quiz\u00e1 era un producto\u00a0de una tem\u00e1tica inc\u00f3moda para aquella \u00e9poca,\u00a0con personajes problem\u00e1ticos y llenos de angustias,\u00a0y seguramente por eso no termin\u00f3 de encajar en la realidad de entonces. Perm\u00edtanme la iron\u00eda, pero\u00a0la zozobra en la que se mueve el pa\u00eds actualmente s\u00ed parece un escenario m\u00e1s adecuado para su atrevido tono&#8230;\u00a0<\/p>\n<p>Me encantar\u00eda que entre nuestros lectores hubiera seguidores de El Grupo. Primero para compartir an\u00e9cdotas y recuerdos, y segundo para constatar hasta qu\u00e9 punto tengo afilado el bistur\u00ed de la memoria. Ya se sabe que cuando se mitifica algo, muchas veces no se razona porque los sentimientos ganan la batalla.<\/p>\n<p><img loading=\"lazy\" class=\"aligncenter\" title=\"H\u00e9ctor Alterio\" src=\"\/\/1.bp.blogspot.com\/_m60zZkeJQ-E\/TNlFirmpU-I\/AAAAAAAAFFs\/d9e8UbuMQqw\/s1600\/el-grupo-.jpg\" alt=\"\" width=\"307\" height=\"204\" \/><\/p>\n<p><strong>TODOS LOS HOMBRES SOIS IGUALES: UNA COMEDIA DISPARATADA<\/strong><\/p>\n<p><strong>Ficha:<\/strong> Todos Los Hombres Sois Iguales (1996-98), cinco temporadas para un total de 66 episodios. Producida por Boca a Boca y emitida por Tele 5.<\/p>\n<p><strong>Sinopsis:<\/strong> Tres hombres de mediada edad se separan de sus respectivas mujeres y deciden marcharse a un piso para vivir juntos. Contratan a una asistenta y se enamorar\u00e1n perdidamente de ella, lo que provocar\u00e1 mil y una\u00a0situaciones de enredo.<\/p>\n<p>\u00a0<img loading=\"lazy\" class=\"aligncenter\" title=\"Todos los hombres...\" src=\"\/\/1.bp.blogspot.com\/_X6hjqcC5DCQ\/Rr4GNEj4d5I\/AAAAAAAABwk\/EGSR7VfMvyg\/s400\/todosloshombressoisigualesnu9.jpg\" alt=\"\" width=\"344\" height=\"212\" \/><\/p>\n<p><strong>Personajes:<\/strong> Josema Yuste, uno de los integrantes de Martes y Trece, Fernando Valverde y Luis Fernando Alv\u00e9s eran los tres grandes personajes masculinos de la serie. A su vera pivotaba Ana Otero como verdadero fact\u00f3tum de la casa y con su sola presencia lograba revolucionarlos hasta hacerlos caer en el mayor de los rid\u00edculos. Era un planteamiento ingenuo y un tanto retr\u00f3grado, pero lo cierto es que la serie funcionaba.<\/p>\n<p>La galer\u00eda de secundarios era muy extensa tambi\u00e9n, con descubrimientos como el de Laura Pamplona (la m\u00edtica Alicia de la no menos m\u00edtica &#8216;Aqu\u00ed no hay quien viva&#8217;). Y no olvidar\u00e9 la interpretaci\u00f3n de Ramiro Oliveros, I\u00f1aki en la serie, un aut\u00e9ntico p\u00e1nfilo que interpretaba a la nueva pareja sentimental de Isabel Ordaz. Todas sus intervenciones rayaban el cachondeo.<\/p>\n<p><img loading=\"lazy\" class=\"aligncenter\" title=\"Laura Pamplona y Luis Fernando Alv\u00e9s\" src=\"\/\/www.magicspain.com\/bocaboca\/evento1\/thumbnailsc\/photoc29.jpg\" alt=\"\" width=\"350\" height=\"260\" \/><\/p>\n<p><strong>Valoraci\u00f3n:<\/strong> Personalmente, guardo un gran recuerdo de la serie y reconozco que me lo pasaba bomba con sus cap\u00edtulos. No s\u00e9 qu\u00e9 tal habr\u00e1 soportado el paso del tiempo, el juez m\u00e1s exigente que existe, ni si vista hoy en d\u00eda tendr\u00e1 un hedor a rancio que echar\u00e1 para atr\u00e1s. Pero era entretenimiento puro con escenas\u00a0hilarantes y una gota de humor absurdo que formaban un envoltorio atractivo. Es verdad que su encanto se fue menguando cuando el drama fue ganando m\u00e1s terreno a la comedia (defecto end\u00e9mico de este pa\u00eds), pero no vamos a ser excesivamente duros con nuestra memoria.<\/p>\n<p>Todos Los Hombres Sois Iguales desprend\u00eda buen rollo y nos hac\u00eda pasar un muy buen rato delante de la peque\u00f1a pantalla. Las casquetas de Fernando Valverde, los n\u00fameros de Josema Yuste, los pintorescos vecinos&#8230; la serie no pretend\u00eda ir m\u00e1s all\u00e1, simplemente promet\u00eda entretenimiento. Y lo consegu\u00eda.<\/p>\n<p>Vamos a terminar el hilo con la m\u00fasica de la pel\u00edcula y la serie. Yo creo que se acordar\u00e1n de ella&#8230;<\/p>\n<p>\u00a0 <iframe loading=\"lazy\" src=\"\/\/www.youtube.com\/embed\/P0MDKEBDz0Y\" frameborder=\"0\" width=\"560\" height=\"315\"><\/iframe><\/p>\n<p>Si quieren mantener una conversaci\u00f3n de tono melanc\u00f3lico y tirar de recuerdos, sepan que pueden hacerlo aqu\u00ed o tambi\u00e9n en nuestras cuentas de Twitter (@jefoce) y (@lmejino). Un placer.<\/p>\n<p>Lorenzo Mejino\/Mikel Madinabeitia<\/p>\n<!-- AddThis Advanced Settings generic via filter on the_content --><!-- AddThis Share Buttons generic via filter on the_content -->","protected":false},"excerpt":{"rendered":"<p>Ya saben ustedes, queridos lectores, que la nostalgia nos invade de vez en cuando y puede que eso sea un error, pero convendr\u00e1n conmigo en que seduce. Hoy vamos a recordar dos series espa\u00f1olas de\u00a0hace bastantes a\u00f1os que corrieron suerte dispar en la dictadura de las audiencias. Todos Los Hombres Sois Iguales, inspirada\u00a0en la pel\u00edcula [&hellip;]<!-- AddThis Advanced Settings generic via filter on get_the_excerpt --><!-- AddThis Share Buttons generic via filter on get_the_excerpt --><\/p>\n","protected":false},"author":62,"featured_media":0,"comment_status":"open","ping_status":"closed","sticky":false,"template":"","format":"standard","meta":[],"categories":[24,30,20],"tags":[259,841,1108,2771,2848],"_links":{"self":[{"href":"https:\/\/blogs.diariovasco.com\/series-gourmets\/wp-json\/wp\/v2\/posts\/381"}],"collection":[{"href":"https:\/\/blogs.diariovasco.com\/series-gourmets\/wp-json\/wp\/v2\/posts"}],"about":[{"href":"https:\/\/blogs.diariovasco.com\/series-gourmets\/wp-json\/wp\/v2\/types\/post"}],"author":[{"embeddable":true,"href":"https:\/\/blogs.diariovasco.com\/series-gourmets\/wp-json\/wp\/v2\/users\/62"}],"replies":[{"embeddable":true,"href":"https:\/\/blogs.diariovasco.com\/series-gourmets\/wp-json\/wp\/v2\/comments?post=381"}],"version-history":[{"count":0,"href":"https:\/\/blogs.diariovasco.com\/series-gourmets\/wp-json\/wp\/v2\/posts\/381\/revisions"}],"wp:attachment":[{"href":"https:\/\/blogs.diariovasco.com\/series-gourmets\/wp-json\/wp\/v2\/media?parent=381"}],"wp:term":[{"taxonomy":"category","embeddable":true,"href":"https:\/\/blogs.diariovasco.com\/series-gourmets\/wp-json\/wp\/v2\/categories?post=381"},{"taxonomy":"post_tag","embeddable":true,"href":"https:\/\/blogs.diariovasco.com\/series-gourmets\/wp-json\/wp\/v2\/tags?post=381"}],"curies":[{"name":"wp","href":"https:\/\/api.w.org\/{rel}","templated":true}]}}