{"id":3992,"date":"2015-07-31T07:00:32","date_gmt":"2015-07-31T06:00:32","guid":{"rendered":"http:\/\/blogs.diariovasco.com\/series-gourmets\/?p=3992"},"modified":"2015-07-31T07:00:32","modified_gmt":"2015-07-31T06:00:32","slug":"enlightened-iluminada-la-primera-serie-zen-y-new-age","status":"publish","type":"post","link":"https:\/\/blogs.diariovasco.com\/series-gourmets\/2015\/07\/31\/enlightened-iluminada-la-primera-serie-zen-y-new-age\/","title":{"rendered":"Enlightened ( Iluminada). La primera serie Zen y &#8220;New Age&#8221;"},"content":{"rendered":"<p>La innovaci\u00f3n en abordar nuevas tem\u00e1ticas en las series televisivas ha tenido un gran impulso en el presente siglo, con la entrada de muchas cadenas en el campo de la producci\u00f3n de series, buscando segmentos de mercado muy espec\u00edficos que estaban olvidados por las cadenas generalistas.<\/p>\n<p>El caso mas claro de los \u00faltimos a\u00f1os, es la serie que les vamos a analizar hoy, \u201cEnlightened\u201d que aqu\u00ed se estren\u00f3 con el nombre de \u201cIluminada\u201d, donde aborda tem\u00e1ticas como la autoayuda, terapias alternativas y hol\u00edsticas en el contexto de una complicada situaci\u00f3n laboral y personal de la protagonista absoluta de la serie.<\/p>\n<p>Su mensaje fue visto por poqu\u00edsima gente, pero se dio la circunstancia de que casi todos ellos, la convirtieron en su serie de cabecera, con varios cr\u00edticos muy influyentes a ambos lados del oc\u00e9ano, ensalz\u00e1ndola a niveles de obra maestra, pero sin que sus lectores se hicieran apenas eco de las maravillas que proclamaban a los cuatro vientos.<\/p>\n<p>Ya les aviso que si buscan una defensa ac\u00e9rrima y a ultranza de los valores de esta serie, en este articulo no la van a encontrar, pero si que vamos a intentar darles algunos elementos para que puedan valorar si les puede interesar verla y a lo mejor pasarse al reducido grupo de sus valedores incondicionales, o por el contrario quedarse en nuestra compa\u00f1\u00eda con cierta escepticidad o desinter\u00e9s ante lo que nos cuenta \u201cIluminada\u201d.<\/p>\n<p><strong><a href=\"\/series-gourmets\/wp-content\/uploads\/sites\/37\/2015\/07\/enlightened-e1437994382188.jpg\"><img loading=\"lazy\" class=\"aligncenter size-full wp-image-3994\" title=\"enlightened\" src=\"\/series-gourmets\/wp-content\/uploads\/sites\/37\/2015\/07\/enlightened-e1437994382188.jpg\" alt=\"\" width=\"560\" height=\"633\" srcset=\"https:\/\/static-blogs.diariovasco.com\/wp-content\/uploads\/sites\/37\/2015\/07\/enlightened-e1437994382188.jpg 560w, https:\/\/static-blogs.diariovasco.com\/wp-content\/uploads\/sites\/37\/2015\/07\/enlightened-e1437994382188-265x300.jpg 265w\" sizes=\"(max-width: 560px) 100vw, 560px\" \/><\/a>Ficha:<\/strong> Enlightened (Iluminada) , 18 episodios. Oct 2011 -Mar 2013 <strong>Cadena:<\/strong> HBO (USA)-Canal + (E).<\/p>\n<p><strong>Sinopsis:<\/strong>\u00a0Amy Jellicoe es una ejecutiva de nivel medio en una gran corporaci\u00f3n industrial que acaba teniendo una grav\u00edsima crisis existencial, explotando de forma incontrolada en medio de una reuni\u00f3n. Tras desaparecer durante un tiempo y someterse a diversas terapias alternativas, vuelve completamente cambiada, y dispuesta a conseguir mejorar no solo su calidad de vida sino tambi\u00e9n la de todo su entorno. Desgraciadamente sus esfuerzos de cambio no son recibidos con el mismo entusiasmo ni por sus jefes ni por su familia<\/p>\n<p><strong>El inicio:\u00a0<\/strong> Mike White era un guionista todo terreno, que hab\u00eda trabajado en series como \u201cFreaks and Geeks\u201d o \u201cDawson\u00b4s Creek\u201d, o como escritor de pel\u00edculas de Jack Black, como \u201cSchool of Rock\u201d o \u201cNacho Libre\u201d. A principios de siglo cre\u00f3 su propia serie \u201cPasadena\u201d, durante la cual sufri\u00f3 una gran crisis nerviosa, tras la que tuvo que retirarse durante un tiempo y se empez\u00f3 a introducir en la meditaci\u00f3n budista.<\/p>\n<p>La actriz Laura Dern era una vecina y amiga de Mike White, que hab\u00eda firmado un contrato con HBO, para desarrollar una serie, por lo que se puso en contacto con White, para que trabajara sobre una idea que le rondaba por la cabeza, de una serie sobre una activista de derechos civiles que entraba en pol\u00edtica, basada en su propia experiencia como ferviente y entusiasta colaboradora en el campa\u00f1a de Barack Obama.<\/p>\n<p><a href=\"\/series-gourmets\/wp-content\/uploads\/sites\/37\/2015\/07\/white-e1437994434599.jpg\"><img loading=\"lazy\" class=\"aligncenter size-full wp-image-3997\" title=\"white\" src=\"\/series-gourmets\/wp-content\/uploads\/sites\/37\/2015\/07\/white-e1437994434599.jpg\" alt=\"\" width=\"560\" height=\"315\" srcset=\"https:\/\/static-blogs.diariovasco.com\/wp-content\/uploads\/sites\/37\/2015\/07\/white-e1437994434599.jpg 560w, https:\/\/static-blogs.diariovasco.com\/wp-content\/uploads\/sites\/37\/2015\/07\/white-e1437994434599-300x169.jpg 300w\" sizes=\"(max-width: 560px) 100vw, 560px\" \/><\/a>White no ve\u00eda nada clara la premisa, y decidi\u00f3 llevarla a su terreno, uniendo su propia experiencia existencial de su crisis y recuperaci\u00f3n, con el de una activista por el cambio positivo pero dentro de una gran corporaci\u00f3n en lugar \u00a0de a nivel pol\u00edtico, fusionando ambos conceptos a nivel creativo para dar forma al personaje central como un infiltrado en una gran compa\u00f1\u00eda despiadada e inhumana.<\/p>\n<p>Debido a lo extra\u00f1o de la premisa, White en lugar de escribir \u00fanicamente el piloto, escribi\u00f3 la primera temporada completa de 10 cap\u00edtulos, que fue la que present\u00f3 para su aprobaci\u00f3n a HBO, para que vieran el tono y la evoluci\u00f3n de la serie que no era nada evidente con solo ver el piloto.<\/p>\n<p>HBO dio luz verde a la 1T, tras ver el entusiasmo de Dern y White y la puso en la programaci\u00f3n de los lunes a partir del mes de Octubre de 2011, anunci\u00e1ndola con el siguiente trailer, donde vemos su ataque inicial de nervios y posterior recuperaci\u00f3n inicial<br \/>\n<iframe loading=\"lazy\" src=\"https:\/\/www.youtube.com\/embed\/LBq_J08srVA\" frameborder=\"0\" width=\"560\" height=\"315\"><\/iframe><br \/>\nLas cr\u00edticas fueron bastante polarizadas, o se entregaban completamente a la misma desde el principio o por el contrario la respuesta era una indiferencia casi absoluta . Las audiencias en cambio, fueron infinitesimales desde el principio, de las mas bajas que he visto jamas para una serie y no llegaron ni al cuarto de mill\u00f3n de espectadores para el piloto, llegando en algunos casos a estar por debajo de los 100.000 espectadores en la 1T.<\/p>\n<p>HBO tuvo muy claro desde el principio que \u201cEnlightened\u201d era una serie de prestigio para la cadena, mas que para atraer espectadores, y a pesar de esas cifras, la renov\u00f3 de forma inmediata para su 2T, acompa\u00f1ada de diversos art\u00edculos de sus cr\u00edticos mas entregados, del estilo \u201c La mejor serie que no est\u00e1 viendo nadie\u201d o de corte similar.<\/p>\n<p><strong>La trama:\u00a0<\/strong> El trayecto personal de la superaci\u00f3n personal \u00a0de Amy Jellicoe, es el esqueleto central de la serie, empezando por la introducci\u00f3n donde vemos el momento en que sus nervios revientan por completo, para trasladarnos de forma inmediata en un salto del tiempo, al momento en que se encuentra recuperada, gracias a las t\u00e9cnicas de meditaci\u00f3n y superaci\u00f3n personal que ha seguido en un retiro espiritual en Hawaii.<\/p>\n<p>La serie propiamente dicha, arranca con su vuelta del retiro espiritual y sus intentos para reincorporarse en su antigua posici\u00f3n laboral ,con el prop\u00f3sito claro de generar un cambio positivo en su trabajo, cambiando metodolog\u00edas y procesos laborales, para hacerlos socialmente y ambientalmente, mucho mas adecuados a la sociedad actual.<\/p>\n<p>Su nueva actitud de cambiar el mundo a trav\u00e9s de peque\u00f1os gestos, no es recibida con los brazos abiertos por sus antiguos jefes, que la readmiten, pero la destierran a un departamento gris y oscuro en el s\u00f3tano del edificio, donde b\u00e1sicamente se dedican a introducir datos de forma rutinaria, lugar donde Amy empezar\u00e1 su cruzada personal hacia el cambio.<\/p>\n<p>En paralelo a la escena laboral, tenemos su \u00e1mbito personal, con su relaci\u00f3n con su madre, con la que vive tras volver de su retiro espiritual. Su madre protectora, pero muy tranquila, funciona como un punto de apoyo fijo en la vida de Amy, que le da sus valoraciones sin tapujos sobre los bandazos que va dando su vida..<br \/>\n<iframe loading=\"lazy\" src=\"https:\/\/www.youtube.com\/embed\/kqY9jNzefPE?list=PLArBMoKUEk_I21JrqnA7T8aONWoEHe--Y\" frameborder=\"0\" width=\"560\" height=\"315\"><\/iframe><br \/>\nPara finalizar la estampa familiar, tenemos el ex-marido de Amy, Levi, que es una clara representaci\u00f3n de todos los vicios del pasado que Amy ha conseguido dejar atr\u00e1s, pero que Levi no ha podido, y que representa otro proyecto personal, para intentar recuperar a su ex-c\u00f3nyuge del agujero negro donde se ha metido.<br \/>\n<iframe loading=\"lazy\" src=\"https:\/\/www.youtube.com\/embed\/HkQUwibRVe0\" frameborder=\"0\" width=\"560\" height=\"315\"><\/iframe><br \/>\nCon estas bases, la 1T desarrolla las cruzadas personales de Amy tanto en el \u00e1mbito laboral como en el personal, el mas interesante es sin duda alguna su interacci\u00f3n con los \u201cfantasmas\u201d de su oficina, gente gris y anodina, que se dedican a cumplir su horario sin preguntarse lo que hacen all\u00ed y si su trabajo es de alguna utilidad, como muestra el <a href=\"https:\/\/www.youtube.com\/watch?v=QzaNfWF71qY\" rel=\"external nofollow\">siguiente v\u00eddeo<\/a>, donde interacciona principalmente con el apocado Tyler, al que da vida el autor de la serie Mike White.<\/p>\n<p>La incomprensi\u00f3n de sus compa\u00f1eros frente a sus repetidos intentos de cambiar infructuosamente las cosas, se pueden resumir en el siguiente v\u00eddeo<br \/>\n<iframe loading=\"lazy\" src=\"https:\/\/www.youtube.com\/embed\/Vry8y-ODTUA\" frameborder=\"0\" width=\"560\" height=\"315\"><\/iframe><\/p>\n<p>Cada episodio tiene un hilo conductor, amistad, amor, lealtad, familia, etc, sobre el que se oye la voz en off de la protagonista expresando sus sentimientos mas \u00edntimos al respecto y sus deseos de cambio, que la cruda realidad le pone en perspectiva una y otra vez.<\/p>\n<p>Su viaje personal no es sencillo y est\u00e1 repleto de contradicciones ya que cuesta mucho saltar al vac\u00edo sin paraca\u00eddas y el contraste entre sus deseos idealistas y sus necesidades materiales ( casa, dinero, coche), forman el eje conductor de gran parte de la serie.<\/p>\n<p>La 1T de la serie va jugando y cambiando entre ambos planos el familiar y el laboral, mientras que en la 2T, se centra mas en sus esfuerzos para sacar a la luz y denunciar las nefastas pr\u00e1cticas laborales ambientales de su empresa.Su idealismo y ganas de buen rollo impregnan su comportamiento, pero en muchas ocasiones su falta de mano izquierda y de tacto con la gente, la hacen parecer mas cercana a una p\u00e1nfila o una loca narcisista, que solo se preocupa de sus objetivos personales por muy altruistas que pudieran ser, llev\u00e1ndose por delante a quien pille en su af\u00e1n por denunciar o cambiar las cosas.<\/p>\n<p>Mi relaci\u00f3n con la serie ha sido extra\u00f1a, ya que la empec\u00e9 a ver en el momento de su estreno, para abandonarla r\u00e1pidamente ya que ni la tem\u00e1tica me interesaba y sobre todo el personaje principal se me hacia insufrible, con toda esa tem\u00e1tica buen rollera y trascendental, para justificar un comportamiento mas que dudoso en bastantes ocasiones, queriendo arreglar todo y a todos a su manera.<\/p>\n<p>La serie durmi\u00f3 el sue\u00f1o de los justos, hasta que un buen seguidor del blog , que la tiene en sus altares personales, me pidi\u00f3 un an\u00e1lisis de la misma, porque quer\u00eda conocer mi opini\u00f3n sobre ella, por lo que me puse manos a la obra y la verdad es que al ser una serie corta, se ve con mucha celeridad.<\/p>\n<p>Tras verla completa, mi opini\u00f3n personal no ha cambiado mucho al respecto, ya que sigo sin poder soportar al personaje de Amy y sus contradicciones continuas, en especial en su relaci\u00f3n con su madre y con su ex-marido. En cambio la parte laboral me ha convencido bastante mas, gracias a los excelentes secundarios que ten\u00edamos en la oficina, y que proporcionaban los mejores momentos de la serie, sobre todo en la 2T, bastante mejor que la primera<\/p>\n<p>Su tono, demasiado ligero para ser un drama, pero muy sombr\u00edo para una comedia, tampoco ayudaba mucho en mi apreciaci\u00f3n personal, ya que me encantan los productos h\u00edbridos, pero hechos de forma consciente y no por indefinici\u00f3n o falta de concreci\u00f3n como me parec\u00eda en este caso.<\/p>\n<p>De todas formas y como ya he comentado en alguna ocasi\u00f3n, el hecho de que personalmente no me gust\u00e9 mucho una serie, no quiere decir que sea mala ni mucho menos, sino que como sucede en este caso, sencillamente no es mi estilo de serie ni por tono ni por tem\u00e1tica , pero entiendo perfectamente que a las personas mas introducidas en el tema de terapias alternativas, superaci\u00f3n personal y autoayuda, les atraiga sobremanera.<\/p>\n<p>Por ello si a usted le gustan estos temas, si que le recomendar\u00eda que le diera una oportunidad, porque he comprobado que si le entra bien, le va a encantar y en este caso vale la pena el riesgo por la posible recompensa que puede tener en su visionado y de hecho estar\u00eda muy contento que eso sucediera, a pesar de mis gustos personales sobre la misma.<\/p>\n<p><strong>Los actores:\u00a0<\/strong> Laura Dern es toda una estrella cinematogr\u00e1fica, con multitud de pel\u00edculas, a la que sus apariciones en las pel\u00edculas del gran David Lynch, le han dado fama de ser una actriz capaz de enfrentarse a cualquier papel por raro que sea.<\/p>\n<p>En este caso, consigue lo mas dif\u00edcil, hacer cre\u00edble y hacerme empatizar en algunos momentos, un personaje tan insufrible para mi gusto como Amy Jellicoe, protagonista absoluta de la serie y eso es debido a su gran actuaci\u00f3n que transmite todos los matices de semejante persona. Recuerdo pocos casos, en que me encantar\u00e1 la actuaci\u00f3n pero que detestara al personaje y por eso me saco el sombrero ante Laura Dern por ese hecho.<\/p>\n<p>Este papel le dio el Globo de Oro a la mejor actriz de comedia en 2011, al encandilar a los escasos corresponsales extranjeros que votan , y tambi\u00e9n le vali\u00f3 la nominaci\u00f3n al Emmy ese mismo a\u00f1o. Sus impresiones al interpretar a Amy, las pueden ver en el siguiente v\u00eddeo<br \/>\n<iframe loading=\"lazy\" src=\"https:\/\/www.youtube.com\/embed\/CvDVc8DX67w\" frameborder=\"0\" width=\"560\" height=\"315\"><\/iframe><br \/>\nTras la serie volvi\u00f3 al cine y a sus papeles dif\u00edciles como en \u201cWild\u201d, que le vali\u00f3 su segunda nominaci\u00f3n al Oscar, tras la que tuvo veinte a\u00f1os antes por \u201cRamblin Rose\u201d que precisamente comparti\u00f3 con su madre con la que sale de nuevo en esta serie.<\/p>\n<p>Su madre Diane Ladd lleva una largu\u00edsima carrera en el cine, con apariciones en grandes pel\u00edculas como \u201cChinatown\u201d o \u201cAlicia ya no vive aqui\u201d, y posteriormente en algunas de David Lynch junto a su hija. A sus 75 a\u00f1os acept\u00f3 el papel de la centrada madre, para pasar mas tiempo con su hija, con la que ha tenido una complicada relaci\u00f3n a lo largo de los a\u00f1os.<\/p>\n<p><a href=\"\/series-gourmets\/wp-content\/uploads\/sites\/37\/2015\/07\/ladd-e1437994411308.jpg\"><img loading=\"lazy\" class=\"aligncenter size-full wp-image-3996\" title=\"Diane Ladd, Laura Dern\" src=\"\/series-gourmets\/wp-content\/uploads\/sites\/37\/2015\/07\/ladd-e1437994411308.jpg\" alt=\"\" width=\"560\" height=\"303\" srcset=\"https:\/\/static-blogs.diariovasco.com\/wp-content\/uploads\/sites\/37\/2015\/07\/ladd-e1437994411308.jpg 560w, https:\/\/static-blogs.diariovasco.com\/wp-content\/uploads\/sites\/37\/2015\/07\/ladd-e1437994411308-300x162.jpg 300w\" sizes=\"(max-width: 560px) 100vw, 560px\" \/><\/a>Su papel es reducido, de pocas escenas por episodio, pero la complicidad entre ambas traspasa la pantalla y siempre es un placer ver a Diane Ladd en cualquier papelito que cada vez son mas escasos por su edad.<\/p>\n<p>Los m\u00e9ritos de Luke Wilson para conseguir trabajar como actor, siempre han sido un misterio insondable para mi, ya que siempre hace el mismo papel con las mismas caras, especializ\u00e1ndose en hacer de colega simp\u00e1tico. En este caso en un papel supuestamente mas dram\u00e1tico que lo habitual, sigue con sus caretos habituales, sin conseguir trasmitir nada de nada, excepto tedio.<\/p>\n<p><a href=\"\/series-gourmets\/wp-content\/uploads\/sites\/37\/2015\/07\/enlightened-Luke-Wilson-Laura-Dern-e1437994398472.jpg\"><img loading=\"lazy\" class=\"aligncenter size-full wp-image-3995\" title=\"enlightened-Luke-Wilson-Laura-Dern\" src=\"\/series-gourmets\/wp-content\/uploads\/sites\/37\/2015\/07\/enlightened-Luke-Wilson-Laura-Dern-e1437994398472.jpg\" alt=\"\" width=\"560\" height=\"348\" \/><\/a>Tras la serie sigue trabajando en papeles secundarios por muchos sitios, pero voy a intentar evitarlo en la medida de lo posible.<\/p>\n<p>Los colegas de Amy en la oficina son una buena colecci\u00f3n de personajes oscuros y sin aparente inter\u00e9s, pero que demuestran que hay mucha mas vida que la que aparenta, empezando por el propio creador de la serie Mike White ( segundo izquierda) , que hace el mejor papel de todos los compa\u00f1eros, como el mosquita muerta Tyler, que acaba despertando el le\u00f3n de su interior. White, curiosamente ha compaginado la serie, con apariciones como concursante en el reality \u201cThe Amazing Race\u201d, en dos ocasiones junto a su padre.<\/p>\n<p><a href=\"\/series-gourmets\/wp-content\/uploads\/sites\/37\/2015\/07\/cast4-e1437994447311.jpg\"><img loading=\"lazy\" class=\"aligncenter size-full wp-image-3998\" title=\"cast\" src=\"\/series-gourmets\/wp-content\/uploads\/sites\/37\/2015\/07\/cast4-e1437994447311.jpg\" alt=\"\" width=\"560\" height=\"218\" srcset=\"https:\/\/static-blogs.diariovasco.com\/wp-content\/uploads\/sites\/37\/2015\/07\/cast4-e1437994447311.jpg 560w, https:\/\/static-blogs.diariovasco.com\/wp-content\/uploads\/sites\/37\/2015\/07\/cast4-e1437994447311-300x117.jpg 300w\" sizes=\"(max-width: 560px) 100vw, 560px\" \/><\/a>Jason Mantzoukas ( primero derecha), es un c\u00f3mico especializado en papeles muy desmadrados como su Rafi en \u201cThe League\u201d, y que aqu\u00ed est\u00e1 en el papel mas controlado que le recuerdo, como un inform\u00e1tico bastante brusco y rudo. Timm Sharp ( segundo derecha) interpreta al borde jefe de la oficina siniestra del s\u00f3tano y es otro de los puntos brillantes del reparto, con sus continuos enfrentamientos con su empleada Amy, a Sharp le hab\u00edamos visto en una comedia de culto como \u201cUndeclared\u201d y poca cosa mas hab\u00eda hecho despu\u00e9s. Por \u00faltimo a la izquierda tenemos a Baine Gibby que daba vida a una prescindible trabajadora muy religiosa, sin nada que mencionar en su vida art\u00edstica.<\/p>\n<p><strong>El final:<\/strong> La serie fue renovada para la 2T, y consigui\u00f3 premios y nominaciones tanto a los Globos de Oro como a los Emmy, que le insuflaron algo de vida, pero las audiencias de la 2T siguieron al nivel del fondo de la piscina y la serie fue cancelada al final de la 2T.<\/p>\n<p>Mike White. que escribi\u00f3 todos los episodios de la serie , decidi\u00f3 hacer uso de su inteligencia e hizo un cierre de la 2T que pod\u00eda servir perfectamente como final de serie, como acabo siendo, al cerrar las historias tanto laborales como personales de la buena de Amy y su b\u00fasqueda interior<\/p>\n<p><strong>Epilogo:<\/strong><\/p>\n<p>\u201cEnlightened\u201d es una de esas series que despierta semejantes muestras de adhesi\u00f3n incondicional por gente poco habitual en sus halagos y elogios, que solo por esa raz\u00f3n deber\u00eda suscitar la curiosidad del seri\u00e9filo que pueda pensar que los temas que trata son de su inter\u00e9s, porque a lo mejor descubre una joya oculta.<\/p>\n<p>Si por el contrario, los v\u00eddeos y el an\u00e1lisis no le han acabado de entusiasmar, casi que mejor no lo intente, porque dudo mucho que le acabe de convencer su visionado, y para eso, ya nos hemos encargado nosotros de hacer el trabajo sucio de verla y as\u00ed se lo puede ahorrar.<\/p>\n<p>Esperamos sus opiniones y comentarios, aqu\u00ed o en nuestras\u00a0cuentas de twitter (@lmejino). Hasta la pr\u00f3xima.<br \/>\nLorenzo Mejino<\/p>\n<!-- AddThis Advanced Settings generic via filter on the_content --><!-- AddThis Share Buttons generic via filter on the_content -->","protected":false},"excerpt":{"rendered":"<p>La innovaci\u00f3n en abordar nuevas tem\u00e1ticas en las series televisivas ha tenido un gran impulso en el presente siglo, con la entrada de muchas cadenas en el campo de la producci\u00f3n de series, buscando segmentos de mercado muy espec\u00edficos que estaban olvidados por las cadenas generalistas. El caso mas claro de los \u00faltimos a\u00f1os, es [&hellip;]<!-- AddThis Advanced Settings generic via filter on get_the_excerpt --><!-- AddThis Share Buttons generic via filter on get_the_excerpt --><\/p>\n","protected":false},"author":61,"featured_media":0,"comment_status":"open","ping_status":"closed","sticky":false,"template":"","format":"standard","meta":[],"categories":[30,14,16],"tags":[755,882,1181,1604,1945],"_links":{"self":[{"href":"https:\/\/blogs.diariovasco.com\/series-gourmets\/wp-json\/wp\/v2\/posts\/3992"}],"collection":[{"href":"https:\/\/blogs.diariovasco.com\/series-gourmets\/wp-json\/wp\/v2\/posts"}],"about":[{"href":"https:\/\/blogs.diariovasco.com\/series-gourmets\/wp-json\/wp\/v2\/types\/post"}],"author":[{"embeddable":true,"href":"https:\/\/blogs.diariovasco.com\/series-gourmets\/wp-json\/wp\/v2\/users\/61"}],"replies":[{"embeddable":true,"href":"https:\/\/blogs.diariovasco.com\/series-gourmets\/wp-json\/wp\/v2\/comments?post=3992"}],"version-history":[{"count":0,"href":"https:\/\/blogs.diariovasco.com\/series-gourmets\/wp-json\/wp\/v2\/posts\/3992\/revisions"}],"wp:attachment":[{"href":"https:\/\/blogs.diariovasco.com\/series-gourmets\/wp-json\/wp\/v2\/media?parent=3992"}],"wp:term":[{"taxonomy":"category","embeddable":true,"href":"https:\/\/blogs.diariovasco.com\/series-gourmets\/wp-json\/wp\/v2\/categories?post=3992"},{"taxonomy":"post_tag","embeddable":true,"href":"https:\/\/blogs.diariovasco.com\/series-gourmets\/wp-json\/wp\/v2\/tags?post=3992"}],"curies":[{"name":"wp","href":"https:\/\/api.w.org\/{rel}","templated":true}]}}