{"id":4230,"date":"2015-10-07T07:00:28","date_gmt":"2015-10-07T06:00:28","guid":{"rendered":"http:\/\/blogs.diariovasco.com\/series-gourmets\/?p=4230"},"modified":"2015-10-07T07:00:28","modified_gmt":"2015-10-07T06:00:28","slug":"powers-superheroes-de-segunda-regional","status":"publish","type":"post","link":"https:\/\/blogs.diariovasco.com\/series-gourmets\/2015\/10\/07\/powers-superheroes-de-segunda-regional\/","title":{"rendered":"Powers: Superh\u00e9roes de segunda regional"},"content":{"rendered":"<p>La eclosi\u00f3n de todo tipo de series y pel\u00edculas basadas en c\u00f3mics es una de las principales caracter\u00edsticas de los \u00faltimos a\u00f1os en todo el mundo, con innumerables adaptaci0nes de personajes nacidos en los libros de c\u00f3mics, a imagen y semejanza de lo que lleva sucediendo en Jap\u00f3n desde hace muchos a\u00f1os.<\/p>\n<p>Ejemplos tenemos en muchos pa\u00edses desde Francia ( Ast\u00e9rix), hasta el nuestro donde los personajes de Ib\u00e1\u00f1ez y V\u00e1zquez, han inspirado bastantes pel\u00edculas, con el \u00faltimo ejemplo en \u201cAnacleto, agente secreto\u201d, recientemente estrenada, pero l\u00f3gicamente la explosi\u00f3n se ha producido en los EUA, donde la mejora de las t\u00e9cnicas de animaci\u00f3n gr\u00e1fica han permitido acometer estas adaptaciones a costes asumibles, por los estudios de producci\u00f3n.<\/p>\n<p>Las series de superh\u00e9roes han sido las \u00faltimas en subirse al carro, aprovech\u00e1ndose de las bases de fans \u00a0de la obra gr\u00e1fica de partida, pero el tiempo ha ido demostrando que hay de todo como en botica, y al lado de series de una magn\u00edfica factura, se han colado verdaderos esperpentos como es el caso de una de las estrenadas este a\u00f1o, Powers , primera serie de ficci\u00f3n de la plataforma Playstation de Sony.<\/p>\n<p>Su estreno ha supuesto una enorme decepci\u00f3n para mucha gente que sencillamente se esperaba algo mas decente y se ha encontrado con una cosa que solo han podido soportar los mas ac\u00e9rrimos seguidores del c\u00f3mic, como vamos a intentar a explicar en el siguiente an\u00e1lisis<\/p>\n<p><strong><a href=\"\/series-gourmets\/wp-content\/uploads\/sites\/37\/2015\/09\/powers-tv-show-cast-photo-e1443440724588.jpg\"><img loading=\"lazy\" class=\"aligncenter size-full wp-image-4231\" title=\"powers-tv-show-cast-photo\" src=\"\/series-gourmets\/wp-content\/uploads\/sites\/37\/2015\/09\/powers-tv-show-cast-photo-e1443440724588.jpg\" alt=\"\" width=\"560\" height=\"407\" srcset=\"https:\/\/static-blogs.diariovasco.com\/wp-content\/uploads\/sites\/37\/2015\/09\/powers-tv-show-cast-photo-e1443440724588.jpg 560w, https:\/\/static-blogs.diariovasco.com\/wp-content\/uploads\/sites\/37\/2015\/09\/powers-tv-show-cast-photo-e1443440724588-300x218.jpg 300w\" sizes=\"(max-width: 560px) 100vw, 560px\" \/><\/a>Ficha:<\/strong> Powers 10+ episodios.\u00a0\u00a0 Mar 2015- <strong>Cadena:<\/strong> \u00a0Powerstation (USA) Canal+series (E)<\/p>\n<p><strong>Sinopsis:<\/strong>\u00a0 En un mundo donde coexisten los humanos y los superh\u00e9roes con bastantes tiranteces, existe una divisi\u00f3n especial de la brigada de homicidios llamada Powers, que investiga los delitos causados por los superh\u00e9roes. El detective estrella de la divisi\u00f3n es Christian Walker, que en sus tiempos fue Diamond, un superh\u00e9roe ahora caido en desgracia, al perder sus poderes de volar. Ese hecho le ha hecho reciclarse en detective para poder \u00a0detener a sus antiguos cong\u00e9neres, \u00a0misi\u00f3n que lleva a cabo junto a su compa\u00f1era, una novata proveniente de una estirpe de policias que intenta seguir sus pasos.<br \/>\n<strong><\/strong><\/p>\n<p><strong>El inicio:<\/strong> Brian Michael Bendis es uno de los mas conocidos escritores de c\u00f3mics del mundo, y que ha trabajado en los mejores personajes del mundo Marvel. Uno de sus primeros trabajos, en 1999, \u00a0fue la creaci\u00f3n junto al dibujante Michael Avon Oeming de Powers, de un c\u00f3mic donde mezclaba elementos de cine negro y de superh\u00e9roes, lo que les supuso ganar \u00a0los mayores premios del sector en el a\u00f1o de su debut.<\/p>\n<p>El \u00e9xito del c\u00f3mic indujo a la productora Sony a comprar los derechos del c\u00f3mic para hacer una serie o una pel\u00edcula del mismo con la colaboraci\u00f3n del propio Bendis. El desarrollo del proyecto no se inici\u00f3 hasta ocho a\u00f1os despu\u00e9s cuando Bendis anunci\u00f3 la escritura de un piloto para FX sobre su c\u00f3mic; una vez rodado el piloto, este no convenci\u00f3 en absoluto a FX, que orden\u00f3 diversos cambios de casting y de gui\u00f3n, hasta declinar emitirlo.<\/p>\n<p>En ese momento Sony decidi\u00f3 tomar las riendas del proyecto y aprovechando la existencia de su plataforma de entretenimiento para la c\u00f3nsola Playstation, que permit\u00eda servicios de streaming, decidi\u00f3 apostar por su primera serie de ficci\u00f3n para ese canal el PlayStation Network, fichando a otro escritor Charlie Huston ( derecha), para que colaborara con Bendis (izq), en el concepto de la serie y que fuera el showrunner de la misma.<\/p>\n<p>&nbsp;<\/p>\n<p><a href=\"\/series-gourmets\/wp-content\/uploads\/sites\/37\/2015\/09\/hustoncharlie-e1443440772115.jpg\"><img loading=\"lazy\" class=\"alignright size-full wp-image-4234\" title=\"hustoncharlie\" src=\"\/series-gourmets\/wp-content\/uploads\/sites\/37\/2015\/09\/hustoncharlie-e1443440772115.jpg\" alt=\"\" width=\"280\" height=\"381\" srcset=\"https:\/\/static-blogs.diariovasco.com\/wp-content\/uploads\/sites\/37\/2015\/09\/hustoncharlie-e1443440772115.jpg 280w, https:\/\/static-blogs.diariovasco.com\/wp-content\/uploads\/sites\/37\/2015\/09\/hustoncharlie-e1443440772115-220x300.jpg 220w\" sizes=\"(max-width: 280px) 100vw, 280px\" \/><\/a><\/p>\n<p><a href=\"\/series-gourmets\/wp-content\/uploads\/sites\/37\/2015\/09\/bendis-e1443440740798.jpg\"><img loading=\"lazy\" class=\"alignleft  wp-image-4232\" title=\"bendis\" src=\"\/series-gourmets\/wp-content\/uploads\/sites\/37\/2015\/09\/bendis-e1443440740798.jpg\" alt=\"\" width=\"270\" height=\"186\" \/><\/a><\/p>\n<p>La serie fue presentada en diversas convenciones de fans que son los foros ideales para crear expectaci\u00f3n, por ser el p\u00fablico al que van dirigidas estas series.<\/p>\n<p>Su estreno fue en Marzo de este a\u00f1o, poniendo tres episodios a disposici\u00f3n del p\u00fablico, que tuvieron una acogida de la cr\u00edtica mas bien negativa, centrados en multitud de aspectos. El principal \u00a0es que nadie tiene ning\u00fan problema en que una serie sea barata, pero si en que \u201cparezca barata\u201d y mucha gente as\u00ed lo hizo notar.<\/p>\n<p>En este tipo de distribuci\u00f3n por streaming, es imposible conocer las audiencias, pero lo \u00fanico que sabemos es que ha sido renovada por una 2T, a pesar de los palos que ha recibido por todos los lados.<\/p>\n<p>El trailer con el que fue presentada la serie lo pueden ver a continuaci\u00f3n<br \/>\n<iframe loading=\"lazy\" src=\"https:\/\/www.youtube.com\/embed\/F8qukpfAolY\" frameborder=\"0\" width=\"560\" height=\"315\"><\/iframe><br \/>\n<strong>La trama:<\/strong> La serie plantea un punto de partida interesante como es la coexistencia mas o menos pac\u00edfica entre humanos y superh\u00e9roes, con las mismas leyes aplicables a ambos, utilizando a una brigada especial para investigar a los descarriados con poderes con un \u00a0detective principal que es un ex-superh\u00e9roe Diamond, \u00a0reconvertido en humano al perder sus poderes, con su nombre de nacimiento Christian Walker.<\/p>\n<p>El hilo conductor de la 1T es el tr\u00e1fico de una droga sint\u00e9tica llamada Sway, que descontrola y mucho a los superh\u00e9roes que la toman, y est\u00e1 empezando a crear muchos problemas y delitos asociados a ella.<\/p>\n<p>Los bandos se delimitan claramente y sin apenas fisuras, por un lado los polic\u00edas encabezados por Walker, y por el otro los rufianes y malhechores , bajo el mando de Wolfe, un criminal encarcelado y que puede robar los superpoderes a los superh\u00e9roes, siendo el causante de la ca\u00edda en desgracia de nuestro protagonista.<\/p>\n<p>Las tramas secundarias vienen dadas por la fascinaci\u00f3n que el mundo de los superh\u00e9roes, tienen en los adolescentes humanos que desean fervientemente tener alguna cualidad especial que les permita unirse a ese selecto grupo.<\/p>\n<p>La serie avanza mezclando a partes iguales la trama principal de continuidad con casos policiales independientes y cerrados en \u00a0cada episodio. La historia va dirigida hacia el inevitable enfrentamiento entre el bien y el mal, encarnado por los dos personajes principales, con el a\u00f1adido del resquemor del polic\u00eda por haber sido despose\u00eddo de su capacidad de volar que es lo que mas desear\u00eda recobrar.<\/p>\n<p>En el siguiente video promocional nos explican todo lo que desear\u00edamos saber sobre la serie<br \/>\n<iframe loading=\"lazy\" src=\"https:\/\/www.youtube.com\/embed\/_DXSNefolxQ\" frameborder=\"0\" width=\"560\" height=\"315\"><\/iframe><br \/>\nHasta este punto hemos intentado explicarles las intenciones de la serie, que por desgracia se han quedado muy lejos de unos resultados m\u00ednimamente aceptables y por diferentes razones todas ellas de importancia.<\/p>\n<p>La primera que sorprende al espectador, es la pobreza de la puesta en escena a todos los niveles desde unos trajes de superh\u00e9roes que parecen comprados en un todo a cien de Hollywood, cutres y feos a mas no poder, hasta unos efectos especiales de una calidad \u00ednfima, que rechinan en todo momento, por la nula integraci\u00f3n en las escenas en que son incluidos.<\/p>\n<p>El planteamiento era interesante pero el desarrollo ha sido torpe y sin profundizar apenas en los personajes y sus motivaciones para hacer las cosas, no pasando de hacerlos deambular \u00a0por la pantalla y meter algunas luchas supuestamente espectaculares, pero que a los treinta segundos aburren por su poca originalidad y pobreza de medios.<\/p>\n<p>La pareja protagonista tiene un nivel parecido a ver a los Morancos interpretando a Hamlet, sobre todo en el caso del actor principal, Sharlto Copley, un aut\u00e9ntico desastre, soso y desabrido, incapaz de provocar nada en el espectador que no sea un bostezo.<\/p>\n<p>Personalmente es una serie que empec\u00e9 con un cierto inter\u00e9s, porque siempre me han gustado las historias de este tipo, a pesar de no ser un lector de c\u00f3mics, pero tras un piloto mas o menos soportable por la novedad, la cosa iba de mal en peor a cada episodio y la supuesta intensidad de los personajes era tan impostada y forzada que se iba haciendo cada vez mas insoportable, aderezada con unos efectos especiales dignos de una televisi\u00f3n local de nuestro pa\u00eds.<\/p>\n<p>Si la temporada es corta como sucede en este caso, suelo acabarla, por si se produce alg\u00fan milagro, o por el contrario acabo de ponerle todos los clavos al ata\u00fad, como ha sido el caso y enviarla al rinc\u00f3n del olvido mas profundo por esos diez episodios tan insustanciales que nos ha ofrecido, que acaban resolviendo el dilema principal, para abrir inmediatamente en la \u00faltima escena un cliffhanger salido de la nada, para plantar la semilla de la 2T.<\/p>\n<p>Si tiene la imperiosa necesidad de ver todas las pel\u00edculas y series de superh\u00e9roes que se realizan, puede echarle un vistazo, pero dudo mucho que encuentre muchos alicientes y mas teniendo en cuenta la presencia de otras series de tem\u00e1tica parecida y mucho mas entretenidas que estos \u201cPowers\u201d, que son ideales para pasarse el hilo dental mientras est\u00e1n de ruido de fondo.<\/p>\n<p><strong>Los actores:<\/strong><br \/>\nYa he avanzado mi opini\u00f3n sobre la pareja protagonista y en especial sobre el actor sudafricano Sharlto Copley, del que debo reconocer que no hab\u00eda visto ning\u00fan trabajo suyo con anterioridad, en ninguna de las famosas pel\u00edculas de su compatriota Neil Blonkamp ni como Murdock en el remake del \u201cEquipo A\u201d. Por ello mi perplejidad iba en aumento, cuando un actor con esas credenciales, hac\u00eda una interpretaci\u00f3n tan desganada y con tan poco inter\u00e9s como la que hacia en \u201cPowers\u201d.<\/p>\n<p>Su papel ten\u00eda muchas posibilidades y matices, pero Copley ha elegido el estilo madera de nogal para interpretarlo y es una de las razones principales para el descalabro art\u00edstico de la serie, la verdad es que me ha dejado con ganas de verlo en otros papeles, para ver si el problema era el actor o el personaje.<\/p>\n<p><a href=\"\/series-gourmets\/wp-content\/uploads\/sites\/37\/2015\/09\/pareja-e1443440800250.jpg\"><img loading=\"lazy\" class=\"aligncenter size-full wp-image-4236\" title=\"pareja\" src=\"\/series-gourmets\/wp-content\/uploads\/sites\/37\/2015\/09\/pareja-e1443440800250.jpg\" alt=\"\" width=\"560\" height=\"308\" srcset=\"https:\/\/static-blogs.diariovasco.com\/wp-content\/uploads\/sites\/37\/2015\/09\/pareja-e1443440800250.jpg 560w, https:\/\/static-blogs.diariovasco.com\/wp-content\/uploads\/sites\/37\/2015\/09\/pareja-e1443440800250-300x165.jpg 300w\" sizes=\"(max-width: 560px) 100vw, 560px\" \/><\/a>Su compa\u00f1era Susan Heyward, que interpreta a la polic\u00eda Deen Pilgrim, pasa mas desapercibida que su pareja, pero la qu\u00edmica inexistente entre ambos tambi\u00e9n es en parte achacable a esta actriz desconocida en su primer papel importante que ha desaprovechado por completo.<\/p>\n<p>En el apartado de los villanos tenemos a al brit\u00e1nico Eddie Izzard, como Wolfe, el jefe de los villanos y al australiano Noah Taylor, como su lugarteniente Johnny Royalle, al lado de la treinta\u00f1era rusa Olesya Rulin, que interpreta a una adolescente obnubilada por los superh\u00e9roes, y que desea convertirse en uno de ellos.<\/p>\n<p><a href=\"\/series-gourmets\/wp-content\/uploads\/sites\/37\/2015\/09\/eddie-izzard-noah-taylor-olesya-rulin-powers-gi-e1443440756748.jpg\"><img loading=\"lazy\" class=\"aligncenter size-full wp-image-4233\" title=\"eddie-izzard-noah-taylor-olesya-rulin-powers-gi\" src=\"\/series-gourmets\/wp-content\/uploads\/sites\/37\/2015\/09\/eddie-izzard-noah-taylor-olesya-rulin-powers-gi-e1443441138220.jpg\" alt=\"\" width=\"560\" height=\"314\" srcset=\"https:\/\/static-blogs.diariovasco.com\/wp-content\/uploads\/sites\/37\/2015\/09\/eddie-izzard-noah-taylor-olesya-rulin-powers-gi-e1443441138220.jpg 560w, https:\/\/static-blogs.diariovasco.com\/wp-content\/uploads\/sites\/37\/2015\/09\/eddie-izzard-noah-taylor-olesya-rulin-powers-gi-e1443441138220-300x168.jpg 300w\" sizes=\"(max-width: 560px) 100vw, 560px\" \/><\/a>Izzard siempre ha sido mejor comediante que actor dram\u00e1tico, donde tiene una cierta tendencia a sobreactuar si no se le ata en corto, y aqu\u00ed le han dejado completamente a sus anchas, por lo que se pueden imaginar el resultado. Noah Taylor es el mejor de los villanos, ya que por lo menos transmit\u00eda desasosiego y cierto miedo hacia su personaje siendo el \u00fanico que estaba a un nivel aceptable. Rulin como la adolescente Calista, est\u00e1 al mismo nivel interpretativo que Copley, por lo que no es necesario a\u00f1adir nada mas.<\/p>\n<p>Ver a la gran actriz que es Michelle Forbes (Star Trek, Homicide, The Killing) embutida en un traje de carnaval como una superheroina llamada RetroGirl, la verdad es que daba un poco de pena, y mas viendo como se desaprovechaba su talento en un papel tan inane como la antigua compa\u00f1era de Diamond, que sigue ayudando a la humanidad con sus poderes.<\/p>\n<p><a href=\"\/series-gourmets\/wp-content\/uploads\/sites\/37\/2015\/09\/michelle-forbes-e1443440786108.png\"><img loading=\"lazy\" class=\"aligncenter size-full wp-image-4235\" title=\"michelle forbes\" src=\"\/series-gourmets\/wp-content\/uploads\/sites\/37\/2015\/09\/michelle-forbes-e1443440786108.png\" alt=\"\" width=\"560\" height=\"315\" srcset=\"https:\/\/static-blogs.diariovasco.com\/wp-content\/uploads\/sites\/37\/2015\/09\/michelle-forbes-e1443440786108.png 560w, https:\/\/static-blogs.diariovasco.com\/wp-content\/uploads\/sites\/37\/2015\/09\/michelle-forbes-e1443440786108-300x169.png 300w\" sizes=\"(max-width: 560px) 100vw, 560px\" \/><\/a>No es uno de sus mejores trabajos ni de lejos, pero cumple con su solvencia habitual, sin dejarse arrastrar por algunos de sus compa\u00f1eros, por lo que esperamos \u00a0que en sus proximos trabajos encuentre algo mas acorde con su gran nivel<br \/>\n<strong><\/strong><\/p>\n<p><strong>Epilogo:<\/strong><br \/>\nLa serie ha sido renovada para una 2T de diez episodios en la que no me van a ver ni aunque fuera la \u00fanica serie en emisi\u00f3n; en nuestro pa\u00eds se estren\u00f3 con mucha celeridad, siendo una de las primeras series de la nueva plataforma de Movistar Series con el siguiente teaser<br \/>\n<iframe loading=\"lazy\" src=\"https:\/\/www.youtube.com\/embed\/vseZEbbwhQc\" frameborder=\"0\" width=\"560\" height=\"315\"><\/iframe><br \/>\nTras la reciente fusi\u00f3n ha pasado a emitirse en su totalidad en Canal+series, con el siguiente trailer promocional<br \/>\n<iframe loading=\"lazy\" src=\"https:\/\/www.youtube.com\/embed\/dll_015-tgo\" frameborder=\"0\" width=\"560\" height=\"315\"><\/iframe><br \/>\nPowers es una serie que solo puedo recomendar si son fans ac\u00e9rrimos de los c\u00f3mics y de los superh\u00e9roes, porque a lo mejor puede que encuentre un hueco en su coraz\u00f3n, que en el mio ha sido imposible que consiguiera.<\/p>\n<p>Esperamos sus opiniones y comentarios, aqu\u00ed o en nuestra cuenta de twitter (@lmejino). Hasta la pr\u00f3xima<\/p>\n<p>Lorenzo Mejino<\/p>\n<!-- AddThis Advanced Settings generic via filter on the_content --><!-- AddThis Share Buttons generic via filter on the_content -->","protected":false},"excerpt":{"rendered":"<p>La eclosi\u00f3n de todo tipo de series y pel\u00edculas basadas en c\u00f3mics es una de las principales caracter\u00edsticas de los \u00faltimos a\u00f1os en todo el mundo, con innumerables adaptaci0nes de personajes nacidos en los libros de c\u00f3mics, a imagen y semejanza de lo que lleva sucediendo en Jap\u00f3n desde hace muchos a\u00f1os. Ejemplos tenemos en [&hellip;]<!-- AddThis Advanced Settings generic via filter on get_the_excerpt --><!-- AddThis Share Buttons generic via filter on get_the_excerpt --><\/p>\n","protected":false},"author":61,"featured_media":0,"comment_status":"open","ping_status":"closed","sticky":false,"template":"","format":"standard","meta":[],"categories":[23,12,35,15],"tags":[388,474,1924,2211,2472],"_links":{"self":[{"href":"https:\/\/blogs.diariovasco.com\/series-gourmets\/wp-json\/wp\/v2\/posts\/4230"}],"collection":[{"href":"https:\/\/blogs.diariovasco.com\/series-gourmets\/wp-json\/wp\/v2\/posts"}],"about":[{"href":"https:\/\/blogs.diariovasco.com\/series-gourmets\/wp-json\/wp\/v2\/types\/post"}],"author":[{"embeddable":true,"href":"https:\/\/blogs.diariovasco.com\/series-gourmets\/wp-json\/wp\/v2\/users\/61"}],"replies":[{"embeddable":true,"href":"https:\/\/blogs.diariovasco.com\/series-gourmets\/wp-json\/wp\/v2\/comments?post=4230"}],"version-history":[{"count":0,"href":"https:\/\/blogs.diariovasco.com\/series-gourmets\/wp-json\/wp\/v2\/posts\/4230\/revisions"}],"wp:attachment":[{"href":"https:\/\/blogs.diariovasco.com\/series-gourmets\/wp-json\/wp\/v2\/media?parent=4230"}],"wp:term":[{"taxonomy":"category","embeddable":true,"href":"https:\/\/blogs.diariovasco.com\/series-gourmets\/wp-json\/wp\/v2\/categories?post=4230"},{"taxonomy":"post_tag","embeddable":true,"href":"https:\/\/blogs.diariovasco.com\/series-gourmets\/wp-json\/wp\/v2\/tags?post=4230"}],"curies":[{"name":"wp","href":"https:\/\/api.w.org\/{rel}","templated":true}]}}