{"id":4367,"date":"2015-11-16T08:01:43","date_gmt":"2015-11-16T07:01:43","guid":{"rendered":"http:\/\/blogs.diariovasco.com\/series-gourmets\/?p=4367"},"modified":"2015-11-16T08:01:43","modified_gmt":"2015-11-16T07:01:43","slug":"tellus-finlandia-el-compromiso-medioambiental-de-las-personas","status":"publish","type":"post","link":"https:\/\/blogs.diariovasco.com\/series-gourmets\/2015\/11\/16\/tellus-finlandia-el-compromiso-medioambiental-de-las-personas\/","title":{"rendered":"Tellus ( Finlandia). El compromiso medioambiental de las personas"},"content":{"rendered":"<p>Finlandia es el pariente pobre de los pa\u00edses n\u00f3rdicos desde el punto de vista de las series de ficci\u00f3n televisivas, siendo sobrepasada incluso por la diminuta Islandia en la calidad de sus productos. Por suerte la distancia se va acortando desde hace dos a\u00f1os gracias a series como la que les vamos a presentar hoy, Tellus, una aut\u00e9ntica curiosidad seri\u00e9fila sobre la evoluci\u00f3n de un grupo eco-terrorista que opera en Helsinki y sus alrededores contra las corporaciones que da\u00f1an el medio ambiente.<\/p>\n<p>Ademas nos va a permitir conocer de una forma bastante realista, la idiosincrasia y la forma de vivir del pueblo finland\u00e9s, tan alejado de nuestros par\u00e1metros latinos y que a trav\u00e9s de las diferentes posturas que toman sus personajes frente a la protecci\u00f3n medioambiental, es una muestra muy representativa de la sociedad finesa.<br \/>\n<strong><\/strong><\/p>\n<p><strong>Ficha:<\/strong> Tellus 6 + episodios 50 min .\u00a0\u00a0 Nov 2014- . <strong>Idioma:<\/strong>\u00a0Fin\u00e9s subtitulada en castellano. <strong>Cadena:<\/strong> YLE (SF)<\/p>\n<p><strong><a href=\"\/series-gourmets\/wp-content\/uploads\/sites\/37\/2015\/11\/cast1-e1447149023956.jpg\"><img loading=\"lazy\" class=\"aligncenter size-full wp-image-4368\" title=\"cast\" src=\"\/series-gourmets\/wp-content\/uploads\/sites\/37\/2015\/11\/cast1-e1447149023956.jpg\" alt=\"\" width=\"560\" height=\"315\" srcset=\"https:\/\/static-blogs.diariovasco.com\/wp-content\/uploads\/sites\/37\/2015\/11\/cast1-e1447149023956.jpg 560w, https:\/\/static-blogs.diariovasco.com\/wp-content\/uploads\/sites\/37\/2015\/11\/cast1-e1447149023956-300x169.jpg 300w\" sizes=\"(max-width: 560px) 100vw, 560px\" \/><\/a>La trama :<\/strong> Eevi Forsman es una joven estudiante de medicina que tiene una vida clandestina donde es activista de un grupo eco-terrorista llamado Tellus, que lleva a cabo diversos atentados y sabotajes en fabricas y empresas agresoras del medio ambiente.<\/p>\n<p>Su firme compromiso ambiental de salvar la tierra cueste lo que cueste, es compartido por sus cuatro compa\u00f1eros del grupo Tellus con los que planean explosiones de plantas y torres el\u00e9ctricas de grandes corporaciones y les hace renunciar a absolutamente todo en aras de su causa medioambiental.<\/p>\n<p>Los problemas se inician cuando en un atentado contra una planta industrial, se produce su primera victima, lo que le produce una grave crisis de conciencia, agravada por la creciente presi\u00f3n policial para encontrar y desmantelar el grupo eco-terrorista,<\/p>\n<p>Ademas de forma simultanea Eevi conoce a Alex un activista ambiental , que dirige un grupo de protestas y acciones pacificas de defensa contra el medio ambiente y del que cae perdidamente enamorada, con el peligro que eso supone para su tapadera social<\/p>\n<p><a href=\"\/series-gourmets\/wp-content\/uploads\/sites\/37\/2015\/11\/fotos-serie-tellus-1-e1447149053196.jpg\"><img loading=\"lazy\" class=\"aligncenter size-full wp-image-4369\" title=\"fotos serie tellus 1\" src=\"\/series-gourmets\/wp-content\/uploads\/sites\/37\/2015\/11\/fotos-serie-tellus-1-e1447149053196.jpg\" alt=\"\" width=\"560\" height=\"315\" srcset=\"https:\/\/static-blogs.diariovasco.com\/wp-content\/uploads\/sites\/37\/2015\/11\/fotos-serie-tellus-1-e1447149053196.jpg 560w, https:\/\/static-blogs.diariovasco.com\/wp-content\/uploads\/sites\/37\/2015\/11\/fotos-serie-tellus-1-e1447149053196-300x169.jpg 300w\" sizes=\"(max-width: 560px) 100vw, 560px\" \/><\/a>La serie desarrolla de una forma mas que acertada los diferentes compromisos de las personas que se preocupan por el medio ambiente y como sus acciones pueden influir en la protecci\u00f3n del mismo, con tres ejes principales<\/p>\n<p>Por un lado tenemos a Eevi ( la luminosa Minka Kuustonen) , la activista que ha pasado a la acci\u00f3n violenta, descontenta por el deterioro medioambiental y la falta de medidas de los gobiernos al respecto, con una continua disyuntiva personal de si el fin justifica los medios.<\/p>\n<p>Alex enfoca su compromiso ambiental desde otra perspectiva, mas pacifica y de concienciaci\u00f3n social, \u00a0como lider de un grupo de protestas, pero est\u00e1 llegando a una fase de desencanto ante la falta de efectividad de sus acciones y propuestas te\u00f3ricas, que le hace replantearse pasar a acciones m\u00e1s dr\u00e1sticas y violentas.<\/p>\n<p>Por \u00faltimo en el otro bando tenemos al inspector Taneli Lokka, un veterano polic\u00eda que persigue al grupo, y que es una persona muy concienciada medioambientalmente, intentado reducir su huella de CO2 al m\u00e1ximo y que se desespera al ver que sus hijos y su familia pasan ol\u00edmpicamente del tema.<\/p>\n<p><a href=\"\/series-gourmets\/wp-content\/uploads\/sites\/37\/2015\/11\/tellusosep02-e1447149073682.jpg\"><img loading=\"lazy\" class=\"aligncenter size-full wp-image-4370\" title=\"tellusosep02\" src=\"\/series-gourmets\/wp-content\/uploads\/sites\/37\/2015\/11\/tellusosep02-e1447149073682.jpg\" alt=\"\" width=\"560\" height=\"315\" srcset=\"https:\/\/static-blogs.diariovasco.com\/wp-content\/uploads\/sites\/37\/2015\/11\/tellusosep02-e1447149073682.jpg 560w, https:\/\/static-blogs.diariovasco.com\/wp-content\/uploads\/sites\/37\/2015\/11\/tellusosep02-e1447149073682-300x169.jpg 300w\" sizes=\"(max-width: 560px) 100vw, 560px\" \/><\/a><\/p>\n<p>El trailer con subtitulos en ingles , les permite conocer a estos personajes<br \/>\n<iframe loading=\"lazy\" src=\"https:\/\/www.youtube.com\/embed\/BTBMazFXdHs\" frameborder=\"0\" width=\"560\" height=\"315\"><\/iframe><br \/>\nEl extra\u00f1o triangulo a tres bandas entre los protagonistas principales, se desarrolla en plan tragedia griega, con el destino de los personajes marcado por sus acciones donde su coherencia y creencias personales priman sobre cualquier tipo de emoci\u00f3n y sentimientos.<\/p>\n<p>En la sociedad finlandesa domina el orden, la estructura y la racionalidad, por encima de los sentimientos y la impulsividad, y Tellus es un fiel reflejo de esos comportamientos, por muy extra\u00f1os que nos puedan parecer a nuestros ojos.<\/p>\n<p>Su estreno ha sido toda una sensaci\u00f3n en Finlandia, con grandes audiencias, que le han valido una renovaci\u00f3n para una 2T, para seguir desarrollando los cabos abiertos en el sorprendente final de su primera temporada. Ademas se ha vendido estupendamente en los mercados internacionales que han sabido valorar la propuesta original y diferente de Tellus, como pueden ver en el trailer doblado al espa\u00f1ol latino que se ha emitido en diversos pa\u00edses sudamericanos<br \/>\n<iframe loading=\"lazy\" src=\"\/\/www.dailymotion.com\/embed\/video\/x29taw1\" frameborder=\"0\" width=\"480\" height=\"270\"><\/iframe><\/p>\n<p>A muchos les va a sorprender la frialdad con que tratan temas tan importantes como el amor y la violencia, pero en eso radica el encanto y la principal virtud de la serie y que la hace bastante imprevisible para nuestras mentalidades en todo su desarrollo, hasta llegar a un episodio final con unos giros muy interesantes y muy coherentes con el resto de la serie.<\/p>\n<p>La curiosidad es el motor principal para conocer una serie que me ha sorprendido muy favorablemente por el tratamiento del tema medioambiental y con un discurso valiente que consigue que nos replanteemos a nivel personal nuestra responsabilidad ecol\u00f3gica en un terreno apenas tocado por las series de ficci\u00f3n y que va mucho mas all\u00e1 del entretenimiento puro y duro.<\/p>\n<p><strong>Epilogo:<\/strong><br \/>\nTellus es una serie muy recomendable para las personas que est\u00e9n preocupadas por el medio ambiente y deseen conocer una perspectiva nueva en profundidad y tratada desde varios puntos de vista complementarios, lo que no suele ser nada habitual en nuestros platos televisivos.<\/p>\n<p>Esperamos sus opiniones y comentarios, aqu\u00ed o en nuestra cuenta de twitter (@lmejino). Hasta la pr\u00f3xima<\/p>\n<p>Lorenzo Mejino<\/p>\n<!-- AddThis Advanced Settings generic via filter on the_content --><!-- AddThis Share Buttons generic via filter on the_content -->","protected":false},"excerpt":{"rendered":"<p>Finlandia es el pariente pobre de los pa\u00edses n\u00f3rdicos desde el punto de vista de las series de ficci\u00f3n televisivas, siendo sobrepasada incluso por la diminuta Islandia en la calidad de sus productos. Por suerte la distancia se va acortando desde hace dos a\u00f1os gracias a series como la que les vamos a presentar hoy, [&hellip;]<!-- AddThis Advanced Settings generic via filter on get_the_excerpt --><!-- AddThis Share Buttons generic via filter on get_the_excerpt --><\/p>\n","protected":false},"author":61,"featured_media":0,"comment_status":"open","ping_status":"closed","sticky":false,"template":"","format":"standard","meta":[],"categories":[5,12,32,17],"tags":[1952,2637],"_links":{"self":[{"href":"https:\/\/blogs.diariovasco.com\/series-gourmets\/wp-json\/wp\/v2\/posts\/4367"}],"collection":[{"href":"https:\/\/blogs.diariovasco.com\/series-gourmets\/wp-json\/wp\/v2\/posts"}],"about":[{"href":"https:\/\/blogs.diariovasco.com\/series-gourmets\/wp-json\/wp\/v2\/types\/post"}],"author":[{"embeddable":true,"href":"https:\/\/blogs.diariovasco.com\/series-gourmets\/wp-json\/wp\/v2\/users\/61"}],"replies":[{"embeddable":true,"href":"https:\/\/blogs.diariovasco.com\/series-gourmets\/wp-json\/wp\/v2\/comments?post=4367"}],"version-history":[{"count":0,"href":"https:\/\/blogs.diariovasco.com\/series-gourmets\/wp-json\/wp\/v2\/posts\/4367\/revisions"}],"wp:attachment":[{"href":"https:\/\/blogs.diariovasco.com\/series-gourmets\/wp-json\/wp\/v2\/media?parent=4367"}],"wp:term":[{"taxonomy":"category","embeddable":true,"href":"https:\/\/blogs.diariovasco.com\/series-gourmets\/wp-json\/wp\/v2\/categories?post=4367"},{"taxonomy":"post_tag","embeddable":true,"href":"https:\/\/blogs.diariovasco.com\/series-gourmets\/wp-json\/wp\/v2\/tags?post=4367"}],"curies":[{"name":"wp","href":"https:\/\/api.w.org\/{rel}","templated":true}]}}