{"id":4494,"date":"2015-12-21T08:00:49","date_gmt":"2015-12-21T07:00:49","guid":{"rendered":"http:\/\/blogs.diariovasco.com\/series-gourmets\/?p=4494"},"modified":"2015-12-21T08:00:49","modified_gmt":"2015-12-21T07:00:49","slug":"modus-suecia-un-misterio-extraido-del-manual-del-nordic-noir","status":"publish","type":"post","link":"https:\/\/blogs.diariovasco.com\/series-gourmets\/2015\/12\/21\/modus-suecia-un-misterio-extraido-del-manual-del-nordic-noir\/","title":{"rendered":"Modus ( Suecia): Un misterio extra\u00eddo del manual del \u201cNordic Noir\u201d"},"content":{"rendered":"<p>Las series de los pa\u00edses escandinavos est\u00e1n en la cresta de la ola de mucha gente que las han acogido como una especie de nuevo man\u00e1 televisivo, devorando cualquier propuesta proveniente de esos pa\u00edses y ensalz\u00e1ndola hasta limites insospechados.<\/p>\n<p>La realidad no es tan de color de rosa como algunos la pintan y desde nuestro rinc\u00f3n de las series remotas del lunes, intentamos distinguir un poco el grano de la paja, para orientarles en la medida de lo posible por las procelosas aguas audiovisuales escandinavas y que puedan hacer sus elecciones con mayor conocimiento de causa.<\/p>\n<p>La serie que les vamos a analizar en nuestra ultima entrada individual del a\u00f1o ( la semana que viene lo cerraremos con nuestra entrada habitual de mejores novedades mundiales, no anglosajonas de 2015) es &#8220;Modus&#8221;, una serie sueca que se queda a medio camino entre la excelencia y la mediocridad como un representante de la clase media de las series suecas de misterio, que hasta hace poco ni llegaban ni eran conocidas en nuestro pa\u00eds, excepto por minor\u00edas muy minoritarias.<br \/>\n<strong><\/strong><\/p>\n<p><strong><a href=\"\/series-gourmets\/wp-content\/uploads\/sites\/37\/2015\/12\/MODUS_main.jpg\"><img loading=\"lazy\" class=\"aligncenter size-full wp-image-4497\" title=\"MODUS_main\" src=\"\/series-gourmets\/wp-content\/uploads\/sites\/37\/2015\/12\/MODUS_main.jpg\" alt=\"\" width=\"560\" height=\"315\" srcset=\"https:\/\/static-blogs.diariovasco.com\/wp-content\/uploads\/sites\/37\/2015\/12\/MODUS_main.jpg 560w, https:\/\/static-blogs.diariovasco.com\/wp-content\/uploads\/sites\/37\/2015\/12\/MODUS_main-300x169.jpg 300w\" sizes=\"(max-width: 560px) 100vw, 560px\" \/><\/a>Ficha:<\/strong> Modus 8 episodios 45 min .\u00a0\u00a0 Sep 2015 \u2013 Nov 2015 <strong>Idioma:<\/strong> Sueco subtitulada en castellano. <strong>Cadena:<\/strong> TV4 ( S)<\/p>\n<p><strong>La trama :<\/strong> La ciudad de Estocolmo se ve convulsionada por una serie de asesinatos de claro tinte homof\u00f3bico, que comparten el mismo modus operandi. Una psic\u00f3loga sueca reci\u00e9n llegada de los EEUU tras una larga estancia en el FBI, y especializada en perfiles criminales, se ve obligada a colaborar con la polic\u00eda sueca, cuando su hija autista es testigo accidental de uno de los cr\u00edmenes y puede identificar al asesino.<\/p>\n<p>Modus desarrolla una \u00fanica trama, a lo largo de sus ocho cap\u00edtulos de la 1T, siguiendo casi al pie de la letra el manual del \u201cnordic noir\u201d, con clar\u00edsimas influencias de la joya de la corona que es Bron\/Broen, pero si llegar ni de lejos a sus limites de excelencia.<\/p>\n<p>Comparten elementos comunes como el autismo de uno de los personajes, una pareja protagonista antagonista que se va conociendo poco a poco , un caso que se va complicando cada vez mas a la vez que sube la cuenta de cad\u00e1veres y los desolados paisajes invernales escandinavos con una oscuridad omnipresente, como pueden ver en el trailer de la serie<br \/>\n<iframe loading=\"lazy\" src=\"https:\/\/www.youtube.com\/embed\/dDCtyQC5xY4\" frameborder=\"0\" width=\"560\" height=\"315\"><\/iframe><br \/>\nPero en este caso, la suma de elementos se resiente al optar por seguir \u00a0los arquetipos y clich\u00e9s del genero sin ning\u00fan esfuerzo para hacer algo m\u00e1s original, por lo que el espectador mas avezado adivina los giros narrativos veinte minutos antes.<\/p>\n<p>El ejemplo mas claro, es el del personaje del asesino, Richard Forrester, que se dedica a hacer el mal y campar por sus anchas, sin adentrarse demasiado en la psicolog\u00eda de un personaje que pod\u00eda haber dado mucho mas juego que el que han conseguido, lastrado ademas por el actor Marek Oravec, tan inexpresivo como la mayor\u00eda de los arboles con los que comparte escenas.<\/p>\n<p><a href=\"\/series-gourmets\/wp-content\/uploads\/sites\/37\/2015\/12\/malo-e1450266388500.jpg\"><img loading=\"lazy\" class=\"aligncenter size-full wp-image-4496\" title=\"malo\" src=\"\/series-gourmets\/wp-content\/uploads\/sites\/37\/2015\/12\/malo-e1450266388500.jpg\" alt=\"\" width=\"560\" height=\"315\" srcset=\"https:\/\/static-blogs.diariovasco.com\/wp-content\/uploads\/sites\/37\/2015\/12\/malo-e1450266388500.jpg 560w, https:\/\/static-blogs.diariovasco.com\/wp-content\/uploads\/sites\/37\/2015\/12\/malo-e1450266388500-300x169.jpg 300w\" sizes=\"(max-width: 560px) 100vw, 560px\" \/><\/a>En el aspecto positivo tenemos a la pareja protagonista, en especial a la psic\u00f3loga Inger Johanne Vik, interpretada por Melinda Kinnaman ( la hermana de Joel Kinnaman , el protagonista de la versi\u00f3n USA de The Killing), que transmite una calidez a su personaje muy interesante, en especial en su complicada relaci\u00f3n con su hija autista Stina, que proporciona los mejores momentos de la serie.<\/p>\n<p><a href=\"\/series-gourmets\/wp-content\/uploads\/sites\/37\/2015\/12\/pareja1-e1450266373996.jpg\"><img loading=\"lazy\" class=\"aligncenter size-full wp-image-4495\" title=\"pareja\" src=\"\/series-gourmets\/wp-content\/uploads\/sites\/37\/2015\/12\/pareja1-e1450266373996.jpg\" alt=\"\" width=\"560\" height=\"373\" srcset=\"https:\/\/static-blogs.diariovasco.com\/wp-content\/uploads\/sites\/37\/2015\/12\/pareja1-e1450266373996.jpg 560w, https:\/\/static-blogs.diariovasco.com\/wp-content\/uploads\/sites\/37\/2015\/12\/pareja1-e1450266373996-300x200.jpg 300w\" sizes=\"(max-width: 560px) 100vw, 560px\" \/><\/a>La replica de su compa\u00f1ero polic\u00eda, el inspector Ingvar Nyman ( un correcto Henrik Norl\u00e9n) es la adecuada y permite seguir la serie de forma amena, si estar mirando el reloj de forma continua.<\/p>\n<p>La trama, basada en un libro de la escritora noruega Anne Holt ( que lleg\u00f3 a ser ministra de Justicia de su pa\u00eds) , se desarrolla mejor en su tramo inicial que en su parte final, donde el c\u00famulo de casualidades y explicaciones que se empiezan a dar para justificar los asesinatos, parecen extra\u00eddos de la biblia de \u201cMentes Criminales\u201d, sin que en mi caso me acabara de convencer mucho \u00a0con el cierre de la serie.<\/p>\n<p>&#8220;Modus&#8221; \u00a0me ha dejado bastante indiferente, reconociendo sus valores positivos pero siendo consciente de sus errores y fallos que se hacen mas patentes a medida que nos acerc\u00e1bamos a la conclusi\u00f3n de la serie que deja atados todos los hilos iniciados.<\/p>\n<p>Por \u00faltimo les dejo con la art\u00edstica cabecera de la serie, muy cr\u00edptica sobre el contenido de la serie<br \/>\n<iframe loading=\"lazy\" src=\"https:\/\/www.youtube.com\/embed\/pirybjl3VUU\" frameborder=\"0\" width=\"560\" height=\"315\"><\/iframe><br \/>\n<strong>Epilogo:<\/strong><br \/>\n\u201cModus\u201d es una serie recomendable para aquellos de ustedes que necesiten un misterio escandinavo en su rotaci\u00f3n de series, bastante \u00a0en la linea de productos como \u201c100 Code\u201d, comerciales y aseados, pero poca cosa mas.<\/p>\n<p>Esperamos sus opiniones y comentarios, aqu\u00ed o en nuestra cuenta de twitter (@lmejino). Hasta la pr\u00f3xima<br \/>\nLorenzo Mejino<\/p>\n<!-- AddThis Advanced Settings generic via filter on the_content --><!-- AddThis Share Buttons generic via filter on the_content -->","protected":false},"excerpt":{"rendered":"<p>Las series de los pa\u00edses escandinavos est\u00e1n en la cresta de la ola de mucha gente que las han acogido como una especie de nuevo man\u00e1 televisivo, devorando cualquier propuesta proveniente de esos pa\u00edses y ensalz\u00e1ndola hasta limites insospechados. La realidad no es tan de color de rosa como algunos la pintan y desde nuestro [&hellip;]<!-- AddThis Advanced Settings generic via filter on get_the_excerpt --><!-- AddThis Share Buttons generic via filter on get_the_excerpt --><\/p>\n","protected":false},"author":61,"featured_media":0,"comment_status":"open","ping_status":"closed","sticky":false,"template":"","format":"standard","meta":[],"categories":[29,14,17],"tags":[192,1118,1872,1970],"_links":{"self":[{"href":"https:\/\/blogs.diariovasco.com\/series-gourmets\/wp-json\/wp\/v2\/posts\/4494"}],"collection":[{"href":"https:\/\/blogs.diariovasco.com\/series-gourmets\/wp-json\/wp\/v2\/posts"}],"about":[{"href":"https:\/\/blogs.diariovasco.com\/series-gourmets\/wp-json\/wp\/v2\/types\/post"}],"author":[{"embeddable":true,"href":"https:\/\/blogs.diariovasco.com\/series-gourmets\/wp-json\/wp\/v2\/users\/61"}],"replies":[{"embeddable":true,"href":"https:\/\/blogs.diariovasco.com\/series-gourmets\/wp-json\/wp\/v2\/comments?post=4494"}],"version-history":[{"count":0,"href":"https:\/\/blogs.diariovasco.com\/series-gourmets\/wp-json\/wp\/v2\/posts\/4494\/revisions"}],"wp:attachment":[{"href":"https:\/\/blogs.diariovasco.com\/series-gourmets\/wp-json\/wp\/v2\/media?parent=4494"}],"wp:term":[{"taxonomy":"category","embeddable":true,"href":"https:\/\/blogs.diariovasco.com\/series-gourmets\/wp-json\/wp\/v2\/categories?post=4494"},{"taxonomy":"post_tag","embeddable":true,"href":"https:\/\/blogs.diariovasco.com\/series-gourmets\/wp-json\/wp\/v2\/tags?post=4494"}],"curies":[{"name":"wp","href":"https:\/\/api.w.org\/{rel}","templated":true}]}}