{"id":4572,"date":"2016-01-08T08:01:50","date_gmt":"2016-01-08T07:01:50","guid":{"rendered":"http:\/\/blogs.diariovasco.com\/series-gourmets\/?p=4572"},"modified":"2016-01-08T08:01:50","modified_gmt":"2016-01-08T07:01:50","slug":"vientos-de-agua-la-excepcional-serie-maldita-de-nuestra-ficcion","status":"publish","type":"post","link":"https:\/\/blogs.diariovasco.com\/series-gourmets\/2016\/01\/08\/vientos-de-agua-la-excepcional-serie-maldita-de-nuestra-ficcion\/","title":{"rendered":"Vientos de agua: La excepcional serie maldita de nuestra ficci\u00f3n"},"content":{"rendered":"<p>Todas los pa\u00edses tienen productos audiovisuales, que han sido etiquetados con el calificativo de malditos, utilizados para describir a las series con cr\u00edticas fabulosas y un seguimiento de culto, pero que por una u otra raz\u00f3n pasan completamente desapercibidas por las audiencias que directamente las ignoran o por las propias cadenas que las acaban maltratando con horarios intempestivos o cancel\u00e1ndolas directamente.<\/p>\n<p>En nuestro pa\u00eds \u00a0el mejor ejemplo de serie maldita es sin duda alguna \u201cVientos de Agua\u201d una coproducci\u00f3n hispano-argentina, donde el derroche de talento y un presupuesto mas que generoso, no se vio acompa\u00f1ado por el refrendo de las audiencias. Por lo menos en este caso y como veremos en el articulo, fue un poco como \u201cEl Cid Campeador\u201d que venci\u00f3 despu\u00e9s de muerto y su sola menci\u00f3n en las redes sociales, suscita un torrente de alabanzas y elogios que no es nada habitual en las series de nuestro pa\u00eds.<\/p>\n<p>Por estas razones, nada mejor que poner un colof\u00f3n de oro y brillantes a nuestra semana dedicada a las series argentinas, habl\u00e1ndoles de una de las mejores series televisivas que se han hecho en castellano en toda la historia, la excepcional \u201cVientos de Agua\u201d, para conmemorar \u00a0los diez a\u00f1os de su estreno en nuestro pa\u00eds.<\/p>\n<p><strong><a href=\"\/series-gourmets\/wp-content\/uploads\/sites\/37\/2016\/01\/reparto-e1451911643633.jpg\"><img loading=\"lazy\" class=\"aligncenter size-full wp-image-4575\" title=\"reparto\" src=\"\/series-gourmets\/wp-content\/uploads\/sites\/37\/2016\/01\/reparto-e1451911643633.jpg\" alt=\"\" width=\"560\" height=\"427\" srcset=\"https:\/\/static-blogs.diariovasco.com\/wp-content\/uploads\/sites\/37\/2016\/01\/reparto-e1451911643633.jpg 560w, https:\/\/static-blogs.diariovasco.com\/wp-content\/uploads\/sites\/37\/2016\/01\/reparto-e1451911643633-300x229.jpg 300w\" sizes=\"(max-width: 560px) 100vw, 560px\" \/><\/a>Ficha:<\/strong> Vientos de agua 13 ep Ene 2006\u2013 Feb 2006 \u00a0<strong>Cadena:<\/strong> Telecinco ( E)- La trece ( Arg)<br \/>\n<strong><\/strong><\/p>\n<p><strong>Sinopsis:<\/strong> La historia narra los caminos inversos de la emigraci\u00f3n de un padre y un hijo, que debido a las circunstancias de la vida y en etapas diferentes de la historia se ven obligados a dejar su pa\u00eds para cruzar el oc\u00e9ano, El padre Jos\u00e9 que abandona la mina y su Asturias natal en 1934 para hacer las Am\u00e9ricas y su hijo Ernesto un arquitecto que decide emigrar a Espa\u00f1a, en 2001, por la enorme crisis argentina.<\/p>\n<p>La serie nos muestra con todo lujo de detalles, las vicisitudes de ambos personajes, busc\u00e1ndose la vida en un lugar alejado de su familia y sus seres queridos.<br \/>\n<strong><\/strong><\/p>\n<p><strong>El inicio:<\/strong> Juan Jos\u00e9 Campanella es uno de los directores de cine mas reputados de Argentina, con una carrera en la que ha ido alternando trabajos de cine y televisi\u00f3n tanto en su pa\u00eds natal, como en los Estados Unidos, donde finaliz\u00f3 sus estudios cinematogr\u00e1ficos.<\/p>\n<p>Su consagraci\u00f3n lleg\u00f3 a inicios de este siglo con dos pel\u00edculas como \u201cEl Hijo de la novia\u201d y \u201cLuna de Avellaneda\u201d . Tras el rodaje de esta \u00faltima y con su productora \u201c100 Bares\u201d, decidi\u00f3 embarcarse en su proyecto mas ambicioso y personal, narrar la epopeya de los emigrantes europeos que llegaron a Argentina en las d\u00e9cadas de los treinta y cuarenta , huyendo de la miseria y las guerras que asolaban Europa.<\/p>\n<p><a href=\"\/series-gourmets\/wp-content\/uploads\/sites\/37\/2016\/01\/campanella-e1451911612966.jpg\"><img loading=\"lazy\" class=\"aligncenter size-full wp-image-4577\" title=\"campanella\" src=\"\/series-gourmets\/wp-content\/uploads\/sites\/37\/2016\/01\/campanella-e1451911612966.jpg\" alt=\"\" width=\"560\" height=\"290\" srcset=\"https:\/\/static-blogs.diariovasco.com\/wp-content\/uploads\/sites\/37\/2016\/01\/campanella-e1451911612966.jpg 560w, https:\/\/static-blogs.diariovasco.com\/wp-content\/uploads\/sites\/37\/2016\/01\/campanella-e1451911612966-300x155.jpg 300w\" sizes=\"(max-width: 560px) 100vw, 560px\" \/><\/a>Campanella ( segundo por la izquierda) plante\u00f3 la serie como un homenaje a su abuelo materno que lleg\u00f3 a Argentina tras salir muy joven de un pueblo asturiano, pero sin inspirarse directamente en su persona. Su proyecto era tan ambicioso que busc\u00f3 financiaci\u00f3n en muchos lugares hasta que consigui\u00f3 que la cadena espa\u00f1ola Telecinco entrara en el proyecto como coproductora, por un empe\u00f1o personal de su director Paolo Vasile que estaba entusiasmado con la idea y poder ofrecer un producto propio de enorme calidad en su programaci\u00f3n. En el primer v\u00eddeo pueden ver a su creador hablando sobre su serie y los motivos para hacerla<br \/>\n<iframe loading=\"lazy\" src=\"https:\/\/www.youtube.com\/embed\/W9BLwnO0w9E\" frameborder=\"0\" width=\"420\" height=\"315\"><\/iframe><br \/>\nEl rodaje en el que Campanella hacia de hombre orquesta, escribiendo guiones, produciendo la serie y dirigiendo muchos episodios, dur\u00f3 casi tres a\u00f1os con localizaciones tanto en Asturias como en Argentina en la que fue la producci\u00f3n mas cara de la historia de Telecinco, como bien anunciaban las promociones de la cadena amiga en esa \u00e9poca.<\/p>\n<p>El trailer de la serie solo hac\u00eda presagiar que est\u00e1bamos delante de algo diferente a lo habitual en nuestras cadenas<br \/>\n<iframe loading=\"lazy\" src=\"https:\/\/www.youtube.com\/embed\/GEQT55XhYg4\" frameborder=\"0\" width=\"560\" height=\"315\"><\/iframe><br \/>\nLas cosas no fueron como estaba previsto, pero la explicaci\u00f3n de todo ello se merece un capitulo aparte y mucho mas detallado. La carrera de Campanella sigui\u00f3 alternando su direcci\u00f3n en series prestigiosas televisivas como \u201cHouse\u201d o \u201cLey y Orden\u201d, con grandes pel\u00edculas como \u201cEl Secreto de tus ojos\u201d, con la que consigui\u00f3 el Oscar a la mejor pel\u00edcula extranjera y recientemente lo hemos visto \u00a0implicado como director del piloto y algunos episodios, de una de las mejores series que se emiten en la actualidad \u201cHalt and Catch Fire\u201d, o el de la reciente &#8220;The Colony&#8221;<\/p>\n<p><strong>La trama:<\/strong><br \/>\nLa serie narra el recorrido vital de dos personajes Jos\u00e9 y Ernesto Olaya. Jos\u00e9 Olaya es un anarquista asturiano que trabaja en las minas de su pueblo. Jos\u00e9 tras una explosi\u00f3n de gas, causada por la negligencia del capataz y que causa muchas victimas, decide atentar contra la mina y al verse perseguido por la justicia, sigue el consejo de su madre y con el poco dinero que le da, toma los papeles y el nombre de su hermano Andr\u00e9s fallecido y en 1934 decide embarcarse para Argentina para emprender una nueva vida.<\/p>\n<p>Su hijo Ernesto , un arquitecto de cierto \u00e9xito en la ciudad de Buenos Aires, se ve engullido por la crisis y desesperado y oyendo el consejo de su padre, decide emigrar a Espa\u00f1a en 2001, huyendo de la crisis y el corralito, con la intenci\u00f3n de establecerse y poder traer a su familia. Las cosas a su llegada tampoco van a ser del color de rosa que se esperaba, al carecer de papeles legales y no tener homologado su t\u00edtulo de arquitecto, lo que le obliga a sobrevivir en el submundo de la emigraci\u00f3n ilegal madrile\u00f1a de principios de siglo XXI.<\/p>\n<p>La serie sigue una estructura lineal con dos historias paralelas, la del padre y del hijo, en la que tan importante es su recorrido vital como los hechos de la \u00e9poca que est\u00e1n viviendo que son presentados en la cabecera de la serie, que nos explica antes de cada episodio en que periodo hist\u00f3rico nos vamos a mover, todo ello con la evocadora m\u00fasica de Emilio Kauderer que pueden recordar en la cabecera de uno de los episodios centrales.<br \/>\n<iframe loading=\"lazy\" src=\"https:\/\/www.youtube.com\/embed\/4Do8KCiSqIU\" frameborder=\"0\" width=\"560\" height=\"315\"><\/iframe><br \/>\nLa historia del padre es la que tiene mas protagonismo, con la del hijo que sirve principalmente para acentuar que la historia se repite con mas o menos matices, sesenta y cinco a\u00f1os mas tarde .<\/p>\n<p>El primer episodio de la serie se desarrolla casi \u00edntegramente en la Asturias empobrecida de los a\u00f1os treinta, con el principal motivo de controversia que tuvo la serie, como fueron las quejas que hubo por el uso de un asturiano no demasiado correcto ni en los giros ni en el acento. No tengo conocimiento suficiente sobre el asturiano como para poder opinar al respecto, excepto que el acento de algunos actores me sonaba raro y forzado, comparado con el mas natural de otros, pero mejor que juzguen ustedes por esta escena.<br \/>\n<iframe loading=\"lazy\" src=\"https:\/\/www.youtube.com\/embed\/qJjCk_jcaQI\" frameborder=\"0\" width=\"420\" height=\"315\"><\/iframe><br \/>\nLa historia sigue con el segundo episodio dedicado al interminable viaje en barco, donde Andr\u00e9s hizo amistades con emigrantes de todos los pa\u00edses, que le iban a durar toda la vida, formando su n\u00facleo principal de apoyo en Buenos Aires.<\/p>\n<p><a href=\"\/series-gourmets\/wp-content\/uploads\/sites\/37\/2016\/01\/barco-e1451911627536.jpg\"><img loading=\"lazy\" class=\"aligncenter size-full wp-image-4576\" title=\"barco\" src=\"\/series-gourmets\/wp-content\/uploads\/sites\/37\/2016\/01\/barco-e1451911627536.jpg\" alt=\"\" width=\"560\" height=\"236\" srcset=\"https:\/\/static-blogs.diariovasco.com\/wp-content\/uploads\/sites\/37\/2016\/01\/barco-e1451911627536.jpg 560w, https:\/\/static-blogs.diariovasco.com\/wp-content\/uploads\/sites\/37\/2016\/01\/barco-e1451911627536-300x126.jpg 300w\" sizes=\"(max-width: 560px) 100vw, 560px\" \/><\/a>Del viaje tenemos que destacar una preciosa escena que resume en apenas tres minutos, todas las luchas de clase y los prejuicios sociales, que fueron la causa de la emigraci\u00f3n de todas esas personas, y en ese momento, el espectador ya se daba cuenta que estaba ante algo especial y muy singular con una calidad muy por encima de lo habitual.<br \/>\n<iframe loading=\"lazy\" src=\"https:\/\/www.youtube.com\/embed\/BK9p2xBccIs\" frameborder=\"0\" width=\"420\" height=\"315\"><\/iframe><br \/>\nMas adelante somos testigos de la llegada del aluvi\u00f3n de emigrantes a Buenos Aires, y sus primeros pasos por la capital argentina, en todo tipo de trabajos y empleos, pero con la solidaridad con los amigos que se forj\u00f3 en el barco como n\u00facleo de las nuevas familias que iban a formar, como pueden comprobar en el siguiente v\u00eddeo<br \/>\n<iframe loading=\"lazy\" src=\"https:\/\/www.youtube.com\/embed\/HAJzyPqAoDA\" frameborder=\"0\" width=\"560\" height=\"315\"><\/iframe><\/p>\n<p>La lejan\u00eda de Argentina, con respecto a los conflictos europeos no imped\u00eda que estos no se vivieran con gran virulencia en ese pa\u00eds, con bandos enfrentados como en el pa\u00eds natal, pero como pueden ver en esta escena, con muchos m\u00e1s puntos de contacto que lo que ambas partes desear\u00edan reconocer, como pas\u00f3 durante la Guerra Civil Espa\u00f1ola.<br \/>\n<iframe loading=\"lazy\" src=\"https:\/\/www.youtube.com\/embed\/rR-kM58cD_8\" frameborder=\"0\" width=\"420\" height=\"315\"><\/iframe><br \/>\nMientras tanto la historia principal del padre, se iba puntuando con las enormes dificultades de su hijo para abrirse camino en Madrid, lo que le llevaba a un estado de desesperaci\u00f3n y frustraci\u00f3n constante ante lo que consideraba el fracaso de su vida y ante su familia.<\/p>\n<p>Las dificultades para conseguir los papeles, la nacionalidad o la habilitaci\u00f3n como arquitecto, centran buena parte de sus problemas, que son solventados de una manera paralela a la de su padre, con su propia red de solidaridad de personas de todos los pa\u00edses que est\u00e1n en su misma situaci\u00f3n como colombianos, dominicanos o rumanos, que acaban siendo sus aliados en sus peripecias madrile\u00f1as.<\/p>\n<p>El circulo vicioso que supone la necesidad de tener papeles para poder realizar cualquier actividad que justifique conseguir los papeles, se romp\u00eda gracias a la ayuda de algunas personas locales, que daban la cara por ellos frente a inmobiliarias, bancos, etc, para poder asegurarse los m\u00ednimos necesarios para dormir o comer.<\/p>\n<p>Las mayores referencias de este tipo de estructura narrativa, son sin duda series como la alemana \u201cHeimat\u201d, y apurando un poco la estadounidense \u201cRaices\u201d, donde las historias personales de los miembros de una saga se desarrollan, en un marco hist\u00f3rico real y que les afecta de forma directa.<\/p>\n<p>\u201cVientos de Agua\u201d es una serie comprometida que no duda en airear las miserias a ambos lados del oc\u00e9ano, que nuestros indefensos protagonistas, van sorteando como buenamente pueden, pero con un tono dram\u00e1tico que predomina en todo momento sobre algunos momentos mas ligeros, ideales para desengrasar las tensiones de la serie.<\/p>\n<p>La vida les da mil y un golpes tanto al padre como al hijo, de los que se recuperan como buenamente pueden con el apoyo de sus amigos y sus seres queridos, como una especie de canto a la esperanza de que todo se puede solucionar por muy duro que parezca.<\/p>\n<p>El car\u00e1cter humano de unas personas normales que toman decisiones, se equivocan, rectifican, caen y se vuelven a levantar es el motor central que mueve una historia explicada de forma preciosa y preciosista con la que he disfrutado como nunca lo he hecho con una ficci\u00f3n en castellano, con una descripci\u00f3n de un trayecto vital que si se hubiera hecho en ingles y en la HBO ahora estar\u00eda en todas las listas de mejores series del mundo mundial.<\/p>\n<p>Si a todo eso le a\u00f1adimos, un hermos\u00edsimo capitulo final, donde se cierra el circulo vital de nuestros dos protagonistas con algunas escenas verdaderamente impactantes por la calidad de la interpretaci\u00f3n y la emotividad que transmit\u00edan, \u201cVientos de Agua\u201d se convierte en una miniserie que deber\u00eda ser de visi\u00f3n obligada para todos aquellos de ustedes que tengan una m\u00ednima sensibilidad por las historias bien contadas y mejor explicadas.<br \/>\n<strong><\/strong><\/p>\n<p><strong>La maldici\u00f3n de la serie:<\/strong><br \/>\nEn este punto del articulo, muchos de ustedes se estar\u00e1n preguntando, si tan buena es, como es que no hab\u00edan o\u00eddo nunca hablar de ella ni de refil\u00f3n y se empiezan a cuestionar el estado et\u00edlico del autor al que imaginan todav\u00eda en plenos efluvios navide\u00f1os.<\/p>\n<p>La soluci\u00f3n al enigma se la voy a explicar de forma pormenorizada a continuaci\u00f3n y se puede resumir en que todas y cada una de las circunstancias adversas que se pod\u00edan haber dado se produjeron y aumentadas.<\/p>\n<p>A pesar del enorme esfuerzo econ\u00f3mico realizado por Telecinco, en el momento de programarla, lo hizo de una manera timorata y sin apostar por ella de forma decidida, \u00a0informando a su p\u00fablico de las caracter\u00edsticas de la serie, que no ten\u00eda un bar, ni desayunos familiares, ni abuelos cascarrabias y simp\u00e1ticos, ni ni\u00f1os resabiados y espabilados, que era la marca de todas las series de esa cadena.<\/p>\n<p>Adem\u00e1s a Telecinco, no se le ocurri\u00f3 otra cosa que estrenarla un martes 3 de Enero en plenas fiestas navide\u00f1as y con un cap\u00edtulo doble, que con publicidad se alarg\u00f3 hasta m\u00e1s all\u00e1 de las tres horas, lo que dio como resultado unas audiencias baj\u00edsimas.<\/p>\n<p>El programador que tuvo la ocurrencia de programar en plenas fiestas navide\u00f1as, un drama durisimo sobre la emigraci\u00f3n con un primer cap\u00edtulo, hablado en gran parte en asturiano, con subt\u00edtulos en castellano, se cubri\u00f3 de gloria, y si adem\u00e1s de meter la pata y no rectificar para intentar mimarla algo m\u00e1s, cunde el p\u00e1nico y la destierran en el siguiente cap\u00edtulo a la madrugada de los viernes, el batacazo que se peg\u00f3 fue de impresi\u00f3n.<\/p>\n<p>El desastre fue de tales dimensiones que Telecinco dej\u00f3 de emitirla en el sexto episodio, dejando a los pocos espectadores que primero la encontraron y luego la siguieron, completamente indignados, ante el maltrato al que era sometida la serie.<\/p>\n<p>Lo mejor de todo es que la serie tuvo unas cr\u00edticas fabulosas e un\u00e1nimes diciendo que era el mejor ejemplo que se hab\u00eda hecho de televisi\u00f3n de calidad en nuestro pa\u00eds, pero como apuntaba el cr\u00edtico de \u201cEl Mundo\u201d de esa \u00e9poca , Javier P\u00e9rez de Alb\u00e9niz \u00a0\u201cNo me sorprenden las malas audiencias: si las televisiones llevan a\u00f1os alimentando a los asnos con paja seca es dif\u00edcil que estos aprecien la miel a la primera\u201d .<\/p>\n<p>La emisi\u00f3n en Argentina de la serie fue algo mejor ya que al menos se emiti\u00f3 \u00edntegra, pero sujeta a constantes cambios de horario y d\u00eda, lo que tampoco hizo que tuviera grandes audiencias.<\/p>\n<p>La sorpresa lleg\u00f3 en el momento en que se edit\u00f3 el DVD, que se convirti\u00f3 de forma autom\u00e1tica en el n\u00famero uno de ventas en nuestro pa\u00eds, durante bastantes meses, con mucha gente animada por el boca a oreja y que lo regalaba a sus amigos cin\u00e9filos que a su vez lo recomendaban a otros, lo que fue incrementando su fama a\u00f1o tras a\u00f1o tras su defenestraci\u00f3n de la parrilla.<\/p>\n<p>No era una serie para el gran p\u00fablico, pero en cambio el perfil del p\u00fablico interesado era mucho m\u00e1s entusiasta que el habitual, y sin que las redes sociales tuvieran mucho predicamento en ese momento, recuerdo que se organiz\u00f3 incluso una manifestaci\u00f3n delante de la sede de Telecinco, contra la cancelaci\u00f3n de la serie. No quiero imaginarme lo que habr\u00eda sucedido en caso de existir Twitter, Facebook o Instagram en aquella \u00e9poca<\/p>\n<p>El desprecio hacia la serie por parte de las propietarias de sus derechos sigue en la actualidad, sin que se les ocurra reponerla de forma continua, en algunos de esos canales de la TDT, que emiten reposiciones de series de nuestro pa\u00eds en bucles continuos . Con \u00a0el DVD descatalogado, toca verla en Youtube donde est\u00e1 \u00edntegra, o por otros m\u00e9todos m\u00e1s ultramontanos y podr\u00e1n comprobar lo bien que se mantiene la serie diez a\u00f1os despu\u00e9s de su infausto estreno.<\/p>\n<p><strong>Los actores:<\/strong><br \/>\nEl ampl\u00edsimo reparto de la serie, contaba con actores argentinos, italianos y espa\u00f1oles para cubrir todo el gran espectro de personajes y \u00e9pocas que ten\u00eda la serie. Entre los espa\u00f1oles cabe destacar la presencia de grandes actrices como Marta Etura o Silvia Abascal, de personalidades como el Gran Wyoming y para nuestros lectores vascos mencionar especialmente la maravillosa interpretaci\u00f3n de la donostiarra B\u00e1rbara Goenaga, en el que considero el mejor papel de su carrera.<\/p>\n<p>La serie ten\u00eda tres protagonistas principales, por lo que empezaremos por el argentino Eduardo Blanco, que daba vida a Ernesto Olaya el arquitecto argentino que se ve\u00eda obligado a emigrar a la patria de su padre en busca de alg\u00fan futuro. Blanco es uno de los actores preferidos de Campanella, con el que ha participado en muchas de sus pel\u00edculas como el secundario que es el mejor amigo del protagonista que siempre era Ricardo Darin.<\/p>\n<p><a href=\"\/series-gourmets\/wp-content\/uploads\/sites\/37\/2016\/01\/Eduardo_Blanco-e1451911594525.jpg\"><img loading=\"lazy\" class=\"aligncenter size-full wp-image-4578\" title=\"Eduardo_Blanco\" src=\"\/series-gourmets\/wp-content\/uploads\/sites\/37\/2016\/01\/Eduardo_Blanco-e1451911594525.jpg\" alt=\"\" width=\"560\" height=\"316\" srcset=\"https:\/\/static-blogs.diariovasco.com\/wp-content\/uploads\/sites\/37\/2016\/01\/Eduardo_Blanco-e1451911594525.jpg 560w, https:\/\/static-blogs.diariovasco.com\/wp-content\/uploads\/sites\/37\/2016\/01\/Eduardo_Blanco-e1451911594525-300x169.jpg 300w\" sizes=\"(max-width: 560px) 100vw, 560px\" \/><\/a>Blanco hizo en esta serie, el mejor papel de su larga trayectoria, como una persona desarraigada y desesperada por encontrar su nuevo lugar en la vida tras perder todo lo que hab\u00eda construido y tener que emigrar para empezar de cero. Blanco desprende la melancol\u00eda y la amargura ideal de un personaje por el que sentimos l\u00e1stima y compasi\u00f3n en todo momento, y acaba convirti\u00e9ndose en entra\u00f1able. Tras la serie ha trabajado de forma regular, incluso apareciendo en \u201cAqu\u00ed no hay qui\u00e9n viva\u201d y recientemente ha aparecido en la \u00faltima miniserie de su amigo Campanella \u201cEntre Can\u00edbales\u201d.<\/p>\n<p><a href=\"\/series-gourmets\/wp-content\/uploads\/sites\/37\/2016\/01\/ernesto-alterio-e1451911574333.jpg\"><br \/>\n<\/a>El papel de recorrido m\u00e1s largo en la serie era el de Jos\u00e9\/ Andr\u00e9s Olaya que fue a parar a manos de Ernesto Alterio, hijo del gran actor H\u00e9ctor Alterio que daba vida tambi\u00e9n a su padre en la ficci\u00f3n. Ernesto empez\u00f3 a destacar en la actuaci\u00f3n con las pel\u00edculas \u201cEl otro lado de la cama\u201d y \u201cD\u00edas de f\u00fatbol\u201d, tras las cuales se embarc\u00f3 en este proyecto tan ambicioso, con el papel m\u00e1s complicado en el que deb\u00eda representar la evoluci\u00f3n de \u00a0un adolescente asturiano hasta un maduro padre de familia lo que le exig\u00eda un buen rango interpretativo.<\/p>\n<p><a href=\"\/series-gourmets\/wp-content\/uploads\/sites\/37\/2016\/01\/ernesto-alterio-e1451911574333.jpg\"><img loading=\"lazy\" class=\"aligncenter size-full wp-image-4579\" title=\"ernesto alterio\" src=\"\/series-gourmets\/wp-content\/uploads\/sites\/37\/2016\/01\/ernesto-alterio-e1451911574333.jpg\" alt=\"\" width=\"560\" height=\"485\" srcset=\"https:\/\/static-blogs.diariovasco.com\/wp-content\/uploads\/sites\/37\/2016\/01\/ernesto-alterio-e1451911574333.jpg 560w, https:\/\/static-blogs.diariovasco.com\/wp-content\/uploads\/sites\/37\/2016\/01\/ernesto-alterio-e1451911574333-300x260.jpg 300w\" sizes=\"(max-width: 560px) 100vw, 560px\" \/><\/a>Ernesto Alterio sali\u00f3 m\u00e1s que airoso del tit\u00e1nico esfuerzo que supon\u00eda su personaje, mejorando mucho a medida que iba haci\u00e9ndose mayor y se encontraba en su mejor registro, lejos de las dificultades que le supon\u00eda el acento asturiano que deb\u00eda tener de adolescente, pero globalmente estaba espl\u00e9ndido en el papel m\u00e1s complicado de su vida art\u00edstica, que ha continuado con series en nuestro pa\u00eds como \u201cLa chica de ayer\u201d<\/p>\n<p>Hector Alterio era uno de los mejores actores de cine y teatro argentinos cuando a mediados de la d\u00e9cada de los setenta decidi\u00f3 exiliarse en Espa\u00f1a con su familia, huyendo de la dictadura militar argentina. En nuestro pa\u00eds se ha consagrado como uno de los mejores actores de cine, televisi\u00f3n y teatro, ganando el Goya de Honor en 2004 y en la serie interpreta al anciano Jos\u00e9, raz\u00f3n por la cual nunca coincide con su hijo en la pantalla, al interpretar ambos el mismo papel.<\/p>\n<p><a href=\"\/series-gourmets\/wp-content\/uploads\/sites\/37\/2016\/01\/hector-alterio-e1451911673519.jpg\"><img loading=\"lazy\" class=\"aligncenter size-full wp-image-4573\" title=\"hector alterio\" src=\"\/series-gourmets\/wp-content\/uploads\/sites\/37\/2016\/01\/hector-alterio-e1451911673519.jpg\" alt=\"\" width=\"560\" height=\"310\" srcset=\"https:\/\/static-blogs.diariovasco.com\/wp-content\/uploads\/sites\/37\/2016\/01\/hector-alterio-e1451911673519.jpg 560w, https:\/\/static-blogs.diariovasco.com\/wp-content\/uploads\/sites\/37\/2016\/01\/hector-alterio-e1451911673519-300x166.jpg 300w\" sizes=\"(max-width: 560px) 100vw, 560px\" \/><\/a>Su papel es bastante reducido y con mucha menos participaci\u00f3n que el de sus compa\u00f1eros que son los que llevan el peso de la historia, pero en cambio su personaje en el \u00faltimo episodio, nos resarce de toda la espera, cerrando todas las historias y con una impresionante escena que tiene con otro m\u00edtico actor Jos\u00e9 Luis L\u00f3pez V\u00e1zquez, que justifica por si sola su reducida presencia en la miniserie.<\/p>\n<p>Por \u00faltimo el mas destacado entre los actores secundarios fue sin lugar a dudas Pablo Rago, que daba vida a Juliusz, un jud\u00edo h\u00fangaro, que lleg\u00f3 a Argentina huyendo del nazismo, y \u00a0que se convierte en el mejor amigo y compa\u00f1ero de fatigas de Jos\u00e9<\/p>\n<p><a href=\"\/series-gourmets\/wp-content\/uploads\/sites\/37\/2016\/01\/pablo-rago-e1451911658290.jpg\"><img loading=\"lazy\" class=\"aligncenter size-full wp-image-4574\" title=\"pablo rago\" src=\"\/series-gourmets\/wp-content\/uploads\/sites\/37\/2016\/01\/pablo-rago-e1451911658290.jpg\" alt=\"\" width=\"560\" height=\"371\" srcset=\"https:\/\/static-blogs.diariovasco.com\/wp-content\/uploads\/sites\/37\/2016\/01\/pablo-rago-e1451911658290.jpg 560w, https:\/\/static-blogs.diariovasco.com\/wp-content\/uploads\/sites\/37\/2016\/01\/pablo-rago-e1451911658290-300x199.jpg 300w\" sizes=\"(max-width: 560px) 100vw, 560px\" \/><\/a>Rago empez\u00f3 como actor infantil en muchas series argentinas y desde entonces no ha parado de trabajar, aunque no le he visto en ning\u00fan papel en el que estuviera mejor que en el de Juliusz, la persona m\u00e1s integra y m\u00e1s buena de todo el grupo, que es el palo en el que todos se apoyan cuando tienen problemas y que no duda en ayudarles en la medida de sus posibilidades.<\/p>\n<p><strong>Epilogo:<\/strong><br \/>\n\u201cVientos de Agua\u201d es una de esas series que no me cansar\u00e9 de recomendar a cualquier persona que tenga amor por las series televisivas y que es la mejor demostraci\u00f3n de que nuestras cadenas pueden hacer series impresionantes y con gran talento, aunque luego no sepan lo que hacer con ellas, como ocurri\u00f3 en este caso.<\/p>\n<p>Por suerte las redes nos permiten disfrutarlas como y cuando queramos y a eso les emplaz\u00f3 porque se van a congraciar con las series en castellano, tras esta obra maestra y personal de Juan Jos\u00e9 Campanella, a la que hemos querido recordar en el d\u00e9cimo aniversario de su estreno mundial en nuestro pa\u00eds.<\/p>\n<p>Esperamos sus opiniones y comentarios, aqu\u00ed o en nuestra cuenta de twitter (@lmejino). Hasta la pr\u00f3xima<\/p>\n<p>Lorenzo Mejino<\/p>\n<div><\/div>\n<!-- AddThis Advanced Settings generic via filter on the_content --><!-- AddThis Share Buttons generic via filter on the_content -->","protected":false},"excerpt":{"rendered":"<p>Todas los pa\u00edses tienen productos audiovisuales, que han sido etiquetados con el calificativo de malditos, utilizados para describir a las series con cr\u00edticas fabulosas y un seguimiento de culto, pero que por una u otra raz\u00f3n pasan completamente desapercibidas por las audiencias que directamente las ignoran o por las propias cadenas que las acaban maltratando [&hellip;]<!-- AddThis Advanced Settings generic via filter on get_the_excerpt --><!-- AddThis Share Buttons generic via filter on get_the_excerpt --><\/p>\n","protected":false},"author":61,"featured_media":0,"comment_status":"open","ping_status":"closed","sticky":false,"template":"","format":"standard","meta":[],"categories":[6,8,30,16,20],"tags":[824,904,1108,1440,2103,2875],"_links":{"self":[{"href":"https:\/\/blogs.diariovasco.com\/series-gourmets\/wp-json\/wp\/v2\/posts\/4572"}],"collection":[{"href":"https:\/\/blogs.diariovasco.com\/series-gourmets\/wp-json\/wp\/v2\/posts"}],"about":[{"href":"https:\/\/blogs.diariovasco.com\/series-gourmets\/wp-json\/wp\/v2\/types\/post"}],"author":[{"embeddable":true,"href":"https:\/\/blogs.diariovasco.com\/series-gourmets\/wp-json\/wp\/v2\/users\/61"}],"replies":[{"embeddable":true,"href":"https:\/\/blogs.diariovasco.com\/series-gourmets\/wp-json\/wp\/v2\/comments?post=4572"}],"version-history":[{"count":0,"href":"https:\/\/blogs.diariovasco.com\/series-gourmets\/wp-json\/wp\/v2\/posts\/4572\/revisions"}],"wp:attachment":[{"href":"https:\/\/blogs.diariovasco.com\/series-gourmets\/wp-json\/wp\/v2\/media?parent=4572"}],"wp:term":[{"taxonomy":"category","embeddable":true,"href":"https:\/\/blogs.diariovasco.com\/series-gourmets\/wp-json\/wp\/v2\/categories?post=4572"},{"taxonomy":"post_tag","embeddable":true,"href":"https:\/\/blogs.diariovasco.com\/series-gourmets\/wp-json\/wp\/v2\/tags?post=4572"}],"curies":[{"name":"wp","href":"https:\/\/api.w.org\/{rel}","templated":true}]}}