{"id":4680,"date":"2016-02-08T08:00:07","date_gmt":"2016-02-08T07:00:07","guid":{"rendered":"http:\/\/blogs.diariovasco.com\/series-gourmets\/?p=4680"},"modified":"2016-02-08T08:00:07","modified_gmt":"2016-02-08T07:00:07","slug":"hjordis-dinamarca-un-precioso-cuento-en-forma-de-alegato-contra-el-acoso-escolar","status":"publish","type":"post","link":"https:\/\/blogs.diariovasco.com\/series-gourmets\/2016\/02\/08\/hjordis-dinamarca-un-precioso-cuento-en-forma-de-alegato-contra-el-acoso-escolar\/","title":{"rendered":"Hj\u00f8rdis( Dinamarca): Un precioso cuento  en forma de alegato contra el acoso escolar"},"content":{"rendered":"<p>El enorme \u00e9xito que ha tenido la serie danesa &#8220;Rita&#8221;, primero en los pa\u00edses escandinavos y posteriormente en el resto del mundo, gracias a la entrada de Netflix en la producci\u00f3n de la 3T, ha dejado a todos sus espectadores, con ganas de saber mucho mas de ese universo creado en un instituto de las afueras de Copenhague.<\/p>\n<p>Una consecuencia l\u00f3gica para paliar la espera entre temporadas, ha sido la creaci\u00f3n de una secuela \u201cHj\u00f8rdis\u201d en forma de miniserie de solo 4 cap\u00edtulos y centrada en la figura de la joven profesora Hj\u00f8rdis, muy voluntariosa pero algo patosa, que es uno de los principales apoyos de Rita en el instituto donde ambas trabajan, de la que vamos a conocer algo mas de su historia en una peque\u00f1a miniatura de la que hoy les vamos a analizar sus principales caracter\u00edsticas.<\/p>\n<p><strong>Ficha:<\/strong> Hj\u00f8rdis 4+ episodios 25 min .\u00a0\u00a0 May 2015 .<strong> Idioma:<\/strong> Dan\u00e9s subtitulada en ingl\u00e9s TV2 (DK)<\/p>\n<p><strong><a href=\"\/series-gourmets\/wp-content\/uploads\/sites\/37\/2016\/02\/Hj_rdis_fotograf_He_905578a-e1454412522844.jpg\"><img loading=\"lazy\" class=\"aligncenter size-full wp-image-4683\" title=\"HJ\u00c3\u0098RDIS\" src=\"\/series-gourmets\/wp-content\/uploads\/sites\/37\/2016\/02\/Hj_rdis_fotograf_He_905578a-e1454412522844.jpg\" alt=\"\" width=\"560\" height=\"373\" srcset=\"https:\/\/static-blogs.diariovasco.com\/wp-content\/uploads\/sites\/37\/2016\/02\/Hj_rdis_fotograf_He_905578a-e1454412522844.jpg 560w, https:\/\/static-blogs.diariovasco.com\/wp-content\/uploads\/sites\/37\/2016\/02\/Hj_rdis_fotograf_He_905578a-e1454412522844-300x200.jpg 300w\" sizes=\"(max-width: 560px) 100vw, 560px\" \/><\/a>La trama :<\/strong> Hj\u00f8rdis es la coordinadora de la semana contra el acoso escolar ( bullying) que se celebra en su instituto, con todo tipo de actividades que tendr\u00e1n como colof\u00f3n una obra teatral donde los actores ser\u00e1n los chavales que sufren el acoso en la escuela por ser diferentes al resto de los dem\u00e1s.<\/p>\n<p>La actividad no tiene mayor importancia ni nadie le hace demasiado caso, hasta que la reina Mary de Dinamarca, decide dar su apoyo a la campa\u00f1a, anunciando su asistencia a la funci\u00f3n en persona, lo que dispara todas las alarmas del centro escolar y de su directora, la misma Helle de \u201cRita\u201d, ante la \u201ccalidad\u201d de la obra que le van a ofrecer a tan magna espectadora, por lo que empieza a interferir con la producci\u00f3n de la funci\u00f3n ante el desespero de Hj\u00f8rdis, la magnifica Lise Baastrup.<\/p>\n<p>La serie escrita por Christian Torpe, el creador de &#8220;Rita&#8221;, desarrolla la historia de una forma muy inteligente, como si fuera un cuento, pero huyendo de infantilismos y planteando de una forma muy h\u00e1bil el problema del acoso escolar a todos los niveles y sus consecuencias.<\/p>\n<p>El primer episodio es el que se utiliza para la presentaci\u00f3n de los chavales y sus diferentes problemas que abarcan todo el espectro de salirse fuera de la norma (obesidad, altura excesiva, sordera, identidad sexual ambigua, etc) que los han convertidos en seres marginados y solitarios dentro del micromundo escolar en el que se encuentran, ademas de ser objeto de \u00a0continuas burlas y bromas pesadas de los abusones de turno.<\/p>\n<p><a href=\"\/series-gourmets\/wp-content\/uploads\/sites\/37\/2016\/02\/cast-e1454412509455.jpg\"><img loading=\"lazy\" class=\"aligncenter size-full wp-image-4682\" title=\"cast\" src=\"\/series-gourmets\/wp-content\/uploads\/sites\/37\/2016\/02\/cast-e1454412509455.jpg\" alt=\"\" width=\"560\" height=\"315\" srcset=\"https:\/\/static-blogs.diariovasco.com\/wp-content\/uploads\/sites\/37\/2016\/02\/cast-e1454412509455.jpg 560w, https:\/\/static-blogs.diariovasco.com\/wp-content\/uploads\/sites\/37\/2016\/02\/cast-e1454412509455-300x169.jpg 300w\" sizes=\"(max-width: 560px) 100vw, 560px\" \/><\/a>La funci\u00f3n teatral, a pesar de sus limitados talentos para la actuaci\u00f3n, debe servirles para ganar en autoestima y formar un grupo cohesionado, con el que enfrentarse apoy\u00e1ndose unos en los otros a los matones de barrio que siempre existen en todos los institutos.<\/p>\n<p>Si a eso le a\u00f1adimos, la redenci\u00f3n personal de la propia Hj\u00f8rdis, que sufri\u00f3 en sus carnes el acoso escolar en su \u00e9poca juvenil, tenemos al t\u00edpico grupo de marginados que intenta ser reconocido en la sociedad. En la obra Hj\u00f8rdis, tiene la inestimable colaboraci\u00f3n de un m\u00fasico de origen aleman Gert, otro personaje que lleva una pesada \u00a0mochila del pasado.<\/p>\n<p><a href=\"\/series-gourmets\/wp-content\/uploads\/sites\/37\/2016\/02\/hjordis-e1454412495555.jpeg\"><img loading=\"lazy\" class=\"aligncenter size-full wp-image-4681\" title=\"hjordis\" src=\"\/series-gourmets\/wp-content\/uploads\/sites\/37\/2016\/02\/hjordis-e1454412495555.jpeg\" alt=\"\" width=\"560\" height=\"315\" srcset=\"https:\/\/static-blogs.diariovasco.com\/wp-content\/uploads\/sites\/37\/2016\/02\/hjordis-e1454412495555.jpeg 560w, https:\/\/static-blogs.diariovasco.com\/wp-content\/uploads\/sites\/37\/2016\/02\/hjordis-e1454412495555-300x169.jpeg 300w\" sizes=\"(max-width: 560px) 100vw, 560px\" \/><\/a>La serie se centra de una forma muy divertida en la pugna entre la pobre Hj\u00f8rdis y su directora Helle y sus diferentes conceptos sobre como desarrollar la obra, con la profesora insistiendo en que debe servir para que los chavales hagan lo que puedan dentro de sus posibilidades, mientras que la directora aspira a ofrecer una funci\u00f3n digna de una reina, por lo que no duda en hacer fichajes de alumnos muy talentosos de un instituto cercano, para reforzar el elenco de la obra, como muestra el v\u00eddeo<br \/>\n<iframe loading=\"lazy\" src=\"https:\/\/www.youtube.com\/embed\/LRgGprSdZTU\" frameborder=\"0\" width=\"560\" height=\"315\"><\/iframe><br \/>\nLa miniserie me ha encantado y su corta duraci\u00f3n es de las que me ha dejado con ganas de saber mas de ese grupo y su evoluci\u00f3n posterior, por lo que su creador, dado el \u00e9xito obtenido, no descarta hacer posteriores entregas, si encuentra historias atrayentes.<\/p>\n<p>Para finalizar les dejo con el trailer en dan\u00e9s de la serie, que tiene los subt\u00edtulos disponibles en ingl\u00e9s, por lo que es de suponer que dentro de poco tiempo estar\u00e1n traducidos en castellano en la web especializada <a href=\"http:\/\/nordiken.net\/portal.php\" rel=\"external nofollow\">nordiken.net<\/a>, la mejor para seguir y disfrutar de las series escandinavas.<br \/>\n<iframe loading=\"lazy\" src=\"https:\/\/www.youtube.com\/embed\/oGU7EVyBjBA\" frameborder=\"0\" width=\"560\" height=\"315\"><\/iframe><\/p>\n<p><strong>Epilogo:<\/strong><br \/>\nComo la mayor\u00eda de los cuentos, tiene final feliz y moraleja y ni que decir tiene que si son los que han disfrutado con las aventuras de Rita, Hj\u00f8rdis es una miniserie absolutamente recomendable para seguir disfrutando de otro aspecto del universo escolar dan\u00e9s, que con tan buena traza hemos disfrutado durante tres temporadas en la serie original.<\/p>\n<p>Esperamos sus opiniones y comentarios, aqu\u00ed o en nuestra cuenta de twitter (@lmejino). Hasta la pr\u00f3xima<\/p>\n<p>Lorenzo Mejino<\/p>\n<!-- AddThis Advanced Settings generic via filter on the_content --><!-- AddThis Share Buttons generic via filter on the_content -->","protected":false},"excerpt":{"rendered":"<p>El enorme \u00e9xito que ha tenido la serie danesa &#8220;Rita&#8221;, primero en los pa\u00edses escandinavos y posteriormente en el resto del mundo, gracias a la entrada de Netflix en la producci\u00f3n de la 3T, ha dejado a todos sus espectadores, con ganas de saber mucho mas de ese universo creado en un instituto de las [&hellip;]<!-- AddThis Advanced Settings generic via filter on get_the_excerpt --><!-- AddThis Share Buttons generic via filter on get_the_excerpt --><\/p>\n","protected":false},"author":61,"featured_media":0,"comment_status":"open","ping_status":"closed","sticky":false,"template":"","format":"standard","meta":[],"categories":[25,9,17],"tags":[1135,1671],"_links":{"self":[{"href":"https:\/\/blogs.diariovasco.com\/series-gourmets\/wp-json\/wp\/v2\/posts\/4680"}],"collection":[{"href":"https:\/\/blogs.diariovasco.com\/series-gourmets\/wp-json\/wp\/v2\/posts"}],"about":[{"href":"https:\/\/blogs.diariovasco.com\/series-gourmets\/wp-json\/wp\/v2\/types\/post"}],"author":[{"embeddable":true,"href":"https:\/\/blogs.diariovasco.com\/series-gourmets\/wp-json\/wp\/v2\/users\/61"}],"replies":[{"embeddable":true,"href":"https:\/\/blogs.diariovasco.com\/series-gourmets\/wp-json\/wp\/v2\/comments?post=4680"}],"version-history":[{"count":0,"href":"https:\/\/blogs.diariovasco.com\/series-gourmets\/wp-json\/wp\/v2\/posts\/4680\/revisions"}],"wp:attachment":[{"href":"https:\/\/blogs.diariovasco.com\/series-gourmets\/wp-json\/wp\/v2\/media?parent=4680"}],"wp:term":[{"taxonomy":"category","embeddable":true,"href":"https:\/\/blogs.diariovasco.com\/series-gourmets\/wp-json\/wp\/v2\/categories?post=4680"},{"taxonomy":"post_tag","embeddable":true,"href":"https:\/\/blogs.diariovasco.com\/series-gourmets\/wp-json\/wp\/v2\/tags?post=4680"}],"curies":[{"name":"wp","href":"https:\/\/api.w.org\/{rel}","templated":true}]}}