{"id":4727,"date":"2016-02-22T08:01:22","date_gmt":"2016-02-22T07:01:22","guid":{"rendered":"http:\/\/blogs.diariovasco.com\/series-gourmets\/?p=4727"},"modified":"2016-02-22T08:01:22","modified_gmt":"2016-02-22T07:01:22","slug":"trepalium-francia-el-muro-de-los-parados-una-distopia-sobre-el-derecho-al-trabajo","status":"publish","type":"post","link":"https:\/\/blogs.diariovasco.com\/series-gourmets\/2016\/02\/22\/trepalium-francia-el-muro-de-los-parados-una-distopia-sobre-el-derecho-al-trabajo\/","title":{"rendered":"Trepalium (Francia): El muro de los parados, una distopia sobre el derecho al trabajo"},"content":{"rendered":"<p>La selecci\u00f3n de las series remotas que les comento cada lunes, viene dada por diversos factores, pero el principal suele ser el inter\u00e9s y la originalidad que me despierta la premisa que presenta la misma, seguida por la disponibilidad en alguna forma inteligible para poder visionarla de forma completa.<\/p>\n<p>\u201cTrepalium\u201d parte de una idea muy interesante, con una formulaci\u00f3n de una distopia sobre el mundo laboral y las consecuencias de un paro elevad\u00edsimo que pod\u00eda dar mucho juego, por desgracia los resultados de esta serie reci\u00e9n finalizada, no han cumplido ni de lejos las expectativas, por una serie de factores que les vamos a analizar en el siguiente art\u00edculo.<\/p>\n<p><strong>Ficha:<\/strong> Trepalium 6 ep 50 min .\u00a0\u00a0 Feb 2016 .<strong> Idioma:<\/strong> Franc\u00e9s subs frances. <strong>Cadena:<\/strong> Arte ( FR-D)<\/p>\n<p><strong><a href=\"\/series-gourmets\/wp-content\/uploads\/sites\/37\/2016\/02\/trepalium-e1455618152707.jpg\"><img loading=\"lazy\" class=\"aligncenter size-full wp-image-4728\" title=\"trepalium\" src=\"\/series-gourmets\/wp-content\/uploads\/sites\/37\/2016\/02\/trepalium-e1455618152707.jpg\" alt=\"\" width=\"560\" height=\"224\" srcset=\"https:\/\/static-blogs.diariovasco.com\/wp-content\/uploads\/sites\/37\/2016\/02\/trepalium-e1455618152707.jpg 560w, https:\/\/static-blogs.diariovasco.com\/wp-content\/uploads\/sites\/37\/2016\/02\/trepalium-e1455618152707-300x120.jpg 300w\" sizes=\"(max-width: 560px) 100vw, 560px\" \/><\/a>La trama :<\/strong><br \/>\nLa situaci\u00f3n social en el futuro ha degenerado de tal manera, que la elevada tasa de paro en la poblaci\u00f3n en una ciudad indeterminada, cercana al 80%, ha obligado a erigir un muro para separar a la gente con trabajo de los parados, para evitar confrontaciones. El efecto prinicipal del muro es \u00a0abandonar extramuros a 4\/5 de la poblaci\u00f3n a su suerte, mientras que intramuros, se puede llevar una vida laboral plena y placentera.<\/p>\n<p>El conflicto entre ambos mundos empieza cuando se \u00a0establecen vasos comunicantes entre personajes que no est\u00e1n contentos con el destino que les toca vivir tanto dentro como fuera de la ciudad, que son el germen \u00a0de una revoluci\u00f3n que va a desarrollarse en los seis cap\u00edtulos de la miniserie de la forma que les muestra el trailer.<br \/>\n<iframe loading=\"lazy\" src=\"https:\/\/www.youtube.com\/embed\/jKHz5RLLjUw\" frameborder=\"0\" width=\"560\" height=\"315\"><\/iframe><br \/>\nNo me negaran que con este punto de partida la cosa puede tener su miga y proporcionar muchos \u00e1ngulos sobre las condiciones laborales de las personas y el derecho a tener un trabajo digno dentro de una sociedad justa y equitativa. Con esas expectativas empec\u00e9 a verla, pero pronto me pude percatar que se iba a quedar bastante corta.<\/p>\n<p>Por un lado ten\u00edamos la representaci\u00f3n de la sociedad laboral, un h\u00edbrido imposible entre la est\u00e9tica a\u00f1os cuarenta y un r\u00e9gimen norcoreano de sumisi\u00f3n y control de las personas, con unos l\u00edderes incontestables, que so pena de la continua amenaza de despedir a las personas con trabajo y expulsarlas a la jungla exterior, hac\u00edan y deshac\u00edan a su antojo, con el nepotismo como santo y se\u00f1a de su actuaci\u00f3n.<\/p>\n<p><a href=\"\/series-gourmets\/wp-content\/uploads\/sites\/37\/2016\/02\/dirigentes-e1455618168814.jpg\"><img loading=\"lazy\" class=\"aligncenter size-full wp-image-4729\" title=\"dirigentes\" src=\"\/series-gourmets\/wp-content\/uploads\/sites\/37\/2016\/02\/dirigentes-e1455618168814.jpg\" alt=\"\" width=\"560\" height=\"315\" srcset=\"https:\/\/static-blogs.diariovasco.com\/wp-content\/uploads\/sites\/37\/2016\/02\/dirigentes-e1455618168814.jpg 560w, https:\/\/static-blogs.diariovasco.com\/wp-content\/uploads\/sites\/37\/2016\/02\/dirigentes-e1455618168814-300x169.jpg 300w\" sizes=\"(max-width: 560px) 100vw, 560px\" \/><\/a>Fuera, las cosas tampoco estaban mucho mejor representadas, con una est\u00e9tica de pol\u00edgono industrial abandonado,mezclada con personajes dignos de un remake filipino de Mad Max, que por lo menos ten\u00edan la aspiraci\u00f3n de poder encontrar un trabajo para poder dar un mejor futuro a sus hijos y eran capaces de cualquier cosa por conseguirlo.<\/p>\n<p><a href=\"\/series-gourmets\/wp-content\/uploads\/sites\/37\/2016\/02\/pobres-e1455618183969.jpg\"><img loading=\"lazy\" class=\"aligncenter size-full wp-image-4730\" title=\"pobres\" src=\"\/series-gourmets\/wp-content\/uploads\/sites\/37\/2016\/02\/pobres-e1455618183969.jpg\" alt=\"\" width=\"560\" height=\"307\" srcset=\"https:\/\/static-blogs.diariovasco.com\/wp-content\/uploads\/sites\/37\/2016\/02\/pobres-e1455618183969.jpg 560w, https:\/\/static-blogs.diariovasco.com\/wp-content\/uploads\/sites\/37\/2016\/02\/pobres-e1455618183969-300x164.jpg 300w\" sizes=\"(max-width: 560px) 100vw, 560px\" \/><\/a>El conflicto entre ambos bandos se empieza a plantear desde el inicio, cuando una iniciativa solidaria de maquillaje pol\u00edtico del r\u00e9gimen, estilo ponga un pobre en su casa, hace que diversos parias, tengan acceso durante el d\u00eda a la vida intramuros. Dicho contacto es el que provoca que ambos bandos hagan un examen de conciencia sobre el estatus quo, que est\u00e1n obligados a vivir, con graves consecuencias para el precario equilibrio que ten\u00edan.<\/p>\n<p>Mi principal problema con la serie ha sido la puesta en escena, muy pobre y con unos medios muy alejados de los que se habr\u00edan necesitado para hacer la distopia medianamente atractiva, en especial los pelucones de las clases dirigentes del intramuros, extra\u00eddos de un catalogo de fotos de Evita Per\u00f3n, que me tiraban para atr\u00e1s en cuanto aparec\u00edan en escena.<\/p>\n<p>Encima las actuaciones eran totalmente inexpresivas, supongo que por exigencias del gui\u00f3n, pero en algunos casos los hubots de \u201cAkta Mannisk\u00f6r\u201d, parec\u00edan mas humanos que algunos de los actores que aparec\u00edan, en otro claro error de planteamiento de base.<\/p>\n<p>La trama se queda en la superficie del problema, prefiriendo quedarse en el camino mas c\u00f3modo de las historias personales de los descontentos de ambos lados, que en entrar en temas mas profundos como el derecho al trabajo, o si vale cualquier trabajo aunque sea en r\u00e9gimen semiesclavista, que solo se esbozan y poca cosa mas.<\/p>\n<p>La serie la he visto completa, porque ten\u00eda curiosidad en ver como resolv\u00edan el embrollo que hab\u00edan planteado,pero \u00a0le dan carpetazo de una forma tan cutre como los escasos medios y dineros que han puesto a disposici\u00f3n del pobre director de la serie, como pueden ver en el teaser.<\/p>\n<p><iframe loading=\"lazy\" src=\"https:\/\/www.youtube.com\/embed\/0SMW_bszwGw\" frameborder=\"0\" width=\"560\" height=\"315\"><\/iframe><\/p>\n<p><strong>Epilogo:<\/strong><br \/>\nNo es suficiente con tener grandes ideas y buen talento, si el presupuesto y los medios son insuficientes para llevarlos a cabo con una cierta dignidad, puesto que el resultado va a ser totalmente contraproducente con las intenciones iniciales, con casos como en el de \u201cTrepalium\u201d, \u00a0que lamento profundamente.<\/p>\n<p>Esperamos sus opiniones y comentarios, aqu\u00ed o en nuestra cuenta de twitter (@lmejino). Hasta la pr\u00f3xima<\/p>\n<p>Lorenzo Mejino<\/p>\n<!-- AddThis Advanced Settings generic via filter on the_content --><!-- AddThis Share Buttons generic via filter on the_content -->","protected":false},"excerpt":{"rendered":"<p>La selecci\u00f3n de las series remotas que les comento cada lunes, viene dada por diversos factores, pero el principal suele ser el inter\u00e9s y la originalidad que me despierta la premisa que presenta la misma, seguida por la disponibilidad en alguna forma inteligible para poder visionarla de forma completa. \u201cTrepalium\u201d parte de una idea muy [&hellip;]<!-- AddThis Advanced Settings generic via filter on get_the_excerpt --><!-- AddThis Share Buttons generic via filter on get_the_excerpt --><\/p>\n","protected":false},"author":61,"featured_media":0,"comment_status":"open","ping_status":"closed","sticky":false,"template":"","format":"standard","meta":[],"categories":[23,32,17],"tags":[2816],"_links":{"self":[{"href":"https:\/\/blogs.diariovasco.com\/series-gourmets\/wp-json\/wp\/v2\/posts\/4727"}],"collection":[{"href":"https:\/\/blogs.diariovasco.com\/series-gourmets\/wp-json\/wp\/v2\/posts"}],"about":[{"href":"https:\/\/blogs.diariovasco.com\/series-gourmets\/wp-json\/wp\/v2\/types\/post"}],"author":[{"embeddable":true,"href":"https:\/\/blogs.diariovasco.com\/series-gourmets\/wp-json\/wp\/v2\/users\/61"}],"replies":[{"embeddable":true,"href":"https:\/\/blogs.diariovasco.com\/series-gourmets\/wp-json\/wp\/v2\/comments?post=4727"}],"version-history":[{"count":0,"href":"https:\/\/blogs.diariovasco.com\/series-gourmets\/wp-json\/wp\/v2\/posts\/4727\/revisions"}],"wp:attachment":[{"href":"https:\/\/blogs.diariovasco.com\/series-gourmets\/wp-json\/wp\/v2\/media?parent=4727"}],"wp:term":[{"taxonomy":"category","embeddable":true,"href":"https:\/\/blogs.diariovasco.com\/series-gourmets\/wp-json\/wp\/v2\/categories?post=4727"},{"taxonomy":"post_tag","embeddable":true,"href":"https:\/\/blogs.diariovasco.com\/series-gourmets\/wp-json\/wp\/v2\/tags?post=4727"}],"curies":[{"name":"wp","href":"https:\/\/api.w.org\/{rel}","templated":true}]}}