{"id":5070,"date":"2016-05-23T07:01:46","date_gmt":"2016-05-23T06:01:46","guid":{"rendered":"http:\/\/blogs.diariovasco.com\/series-gourmets\/?p=5070"},"modified":"2016-05-23T07:01:46","modified_gmt":"2016-05-23T06:01:46","slug":"os-experientes-brasil-lecciones-magistrales-para-envejecer-mejor","status":"publish","type":"post","link":"https:\/\/blogs.diariovasco.com\/series-gourmets\/2016\/05\/23\/os-experientes-brasil-lecciones-magistrales-para-envejecer-mejor\/","title":{"rendered":"Os Experientes( Brasil).  Lecciones  magistrales para envejecer mejor"},"content":{"rendered":"<p>El a\u00f1o pasado, la todopoderosa cadena brasile\u00f1a O Globo celebr\u00f3 sus cincuenta a\u00f1os de existencia y dentro de sus actos conmemorativos decidi\u00f3 como acto culminante, producir y emitir una miniserie producida y dirigida por el gran director brasile\u00f1o Fernando Meirelles ( Ciudad de Dios, El jardinero fiel) uno de los creadores m\u00e1s respetados en todo Brasil, sobre el paso a la vejez.<\/p>\n<p>La miniserie fue un \u00e9xito incre\u00edble, acaparando todos los premios del publico y de la cr\u00edtica en 2015, en casi todas las categor\u00edas, por lo que no pod\u00eda faltar nuestro an\u00e1lisis en esta secci\u00f3n del lunes dedicada a series remotas de todo tipo, pero en este caso con la calidad por bandera y altamente recomendable.<\/p>\n<p><strong>Ficha:<\/strong> Os Experientes 4 ep 40 min .\u00a0\u00a0 Abr 2015-<strong> Idioma:<\/strong> Portugu\u00e9s<strong> Cadena:<\/strong> O Globo<\/p>\n<p><strong><a href=\"\/series-gourmets\/wp-content\/uploads\/sites\/37\/2016\/05\/cast2-e1463483131922.jpg\"><img loading=\"lazy\" class=\"aligncenter size-full wp-image-5071\" title=\"cast\" src=\"\/series-gourmets\/wp-content\/uploads\/sites\/37\/2016\/05\/cast2-e1463483131922.jpg\" alt=\"\" width=\"560\" height=\"373\" srcset=\"https:\/\/static-blogs.diariovasco.com\/wp-content\/uploads\/sites\/37\/2016\/05\/cast2-e1463483131922.jpg 560w, https:\/\/static-blogs.diariovasco.com\/wp-content\/uploads\/sites\/37\/2016\/05\/cast2-e1463483131922-300x200.jpg 300w\" sizes=\"(max-width: 560px) 100vw, 560px\" \/><\/a>La trama :<\/strong><br \/>\n\u201cOs Experientes\u201d es una colecci\u00f3n de historias independientes con el nexo com\u00fan de mostrarnos personas que al llegar a la vejez, se redescubren y reinventan para prepararse a vivir una de las mejores \u00e9pocas de su vida.<\/p>\n<p>Sus mecanismos para afrontar esa nueva etapa de su vida, son de dos tipos, el primero es liberarse de todas las mochilas y cargas que han soportado durante su vida, para hacer tabla rasa y dejarse llevar por su intuici\u00f3n y ganas de descubrir cosas nuevas.<\/p>\n<p>Por otro lado, tenemos las personas que utilizan las experiencias de su vida para encarar su \u00faltima fase y seguir evolucionando en su trayectoria personal, ayudando a sus semejantes con su sabidur\u00eda.<\/p>\n<p>Las historias son cuentos donde nos encontramos con giros sorprendentes tratados con un humor negro brasile\u00f1o poco conocido por estos lares y lo que es m\u00e1s importante contados con una fuerza y sensibilidad poco habitual gracias a la magistral direcci\u00f3n de Fernando Meirelles, que empiezan con esta sugerente cabecera, con una voz en off que nos presenta el cap\u00edtulo<br \/>\n<iframe loading=\"lazy\" src=\"https:\/\/www.youtube.com\/embed\/J06yKoaLDZw\" frameborder=\"0\" width=\"560\" height=\"315\"><\/iframe><\/p>\n<p>Con las historias pasamos de la risa a la tragedia en cuesti\u00f3n de instantes, como en el episodio que abre la serie, con un atraco a una sucursal bancaria que habr\u00eda firmado el propio Berlanga, donde una de las rehenes es una doctora jubilada, que se ofrece voluntaria para curar a uno de los secuestradores herido de gravedad, en una historia preciosa y llena de sorpresas.<\/p>\n<p><a href=\"\/series-gourmets\/wp-content\/uploads\/sites\/37\/2016\/05\/atraco-e1463483164383.jpg\"><img loading=\"lazy\" class=\"aligncenter size-full wp-image-5073\" title=\"atraco\" src=\"\/series-gourmets\/wp-content\/uploads\/sites\/37\/2016\/05\/atraco-e1463483164383.jpg\" alt=\"\" width=\"560\" height=\"315\" srcset=\"https:\/\/static-blogs.diariovasco.com\/wp-content\/uploads\/sites\/37\/2016\/05\/atraco-e1463483164383.jpg 560w, https:\/\/static-blogs.diariovasco.com\/wp-content\/uploads\/sites\/37\/2016\/05\/atraco-e1463483164383-300x169.jpg 300w\" sizes=\"(max-width: 560px) 100vw, 560px\" \/><\/a>Otro capitulo delicioso trata de un grupo de veteranos m\u00fasicos que bajo el nombre de \u201cAtravesadores do Samba\u201d, va tocando de fiesta en fiesta, haciendo lo que m\u00e1s les gusta sin importarle nada m\u00e1s en la vida, hasta que un acontecimiento les hace replantearse al grupo tener que cambiar todos sus principios, de manera muy divertida.<\/p>\n<p><a href=\"\/series-gourmets\/wp-content\/uploads\/sites\/37\/2016\/05\/samba-e1463483149868.jpg\"><img loading=\"lazy\" class=\"aligncenter size-full wp-image-5072\" title=\"samba\" src=\"\/series-gourmets\/wp-content\/uploads\/sites\/37\/2016\/05\/samba-e1463483149868.jpg\" alt=\"\" width=\"560\" height=\"372\" srcset=\"https:\/\/static-blogs.diariovasco.com\/wp-content\/uploads\/sites\/37\/2016\/05\/samba-e1463483149868.jpg 560w, https:\/\/static-blogs.diariovasco.com\/wp-content\/uploads\/sites\/37\/2016\/05\/samba-e1463483149868-300x199.jpg 300w\" sizes=\"(max-width: 560px) 100vw, 560px\" \/><\/a>Otro gran acierto, ha sido la elecci\u00f3n de grandes actores veteranos brasile\u00f1os, muchos de ellos incluso retirados que no se pudieron resistir a la llamada de Fernando Meirelles y de su hijo Quico, los dos responsables de la serie, para volver a sentir la emoci\u00f3n de \u00a0actuar y dando verdaderas clases de intensidad gestual, que ser\u00edan la envidia de muchos actores actuales.<\/p>\n<p>Esta rebeld\u00eda y ganas de vivir transmiten una alegr\u00eda que hace que les recomendemos encarecidamente esta peque\u00f1a miniatura, que si la hubi\u00e9ramos conseguido ver el a\u00f1o pasado, habr\u00eda ocupado un lugar de privilegio en nuestras listas mundiales, porque es de lo mas inspirado que hemos visto \u00faltimamente.<\/p>\n<p>Para finalizar les dejo con el trailer de la serie, donde nos adelanta algo de las cuatro historias independientes que desarrollan \u201cOs Experientes\u201d.<br \/>\n<iframe loading=\"lazy\" src=\"https:\/\/www.youtube.com\/embed\/jZZ07VcQ0g0\" frameborder=\"0\" width=\"560\" height=\"315\"><\/iframe><\/p>\n<p>\u201cOs experientes\u201d es una miniserie diferente a lo que vemos habitualmente, donde personas de carne y hueso sufren cambios importantes existenciales, explicada con una delicadeza y ternura realmente excepcionales. Su lecci\u00f3n principal es mostrarnos que son posibles otras actitudes, durante una fase donde muchos ya han perdido toda esperanza y b\u00e1sicamente se dejan llevar l\u00e1nguidamente por la vida, si les interesa la tem\u00e1tica, no lo duden y a por ella, no les va a defraudar.<\/p>\n<p>Esperamos sus opiniones y comentarios, aqu\u00ed o en nuestra cuenta de twitter (@lmejino). Hasta la pr\u00f3xima<\/p>\n<p>Lorenzo Mejino<\/p>\n<!-- AddThis Advanced Settings generic via filter on the_content --><!-- AddThis Share Buttons generic via filter on the_content -->","protected":false},"excerpt":{"rendered":"<p>El a\u00f1o pasado, la todopoderosa cadena brasile\u00f1a O Globo celebr\u00f3 sus cincuenta a\u00f1os de existencia y dentro de sus actos conmemorativos decidi\u00f3 como acto culminante, producir y emitir una miniserie producida y dirigida por el gran director brasile\u00f1o Fernando Meirelles ( Ciudad de Dios, El jardinero fiel) uno de los creadores m\u00e1s respetados en todo [&hellip;]<!-- AddThis Advanced Settings generic via filter on get_the_excerpt --><!-- AddThis Share Buttons generic via filter on get_the_excerpt --><\/p>\n","protected":false},"author":61,"featured_media":0,"comment_status":"open","ping_status":"closed","sticky":false,"template":"","format":"standard","meta":[],"categories":[6,27,14,17],"tags":[944,2094],"_links":{"self":[{"href":"https:\/\/blogs.diariovasco.com\/series-gourmets\/wp-json\/wp\/v2\/posts\/5070"}],"collection":[{"href":"https:\/\/blogs.diariovasco.com\/series-gourmets\/wp-json\/wp\/v2\/posts"}],"about":[{"href":"https:\/\/blogs.diariovasco.com\/series-gourmets\/wp-json\/wp\/v2\/types\/post"}],"author":[{"embeddable":true,"href":"https:\/\/blogs.diariovasco.com\/series-gourmets\/wp-json\/wp\/v2\/users\/61"}],"replies":[{"embeddable":true,"href":"https:\/\/blogs.diariovasco.com\/series-gourmets\/wp-json\/wp\/v2\/comments?post=5070"}],"version-history":[{"count":0,"href":"https:\/\/blogs.diariovasco.com\/series-gourmets\/wp-json\/wp\/v2\/posts\/5070\/revisions"}],"wp:attachment":[{"href":"https:\/\/blogs.diariovasco.com\/series-gourmets\/wp-json\/wp\/v2\/media?parent=5070"}],"wp:term":[{"taxonomy":"category","embeddable":true,"href":"https:\/\/blogs.diariovasco.com\/series-gourmets\/wp-json\/wp\/v2\/categories?post=5070"},{"taxonomy":"post_tag","embeddable":true,"href":"https:\/\/blogs.diariovasco.com\/series-gourmets\/wp-json\/wp\/v2\/tags?post=5070"}],"curies":[{"name":"wp","href":"https:\/\/api.w.org\/{rel}","templated":true}]}}