{"id":5274,"date":"2016-07-15T07:00:41","date_gmt":"2016-07-15T06:00:41","guid":{"rendered":"http:\/\/blogs.diariovasco.com\/series-gourmets\/?p=5274"},"modified":"2016-07-15T07:00:41","modified_gmt":"2016-07-15T06:00:41","slug":"holocausto-la-impactante-miniserie-sobre-el-genocidio-del-pueblo-judio","status":"publish","type":"post","link":"https:\/\/blogs.diariovasco.com\/series-gourmets\/2016\/07\/15\/holocausto-la-impactante-miniserie-sobre-el-genocidio-del-pueblo-judio\/","title":{"rendered":"Holocausto : La impactante miniserie sobre el genocidio del pueblo jud\u00edo"},"content":{"rendered":"<p>En la historia de la televisi\u00f3n hubo dos miniseries en la d\u00e9cada de los 70 que jugaron un papel esencial para concienciar al p\u00fablico en general sobre las enormes injusticias y barbaries hist\u00f3ricas cometidas contra grupos \u00e9tnicos o religiosos y mostrar de una forma visual las salvajadas que ha cometido la humanidad.<\/p>\n<p>\u201cRa\u00edces\u201d en el a\u00f1o 1977, fue la primera miniserie que abri\u00f3 el camino, al tratar el tema de la esclavitud negra a trav\u00e9s de diferentes miembros de una saga familiar durante muchas d\u00e9cadas. El gran impacto mundial que tuvo su emisi\u00f3n en ese momento ( recientemente se ha estrenado un remake de la miniserie), abri\u00f3 el camino para reflejar los horrores de otros pasajes de nuestra historia, como fue el caso de \u201cHolocausto\u201d sobre el genocidio jud\u00edo en la II Guerra Mundial.<\/p>\n<p>Miniserie lujosa y con un amplio presupuesto, lanz\u00f3 a la fama mundial a actores tan conocidos hoy en d\u00eda como Meryl Streep o James Woods y su emisi\u00f3n inici\u00f3 una catarsis colectiva a ambos lados del oc\u00e9ano, al poner el holocausto jud\u00edo de nuevo encima de la mesa, treinta y pocos a\u00f1os despu\u00e9s del final de la II Guerra Mundial.<\/p>\n<p>Por todas estas razones, consideramos que es necesario dedicarle nuestro rinc\u00f3n del recuerdo de los viernes a otra de esas series desvanecidas en el tiempo y desconocida para las j\u00f3venes generaciones, pero que jug\u00f3 un papel imprescindible para refrescar la memoria de muchas personas sobre unos hechos execrables de nuestro pasado mas reciente<\/p>\n<p><strong><a href=\"\/series-gourmets\/wp-content\/uploads\/sites\/37\/2016\/07\/cast-e1468145006392.png\"><img loading=\"lazy\" class=\"aligncenter size-full wp-image-5275\" title=\"cast\" src=\"\/series-gourmets\/wp-content\/uploads\/sites\/37\/2016\/07\/cast-e1468145006392.png\" alt=\"\" width=\"560\" height=\"280\" srcset=\"https:\/\/static-blogs.diariovasco.com\/wp-content\/uploads\/sites\/37\/2016\/07\/cast-e1468145006392.png 560w, https:\/\/static-blogs.diariovasco.com\/wp-content\/uploads\/sites\/37\/2016\/07\/cast-e1468145006392-300x150.png 300w\" sizes=\"(max-width: 560px) 100vw, 560px\" \/><\/a>Ficha:<\/strong> Holocausto ( Holocaust) 4 ep 120 min\u00a0\u00a0 Abr 1978 . <strong>Cadena: \u00a0<\/strong>NBC (UK) -TVE (E)<br \/>\n<strong><\/strong><\/p>\n<p><strong>Sinopsis:<\/strong> La miniserie nos explica la historia de la familia Weiss, formada por el patriarca Josef un prestigioso doctor que vive en Berlin, con su mujer Berta y sus tres hijos, el mayor Karl, un artista cotizado, Rudi, un prometedor jugador de f\u00fatbol y la benjamina Anna.<\/p>\n<p>La historia empieza con la subida de los nazis al poder y el inicio de la persecuci\u00f3n a los jud\u00edos residentes en Alemania, que desemboca en la infausta \u201cNoche de los cristales rotos\u201d. A partir de ese momento el doctor pierde los derechos a tratar pacientes de raza aria y acaba siendo deportado al gueto de Varsovia, donde es acogido por su hermano Moses.<\/p>\n<p>Las vidas de los cinco miembros de la familia en su desbandada a causa de la persecuci\u00f3n nazi, nos muestran diferentes aspectos de la tragedia que sufri\u00f3 el pueblo jud\u00edo de una forma dura y descarnada.<\/p>\n<p>En paralelo tenemos a la familia Dorf, de pura raza aria, formada por un abogado apol\u00edtico que presionado por su ambiciosa mujer acaba uni\u00e9ndose a las SS, donde va \u00a0subiendo de forma mete\u00f3rica en el escalaf\u00f3n, al obedecer fielmente las ordenes de sus mandos por brutales y genocidas que fueran.<\/p>\n<p><strong>El inicio:<\/strong> El enorme \u00e9xito mundial que supuso Ra\u00edces en la ABC, a principios de 1977, produjo el efecto en las otras cadenas de intentar buscar su particular gallina de los huevos de oro, y la NBC encarg\u00f3 a uno de sus productores de confianza Robert Berger, la b\u00fasqueda de ese santo grial televisivo.<\/p>\n<p>Berger contact\u00f3 con un prestigioso guionista y novelista, Gerald Green, autor de diversas novelas de \u00e9xito llevadas a la gran pantalla como \u201cSu majestad de los mares del Sur\u201d con Burt Lancaster y que fue el creador en 1952 del venerable programa matinal de la NBC \u201cThe Today Show\u201d, todav\u00eda en antena en la actualidad.<\/p>\n<p>Berger, de origen jud\u00edo, le sugiri\u00f3 que escribiera sobre el tema de los jud\u00edos en la II Guerra Mundial, muy influenciado por las \u00a0tragedias de familiares cercanos suyos. Green (izq) se puso manos a la obra y escribi\u00f3 la miniserie de 8 horas de duraci\u00f3n que entusiasm\u00f3 a la cadena NBC y recibi\u00f3 su aprobaci\u00f3n para rodarla de forma inmediata.<\/p>\n<p>Con el \u00e9xito de Ra\u00edces en la mente de todos, la elecci\u00f3n mas l\u00f3gica para dirigir la serie era Marvin Chomsky ( der), el director de la epopeya sobre la esclavitud, que acept\u00f3 sin pesta\u00f1ear el encargo, con la \u00fanica condici\u00f3n de ser el \u00fanico director de los ocho episodios, para dar una visi\u00f3n mas coherente posible de la historia.<\/p>\n<p><a href=\"\/series-gourmets\/wp-content\/uploads\/sites\/37\/2016\/07\/31green-e1468145173702.jpg\"><img loading=\"lazy\" class=\"alignleft size-full wp-image-5281\" title=\"31green\" src=\"\/series-gourmets\/wp-content\/uploads\/sites\/37\/2016\/07\/31green-e1468145173702.jpg\" alt=\"\" width=\"275\" height=\"367\" srcset=\"https:\/\/static-blogs.diariovasco.com\/wp-content\/uploads\/sites\/37\/2016\/07\/31green-e1468145173702.jpg 275w, https:\/\/static-blogs.diariovasco.com\/wp-content\/uploads\/sites\/37\/2016\/07\/31green-e1468145173702-225x300.jpg 225w\" sizes=\"(max-width: 275px) 100vw, 275px\" \/><\/a><a href=\"\/series-gourmets\/wp-content\/uploads\/sites\/37\/2016\/07\/chomsky-e1468145029305.jpg\"><img loading=\"lazy\" class=\"alignright size-full wp-image-5276\" title=\"chomsky\" src=\"\/series-gourmets\/wp-content\/uploads\/sites\/37\/2016\/07\/chomsky-e1468145029305.jpg\" alt=\"\" width=\"275\" height=\"154\" \/><\/a>Una decisi\u00f3n importante fue llevar el rodaje de la serie a Viena, para darle una mayor realismo a la historia, incluyendo localizaciones en el campo de concentraci\u00f3n de Matthausen a las afueras de la ciudad austriaca de Linz.<\/p>\n<p>Sus elecciones para el reparto no fueron nada habituales y tuvieron que luchar a brazo partido con la cadena para conseguir que dos actores desconocidos como James Woods y Meryl Streep, fueran los dos protagonistas centrales de la miniserie como el artista Karl y su mujer cristiana Inga, lo que vistas sus carreras posteriores, demuestra un ojo cl\u00ednico impresionante.<\/p>\n<p>En el primer v\u00eddeo pueden ver los primeros minutos del primer episodio, con los t\u00edtulos de cr\u00e9dito de un reparto de muchas caras conocidas todav\u00eda en la actualidad casi cuarenta a\u00f1os despu\u00e9s<br \/>\n<iframe loading=\"lazy\" src=\"https:\/\/www.youtube.com\/embed\/SjrEBGHAYyg?list=PLJHth_CIwdEfuKoD7b8LW84ZQdES5fNEe\" frameborder=\"0\" width=\"560\" height=\"315\"><\/iframe><br \/>\nLa emisi\u00f3n de la miniserie durante cuatro d\u00edas consecutivos el mes de Abril de 1978, paraliz\u00f3 el pa\u00eds con un share del 49%, y se convirti\u00f3 en un tema de conversaci\u00f3n durante muchos meses, al ser la primera vez que mucha gente ve\u00eda en el sal\u00f3n de su casa, un retrato tan brutal y salvaje sobre la matanza del pueblo jud\u00edo<\/p>\n<p><strong>La trama:<\/strong> La estructura de la serie se centra en mostrarnos la evoluci\u00f3n de dos familias, una jud\u00eda, la otra aria, que toman caminos divergentes desde el primer momento, con todos sus miembros, intentando sobrevivir como buenamente pueden a la barbarie nazi.<\/p>\n<p>Desde el primer momento dejaban a las claras que no iba a ser una serie complaciente y que la presentaci\u00f3n de los miembros de la familia jud\u00eda de una forma agradable y amable era un recurso inteligente para que se nos revolviera el estomago, cuando vi\u00e9ramos el trato que iban a recibir de los nazis en su desventurada aventura por la II Guerra Mundial, a trav\u00e9s de toda Europa, con paradas en Berlin, Varsovia, Checoslovaquia y los campos de exterminio de Auschwitz y Buchenwald<\/p>\n<p>El contrapunto de la familia aria y el ascenso de su patriarca era mas que necesario para tener las cosas en perspectiva y en especial para conocer las maneras de autojustificarse ante las atrocidades que comet\u00edan, como si alegar obediencia debida les pudiera eximir de todos los males provocados.<\/p>\n<p>La separaci\u00f3n de los cinco miembros de la familia Weiss, permite conocer sus tr\u00e1gicas circunstancias que extienden sus tent\u00e1culos por toda Europa, con el eje central en la lucha por la supervivencia del primog\u00e9nito Karl y su mujer Inga, impagable Meryl Streep, que va a intentar todo lo posible y lo imposible para encontrar y salvar a su marido capturado, como pueden ver en el v\u00eddeo.<br \/>\n<iframe loading=\"lazy\" src=\"https:\/\/www.youtube.com\/embed\/lC3Mctn6yik\" frameborder=\"0\" width=\"420\" height=\"315\"><\/iframe><br \/>\nEl tono dur\u00edsimo de la serie, solo se ve\u00eda aligerado por alguna escena donde algunos personajes compart\u00edan breves momentos de alegr\u00eda, como es el caso de Rudi, huido a Checoslovaquia para unirse a la resistencia local, donde conoce y se casa con una miembro de la \u00a0resistencia checa (interpretada por una joven Tovah Feldshuh, conocida por su papel reciente en The Walking Dead), como pueden ver en el v\u00eddeo.<br \/>\n<iframe loading=\"lazy\" src=\"https:\/\/www.youtube.com\/embed\/xlOpQ_ag5ww\" frameborder=\"0\" width=\"560\" height=\"315\"><\/iframe><br \/>\nLa serie ha sido recordada por las estremecedoras escenas del exterminio de los jud\u00edos en los campos de concentraci\u00f3n, mostradas con una veracidad y una brutalidad que nunca se hab\u00edan visto en una pantalla televisiva.<\/p>\n<p>El mejor ejemplo lo tienen en el siguiente v\u00eddeo, que todav\u00eda pone los pelos de punta treinta y ocho a\u00f1os despu\u00e9s de su estreno, donde vemos una visita de Heinrich Himmler, a un campo de concentraci\u00f3n, donde presencia en plan demostraci\u00f3n sindical, la eficiencia de sus tropas en matar al m\u00e1ximo numero de gente en el menor tiempo posible, con este fusilamiento abominable que me ha vuelto a revolver el estomago al revisarlo para escribir el articulo.<\/p>\n<p><iframe loading=\"lazy\" src=\"https:\/\/www.youtube.com\/embed\/7Ug62oN53mI\" frameborder=\"0\" width=\"420\" height=\"315\"><\/iframe><\/p>\n<p>No recuerdo ninguna serie de mis a\u00f1os mozos, con la que hubiera sufrido tanto como con la injusticias que sufr\u00eda la familia Weiss, que se recuerdan y rememoran con el paso de los a\u00f1os, en especial con el tr\u00e1gico destino de casi todos los personajes que vemos en la serie, con alg\u00fan caso especialmente cruel para acrecentar nuestra sensaci\u00f3n de impotencia .<\/p>\n<p>No voy a entrar en las pol\u00e9micas que surgieron en la \u00e9poca sobre la veracidad de los hechos que mostraban y el posible edulcoramiento de algunos de ellos y en criticar las inexactitudes hist\u00f3ricas en las que suelen entretenerse algunas personas. En mi caso me quedo con la magnifica historia creada por Gerald Green y el impacto de las im\u00e1genes que todav\u00eda perduran en mi memoria, que es mucho mas duradero que \u00a0el recuerdo de la inmensa mayor\u00eda de las series que he visto este siglo.<\/p>\n<p>Estoy caso seguro que si tienen una cierta edad y vieron la serie en su momento, les habr\u00e1n venido im\u00e1genes a la cabeza que seguro que ten\u00edan relegadas en alg\u00fan lugar postergado de su memoria, y esa es la muestra de que era una serie que marcaba y mucho a todo aquel que la vio en su momento.<\/p>\n<p><strong>Los actores:<\/strong><br \/>\nMeryl Streep hab\u00eda iniciado su carrera en el teatro donde se gan\u00f3 una gran reputaci\u00f3n, llegando a estar nominada para los Tony en 1976 a los 27 a\u00f1os. De all\u00ed salt\u00f3 al cine en un papel secundario en \u201cJulia\u201d y fue la primera sorprendida cuando gan\u00f3 el papel de Inga Weiss que marc\u00f3 profundamente su carrera. Inga es una mujer cristiana profundamente enamorada de Karl, que va a luchar lo indecible \u00a0para rescatar a su marido de las garras de las SS.<\/p>\n<p>Meryl Streep mostr\u00f3 una enorme fortaleza en un papel durisimo y muy dram\u00e1tico que solo era el presagio de su maravillosa carrera profesional que no ha tenido un solo momento de baj\u00f3n en los \u00faltimos cuarenta a\u00f1os, que empez\u00f3 con este Emmy a la mejor actriz en miniseries en el papel que la lanz\u00f3 a la popularidad.<\/p>\n<p><a href=\"\/series-gourmets\/wp-content\/uploads\/sites\/37\/2016\/07\/streep-woods-e1468145123346.jpe\"><img loading=\"lazy\" class=\"aligncenter size-full wp-image-5278\" title=\"streep-woods\" src=\"\/series-gourmets\/wp-content\/uploads\/sites\/37\/2016\/07\/streep-woods-e1468145123346.jpe\" alt=\"\" width=\"560\" height=\"423\" srcset=\"https:\/\/static-blogs.diariovasco.com\/wp-content\/uploads\/sites\/37\/2016\/07\/streep-woods-e1468145123346.jpe 560w, https:\/\/static-blogs.diariovasco.com\/wp-content\/uploads\/sites\/37\/2016\/07\/streep-woods-e1468145123346-300x227.jpe 300w\" sizes=\"(max-width: 560px) 100vw, 560px\" \/><\/a>James Woods no pasaba de ser un secundario en la televisi\u00f3n de los a\u00f1os setenta, cuando le lleg\u00f3 su gran oportunidad como Karl Weiss, un artista jud\u00edo, que es duramente represaliado y enviado de un lugar a otro a pesar de que en alg\u00fan momento su calidad art\u00edstica le permite esquivar a la muerte y que soporta todo \u00a0con la esperanza de volver a ver a su mujer. Su carrera posterior es tan importante que como en el caso de Meryl Streep, no creemos necesario extendernos en ella.<\/p>\n<p>Michael Moriarty era otro actor de procedencia teatral, donde gan\u00f3 un Tony en 1974, cuando fue elegido para interpretar a uno de los seres mas despreciables de la historia de la televisi\u00f3n, el oficial de las SS, Erik Dorf, del que vemos su enorme evoluci\u00f3n desde un abogado sin empleo y apol\u00edtico, a ser una aut\u00e9ntico carnicero y asesino de masas, lo que le vali\u00f3 un Emmy muy merecido. El propio actor ha declarado que tuvo muchas dificultades para desprenderse del papel, ya que la gente llegaba a insultarle por la calle, al reconocerlo , lo que suele ser muestra de haber hecho una gran interpretaci\u00f3n.<\/p>\n<p><a href=\"\/series-gourmets\/wp-content\/uploads\/sites\/37\/2016\/07\/moriarty-e1468145057909.jpg\"><img loading=\"lazy\" class=\"aligncenter size-full wp-image-5277\" title=\"moriarty\" src=\"\/series-gourmets\/wp-content\/uploads\/sites\/37\/2016\/07\/moriarty-e1468145057909.jpg\" alt=\"\" width=\"560\" height=\"370\" srcset=\"https:\/\/static-blogs.diariovasco.com\/wp-content\/uploads\/sites\/37\/2016\/07\/moriarty-e1468145057909.jpg 560w, https:\/\/static-blogs.diariovasco.com\/wp-content\/uploads\/sites\/37\/2016\/07\/moriarty-e1468145057909-300x198.jpg 300w\" sizes=\"(max-width: 560px) 100vw, 560px\" \/><\/a>Su carrera no ha llegado a las alturas de sus compa\u00f1eros, a pesar de ser el primer fiscal de la venerable \u201cLey y Orden\u201d , de la que fue despedido por graves desavenencias con el productor ejecutivo Dick Wolf, debido a su activismo pol\u00edtico, en especial contra la fiscal general Janet Reno. A partir de ese punto, su carrera fue en descenso, al irse a vivir a Canad\u00e1 y le vemos de vez en cuando como estrella invitada en alguna serie o piloto, lejos de su esplendor pasado.<\/p>\n<p>Dos veteranos actores como Fritz Weaver y Rosemary Harris interpretan al matrimonio Weiss, dos personas que se niegan a creer los cambios de su estatus social, hasta que es demasiado tarde, y son arrastrados por la vor\u00e1gine nazi, destruyendo su familia hasta hacerla trizas.<br \/>\nFritz Weaver es una cara que reconocemos de haberlo visto en mil y un lugares (Marathon Man, Creepshow) como un secundario muy eficaz y vers\u00e1til y en la actualidad con noventa a\u00f1os sigue trabajando de forma activa como narrador de documentales y productos educativos con su poderosa voz.<\/p>\n<p><a href=\"\/series-gourmets\/wp-content\/uploads\/sites\/37\/2016\/07\/weaver-harris-e1468145158192.jpg\"><img loading=\"lazy\" class=\"aligncenter size-full wp-image-5280\" title=\"weaver harris\" src=\"\/series-gourmets\/wp-content\/uploads\/sites\/37\/2016\/07\/weaver-harris-e1468145158192.jpg\" alt=\"\" width=\"560\" height=\"382\" srcset=\"https:\/\/static-blogs.diariovasco.com\/wp-content\/uploads\/sites\/37\/2016\/07\/weaver-harris-e1468145158192.jpg 560w, https:\/\/static-blogs.diariovasco.com\/wp-content\/uploads\/sites\/37\/2016\/07\/weaver-harris-e1468145158192-300x205.jpg 300w\" sizes=\"(max-width: 560px) 100vw, 560px\" \/><\/a>Rosemary Harris es una gran actriz procedente de la f\u00e9rtil cantera teatral brit\u00e1nica, que ha trabajado principalmente en Broadway, pero que en sus incursiones audiovisuales ha dejado huella, como en su papel de Berta la matriarca del clan, incapaz de comprender todos los horrores que le suceden, su nominaci\u00f3n al Oscar por \u201c Tom y Viv\u201d y mas recientemente por su papel como la Tia May en la trilogia de Spiderman<\/p>\n<p>Joseph Bottoms es el miembro de una saga de actores, junto a sus hermanos Sam y Timothy, pero con una carrera que fue de mas a menos, empezando por un gran papel como un adolescente que da la vuelta al mundo en solitario en barco en la pel\u00edcula \u201cThe Dove\u201d, al que sigui\u00f3 el rebelde futbolista Rudi en esta serie, que le lanz\u00f3 a la fama, que se desvaneci\u00f3 tan r\u00e1pido como le lleg\u00f3, abandonando la actuaci\u00f3n en 1999, para dedicarse a hacer de marchante de arte.<\/p>\n<p><a href=\"\/series-gourmets\/wp-content\/uploads\/sites\/37\/2016\/07\/bottoms-feldshuh-e1468145188904.jpg\"><img loading=\"lazy\" class=\"aligncenter size-full wp-image-5282\" title=\"bottoms feldshuh\" src=\"\/series-gourmets\/wp-content\/uploads\/sites\/37\/2016\/07\/bottoms-feldshuh-e1468145188904.jpg\" alt=\"\" width=\"560\" height=\"360\" srcset=\"https:\/\/static-blogs.diariovasco.com\/wp-content\/uploads\/sites\/37\/2016\/07\/bottoms-feldshuh-e1468145188904.jpg 560w, https:\/\/static-blogs.diariovasco.com\/wp-content\/uploads\/sites\/37\/2016\/07\/bottoms-feldshuh-e1468145188904-300x193.jpg 300w\" sizes=\"(max-width: 560px) 100vw, 560px\" \/><\/a>Mas curiosa es la carrera de la gran Tovah Feldshuh, una de las mejores actrices de Broadway durante los \u00faltimos cuarenta a\u00f1os, con algunas incursiones en cine y televisi\u00f3n, como es el caso de su resistente checa Helena Slomova. Este fue su primer gran papel entre muchos otros, que llegan hasta el tiempo presente, con su Deanna Monroe en el mega\u00e9xito de \u201cThe Walking Dead\u201d, que por lo menos la ha dado a conocer entre los mas j\u00f3venes.<\/p>\n<p>El ilustre actor brit\u00e1nico David Warner siempre suma en una serie, y mas en papeles de villano como el despreciable oficial de las SS Reinhard Heydrich, el mentor y transformador del apocado abogado Dorf en una maquina de matar. Warner es ideal en este tipo de papeles, al conseguir darle un siempre un punto humano al personaje m\u00e1s execrable.<\/p>\n<p><a href=\"\/series-gourmets\/wp-content\/uploads\/sites\/37\/2016\/07\/warner-e1468145142744.jpg\"><img loading=\"lazy\" class=\"aligncenter size-full wp-image-5279\" title=\"warner\" src=\"\/series-gourmets\/wp-content\/uploads\/sites\/37\/2016\/07\/warner-e1468145142744.jpg\" alt=\"\" width=\"560\" height=\"420\" srcset=\"https:\/\/static-blogs.diariovasco.com\/wp-content\/uploads\/sites\/37\/2016\/07\/warner-e1468145142744.jpg 560w, https:\/\/static-blogs.diariovasco.com\/wp-content\/uploads\/sites\/37\/2016\/07\/warner-e1468145142744-300x225.jpg 300w\" sizes=\"(max-width: 560px) 100vw, 560px\" \/><\/a>Su carrera es impresionante con papeles importantes desde dramas hist\u00f3ricos como Masada, hasta papeles recurrentes en la saga de Star Trek, demostrando que no hay papel que se le resista durante los \u00faltimos cincuenta a\u00f1os, como hemos podido verlo hacer poco en \u201cPenny Dreadful\u201d<\/p>\n<p><strong>Ep\u00edlogo:<\/strong><br \/>\nLa emisi\u00f3n en Alemania de la serie cre\u00f3 una expectaci\u00f3n inusitada, y gener\u00f3 una enorme pol\u00e9mica a todos los niveles de la sociedad, entre las personas que eran conscientes por primera vez de las atrocidades de sus progenitores y los partidarios por no remover el pasado m\u00e1s de lo necesario, en un tema que hab\u00eda sido obviado en toda la postguerra alemana.<\/p>\n<p>Por temas laborales pude ser testigo presencial en Alemania de las consecuencias de dicha pol\u00e9mica, con amigos alemanes avergonzados de sus antepasados, mientras que otros se mostraban abiertamente inc\u00f3modos al tratar el tema. De hecho una consecuencia de la emisi\u00f3n de Holocausto, fue la producci\u00f3n por la televisi\u00f3n p\u00fablica alemana de la famosa saga alemana Heimat, con una visi\u00f3n mucho mas costumbrista y menos culposa del siglo XX en Alemania, vista desde la perspectiva alemana.<\/p>\n<p>Por \u00faltimo les dejamos con el trailer del DVD de la serie, donde nos muestran a \u00a0grandes rasgos la historia que les hemos comentado.<br \/>\n<iframe loading=\"lazy\" src=\"https:\/\/www.youtube.com\/embed\/nZy_i9EApOE\" frameborder=\"0\" width=\"420\" height=\"315\"><\/iframe><\/p>\n<p>Holocausto es una serie imprescindible para conocer la evoluci\u00f3n de la televisi\u00f3n como herramienta de concienciaci\u00f3n social, al ser la primera miniserie que trat\u00f3 en profundidad el tema del holocausto jud\u00edo<\/p>\n<p>En la actualidad la gran cantidad de pel\u00edculas e incluso series que han tratado ese genocidio, hace que su envejecimiento est\u00e9 mucho mas influenciado por la gran cantidad de im\u00e1genes y datos de que disponemos, que por la propia calidad de la historia que sigue poni\u00e9ndonos el coraz\u00f3n en un pu\u00f1o como en 1978.<\/p>\n<p>Esperamos sus opiniones y comentarios, aqu\u00ed o en nuestra cuenta de twitter (@lmejino). Hasta la pr\u00f3xima<\/p>\n<p>Lorenzo Mejino<\/p>\n<!-- AddThis Advanced Settings generic via filter on the_content --><!-- AddThis Share Buttons generic via filter on the_content -->","protected":false},"excerpt":{"rendered":"<p>En la historia de la televisi\u00f3n hubo dos miniseries en la d\u00e9cada de los 70 que jugaron un papel esencial para concienciar al p\u00fablico en general sobre las enormes injusticias y barbaries hist\u00f3ricas cometidas contra grupos \u00e9tnicos o religiosos y mostrar de una forma visual las salvajadas que ha cometido la humanidad. \u201cRa\u00edces\u201d en el [&hellip;]<!-- AddThis Advanced Settings generic via filter on get_the_excerpt --><!-- AddThis Share Buttons generic via filter on get_the_excerpt --><\/p>\n","protected":false},"author":61,"featured_media":0,"comment_status":"open","ping_status":"closed","sticky":false,"template":"","format":"standard","meta":[],"categories":[5,27,30,16],"tags":[704,982,1017,1139,1236,1815,1881,1903,2390,2807],"_links":{"self":[{"href":"https:\/\/blogs.diariovasco.com\/series-gourmets\/wp-json\/wp\/v2\/posts\/5274"}],"collection":[{"href":"https:\/\/blogs.diariovasco.com\/series-gourmets\/wp-json\/wp\/v2\/posts"}],"about":[{"href":"https:\/\/blogs.diariovasco.com\/series-gourmets\/wp-json\/wp\/v2\/types\/post"}],"author":[{"embeddable":true,"href":"https:\/\/blogs.diariovasco.com\/series-gourmets\/wp-json\/wp\/v2\/users\/61"}],"replies":[{"embeddable":true,"href":"https:\/\/blogs.diariovasco.com\/series-gourmets\/wp-json\/wp\/v2\/comments?post=5274"}],"version-history":[{"count":0,"href":"https:\/\/blogs.diariovasco.com\/series-gourmets\/wp-json\/wp\/v2\/posts\/5274\/revisions"}],"wp:attachment":[{"href":"https:\/\/blogs.diariovasco.com\/series-gourmets\/wp-json\/wp\/v2\/media?parent=5274"}],"wp:term":[{"taxonomy":"category","embeddable":true,"href":"https:\/\/blogs.diariovasco.com\/series-gourmets\/wp-json\/wp\/v2\/categories?post=5274"},{"taxonomy":"post_tag","embeddable":true,"href":"https:\/\/blogs.diariovasco.com\/series-gourmets\/wp-json\/wp\/v2\/tags?post=5274"}],"curies":[{"name":"wp","href":"https:\/\/api.w.org\/{rel}","templated":true}]}}