{"id":5516,"date":"2016-09-26T07:00:45","date_gmt":"2016-09-26T06:00:45","guid":{"rendered":"http:\/\/blogs.diariovasco.com\/series-gourmets\/?p=5516"},"modified":"2016-09-26T07:00:45","modified_gmt":"2016-09-26T06:00:45","slug":"bala-loca-chile-el-periodista-antiheroe-en-silla-de-ruedas","status":"publish","type":"post","link":"https:\/\/blogs.diariovasco.com\/series-gourmets\/2016\/09\/26\/bala-loca-chile-el-periodista-antiheroe-en-silla-de-ruedas\/","title":{"rendered":"Bala loca ( Chile). El periodista antih\u00e9roe en silla de ruedas"},"content":{"rendered":"<p>La enorme valent\u00eda de las producciones chilenas para afrontar los sucesos mas oscuros de su pasado reciente es un hecho digno de admiraci\u00f3n y que suele ser una presencia recurrente en nuestro rinc\u00f3n de series remotas de los lunes, donde les hemos presentados propuestas tan interesantes como Ecos del Desierto, Los Archivos del Cardenal , Zamudio o el gran \u00e9xito mundial que ha sido Pr\u00f3fugos.<\/p>\n<p>La \u00faltima novedad en este campo ha sido, \u201cBala Loca\u201d, nacida a partir de un concurso anual de fondos para subvencionar productos televisivos, que la idea original de Marcos de Aguirre y David Miranda Hardy gan\u00f3 en 2014, siendo estrenada en Julio de este a\u00f1o, con la emisi\u00f3n del \u00faltimo episodio hace escasamente tres semanas.<\/p>\n<p>La presencia de un personaje central fascinante con una enorme interpretaci\u00f3n de Alejandro Goic es una raz\u00f3n mas que suficiente para adentrarnos en una historia con sus altibajos narrativos pero que podemos calificar globalmente de forma positiva , gracias al trabajo de Goic, como les vamos a analizar a continuaci\u00f3n.<\/p>\n<p><strong>Ficha:<\/strong> Bala Loca 10 ep 45 min .\u00a0\u00a0 Jul 2016- Sep 2016. <strong>Idioma:<\/strong> Castellano. <strong>Cadena:<\/strong> Chilevisi\u00f3n<\/p>\n<p><strong><a href=\"\/series-gourmets\/wp-content\/uploads\/sites\/37\/2016\/09\/cast4-e1474200338449.jpg\"><img loading=\"lazy\" class=\"aligncenter size-full wp-image-5517\" title=\"cast\" src=\"\/series-gourmets\/wp-content\/uploads\/sites\/37\/2016\/09\/cast4-e1474200338449.jpg\" alt=\"\" width=\"560\" height=\"360\" srcset=\"https:\/\/static-blogs.diariovasco.com\/wp-content\/uploads\/sites\/37\/2016\/09\/cast4-e1474200338449.jpg 560w, https:\/\/static-blogs.diariovasco.com\/wp-content\/uploads\/sites\/37\/2016\/09\/cast4-e1474200338449-300x193.jpg 300w\" sizes=\"(max-width: 560px) 100vw, 560px\" \/><\/a>La trama :<\/strong><br \/>\nMauro Murillo es un periodista que hab\u00eda sido toda una referencia en el periodismo de investigaci\u00f3n chileno contra la dictadura de Pinochet, pero que tras un accidente automovil\u00edstico se ve postrado en un silla de ruedas y se pasa a la informaci\u00f3n ligera de cotilleos y de \u00a0la far\u00e1ndula, donde destaca, pero muy lejos de alcanzar el prestigio que ten\u00eda en su primera etapa.<\/p>\n<p>En medio de una crisis personal y existencial muy grave a los cincuenta a\u00f1os, decide volver al periodismo puro y duro de investigaci\u00f3n, fundando un diario digital para denunciar los trapos sucios de todos los estamentos chilenos. Sus problemas empiezan cuando la periodista que quiere que dirija el diario muere asesinada en el asalto de un supermercado y Mauro empieza a investigar el caso por su cuenta.<\/p>\n<p>La descripci\u00f3n de un personaje amargado mental y f\u00edsicamente , atado a su silla de ruedas, adicto a todo tipo de sustancias y que ha conseguido que su ex-mujer y su hijo le desprecien profundamente por lo autodestructivo que puede llegar a ser, es un excelente caldo de cultivo para tener un antiheroe de manual en su b\u00fasqueda de la redenci\u00f3n personal tanto como periodista como frente a su hijo.<\/p>\n<p>A pesar de sus circunstancias personales, es dif\u00edcil empatizar mucho con Mauro Murillo, por lo mala persona que puede llegar a ser, \u00a0lo que desconcierta a todos los que le quieren ayudar y que acaban siendo enga\u00f1ados o traicionados por un personaje dise\u00f1ado de forma bastante compleja con sus virtudes pero tambi\u00e9n con sus flaquezas, como pueden ver en el trailer<br \/>\n<iframe loading=\"lazy\" src=\"https:\/\/www.youtube.com\/embed\/gq1KpyuHU4M\" frameborder=\"0\" width=\"560\" height=\"315\"><\/iframe><\/p>\n<p>La investigaci\u00f3n del asesinato de su amiga periodista en su nuevo medio digital, le lleva a entrar en un laberinto en el que se encuentran implicados grandes empresarios, pol\u00edticos, polic\u00edas y militares a diferentes niveles y con los que Mauro debe tratar no siempre de forma amistosa y pagando importantes peajes personales.<\/p>\n<p>\u201cBala Loca\u201d me ha parecido una serie muy interesante, valiente al utilizar nombre de partidos reales sin esconderse tras eufemismos, y apuntando a los lugares podridos de la sociedad chilena. Por ello, es una pena el bache narrativo que tiene en su tramo medio , cuando dedica demasiado tiempo en los episodios centrales a remolonear con historias personales del resto de los periodistas de la redacci\u00f3n, que en mi opini\u00f3n no aportan demasiado a la historia central y dilatan y estiran la miniserie.<\/p>\n<p><a href=\"\/series-gourmets\/wp-content\/uploads\/sites\/37\/2016\/09\/redaccion-e1474200555477.jpg\"><img loading=\"lazy\" class=\"aligncenter size-full wp-image-5518\" title=\"redaccion\" src=\"\/series-gourmets\/wp-content\/uploads\/sites\/37\/2016\/09\/redaccion-e1474200555477.jpg\" alt=\"\" width=\"560\" height=\"294\" srcset=\"https:\/\/static-blogs.diariovasco.com\/wp-content\/uploads\/sites\/37\/2016\/09\/redaccion-e1474200555477.jpg 560w, https:\/\/static-blogs.diariovasco.com\/wp-content\/uploads\/sites\/37\/2016\/09\/redaccion-e1474200555477-300x158.jpg 300w\" sizes=\"(max-width: 560px) 100vw, 560px\" \/><\/a>Otros defectos en este tramo son cargar demasiado las tintas sobre el descenso a los infiernos del pobre Mauro y su conducta autodestructiva, y sobre todo la presencia de un personaje infumable , un presentador de un programa de telebasura, caricaturesco y que me sobra en todas y cada una de las escenas que sale, porque es demasiado rid\u00edculo para ser cre\u00edble y encima est\u00e1 bastante mal interpretado.<\/p>\n<p>En el \u00faltimo tercio la serie remonta y mucho en especial por la presencia de otro personaje \u00a0como es el comisario de polic\u00eda Iturra que es el mas interesante de todo el grupo junto con el enorme protagonista Mauro Murillo y el actor que le da la vida, Alejandro Goic<\/p>\n<p><a href=\"\/series-gourmets\/wp-content\/uploads\/sites\/37\/2016\/09\/bala-loca-e1474200467441.jpg\"><img loading=\"lazy\" class=\"aligncenter size-full wp-image-5519\" title=\"bala loca\" src=\"\/series-gourmets\/wp-content\/uploads\/sites\/37\/2016\/09\/bala-loca-e1474200467441.jpg\" alt=\"\" width=\"560\" height=\"691\" srcset=\"https:\/\/static-blogs.diariovasco.com\/wp-content\/uploads\/sites\/37\/2016\/09\/bala-loca-e1474200467441.jpg 560w, https:\/\/static-blogs.diariovasco.com\/wp-content\/uploads\/sites\/37\/2016\/09\/bala-loca-e1474200467441-243x300.jpg 243w\" sizes=\"(max-width: 560px) 100vw, 560px\" \/><\/a>En el capitulo final los guionistas toman una serie de decisiones para cerrar la historia , que no me parecen nada coherentes con el resto del relato, pero tengo que reconocer que no son nada evidentes y no han dudado en tomar unos riesgos que depender\u00e1n mucho de la visi\u00f3n del espectador si los acepta o no.<\/p>\n<p>Un aspecto importante, que a mi me encanta, por la riqueza que aporta al castellano, pero que puede ser un problema para los mas puristas, es la presencia de muchos giros, modismos y expresiones muy chilenas, que si no est\u00e1n acostumbrados a escuchar palabras como \u201chuev\u00f3n\u201d, \u201cconchatumadre\u201d o \u201ccachar\u201d, al nivel que utilizan \u201cfuck\u201d en \u201cThe Wire\u201d, les puede sorprender y mucho, si no han visto ninguna serie chilena con anterioridad.<\/p>\n<p><strong>Epilogo:<\/strong> He disfrutado bastante el visionado de \u201cBala Loca\u201d, a pesar de las salvedades mencionadas, sobre todo por el personaje principal que justifica absolutamente la serie. Si son curiosos y desean conocer otras sociedades y formas de narrar las cosas, no duden en \u00a0introducirse en la serie, muy f\u00e1cil de encontrar en Youtube, donde la propia cadena Chilevision, la ha puesto a disposici\u00f3n de todo el mundo de forma legal.<\/p>\n<p>Por ello y para pon\u00e9rselo todav\u00eda mas f\u00e1cil, pueden echarle un vistazo al piloto, con su impactante escena inicial y la preciosista cabecera que viene a continuaci\u00f3n.<br \/>\n<iframe loading=\"lazy\" src=\"https:\/\/www.youtube.com\/embed\/YGoPCIiq6qM\" frameborder=\"0\" width=\"560\" height=\"315\"><\/iframe><\/p>\n<p>Esperamos sus opiniones y comentarios, aqu\u00ed o en nuestra cuenta de twitter (@lmejino). Hasta la pr\u00f3xima<\/p>\n<p>Lorenzo Mejino<\/p>\n<!-- AddThis Advanced Settings generic via filter on the_content --><!-- AddThis Share Buttons generic via filter on the_content -->","protected":false},"excerpt":{"rendered":"<p>La enorme valent\u00eda de las producciones chilenas para afrontar los sucesos mas oscuros de su pasado reciente es un hecho digno de admiraci\u00f3n y que suele ser una presencia recurrente en nuestro rinc\u00f3n de series remotas de los lunes, donde les hemos presentados propuestas tan interesantes como Ecos del Desierto, Los Archivos del Cardenal , [&hellip;]<!-- AddThis Advanced Settings generic via filter on get_the_excerpt --><!-- AddThis Share Buttons generic via filter on get_the_excerpt --><\/p>\n","protected":false},"author":61,"featured_media":0,"comment_status":"open","ping_status":"closed","sticky":false,"template":"","format":"standard","meta":[],"categories":[6,32,15,17],"tags":[100,246,689,1777],"_links":{"self":[{"href":"https:\/\/blogs.diariovasco.com\/series-gourmets\/wp-json\/wp\/v2\/posts\/5516"}],"collection":[{"href":"https:\/\/blogs.diariovasco.com\/series-gourmets\/wp-json\/wp\/v2\/posts"}],"about":[{"href":"https:\/\/blogs.diariovasco.com\/series-gourmets\/wp-json\/wp\/v2\/types\/post"}],"author":[{"embeddable":true,"href":"https:\/\/blogs.diariovasco.com\/series-gourmets\/wp-json\/wp\/v2\/users\/61"}],"replies":[{"embeddable":true,"href":"https:\/\/blogs.diariovasco.com\/series-gourmets\/wp-json\/wp\/v2\/comments?post=5516"}],"version-history":[{"count":0,"href":"https:\/\/blogs.diariovasco.com\/series-gourmets\/wp-json\/wp\/v2\/posts\/5516\/revisions"}],"wp:attachment":[{"href":"https:\/\/blogs.diariovasco.com\/series-gourmets\/wp-json\/wp\/v2\/media?parent=5516"}],"wp:term":[{"taxonomy":"category","embeddable":true,"href":"https:\/\/blogs.diariovasco.com\/series-gourmets\/wp-json\/wp\/v2\/categories?post=5516"},{"taxonomy":"post_tag","embeddable":true,"href":"https:\/\/blogs.diariovasco.com\/series-gourmets\/wp-json\/wp\/v2\/tags?post=5516"}],"curies":[{"name":"wp","href":"https:\/\/api.w.org\/{rel}","templated":true}]}}