{"id":5538,"date":"2016-10-03T07:01:31","date_gmt":"2016-10-03T06:01:31","guid":{"rendered":"http:\/\/blogs.diariovasco.com\/series-gourmets\/?p=5538"},"modified":"2016-10-03T07:01:31","modified_gmt":"2016-10-03T06:01:31","slug":"aranyelet-hungria-la-vida-dorada-de-una-familia-muy-peculiar","status":"publish","type":"post","link":"https:\/\/blogs.diariovasco.com\/series-gourmets\/2016\/10\/03\/aranyelet-hungria-la-vida-dorada-de-una-familia-muy-peculiar\/","title":{"rendered":"Arany\u00e9let ( Hungria) . La supuesta vida dorada de una familia de delincuentes"},"content":{"rendered":"<p>La entrada en la producci\u00f3n original de series por parte de la rama europea del gigante estadounidense de pago HBO, est\u00e1 siendo uno de los factores principales en el cambio y la mejora del panorama audiovisual europeo de estos \u00faltimos a\u00f1os y del que nos encanta hacernos eco en nuestro rinc\u00f3n de los lunes dedicado a las series remotas,<\/p>\n<p>De la factor\u00eda de HBO Europa, recientemente les hemos presentado series polacas ( Wataha), checas ( Horici Ker) o rumanas ( Umbre), por lo que siempre es un placer abrirnos a un nuevo pa\u00eds, que hasta el momento no hab\u00eda estado representado en nuestras rese\u00f1as como es el caso de Hungr\u00eda que se estrena con una serie muy interesante, Arany\u00e9let, sobre una familia de delincuentes a diferentes escalas.<\/p>\n<p>Creada a partir de una serie original finlandesa &#8220;Helppi el\u00e4m\u00e4&#8221; , Arany\u00e9let nos muestra los \u00a0lugares lujosos y los \u00a0bajos fondos de Budapest, alejados de las zonas tur\u00edsticas y conocidas de la ciudad y de la mano de los cuatro miembros de la familia Miklosi, vamos a tener un retrato muy completo de los diferentes estamentos de la sociedad magiar, con una gran realizaci\u00f3n que destaca por encima de todo en la serie, como les vamos a analizar a continuaci\u00f3n.<\/p>\n<p><strong>Ficha:<\/strong> Arany\u00e9let ( La vida dorada) 8 ep + 55 min .\u00a0\u00a0 Nov 2015.<strong> Idioma:<\/strong> H\u00fangaro subtitulado en castellano <strong>Cadena:<\/strong> HBO Europa ( H)<\/p>\n<p><strong><a href=\"\/series-gourmets\/wp-content\/uploads\/sites\/37\/2016\/09\/cast6.jpg\"><img loading=\"lazy\" class=\"aligncenter size-full wp-image-5541\" title=\"cast\" src=\"\/series-gourmets\/wp-content\/uploads\/sites\/37\/2016\/09\/cast6.jpg\" alt=\"\" width=\"560\" height=\"315\" srcset=\"https:\/\/static-blogs.diariovasco.com\/wp-content\/uploads\/sites\/37\/2016\/09\/cast6.jpg 560w, https:\/\/static-blogs.diariovasco.com\/wp-content\/uploads\/sites\/37\/2016\/09\/cast6-300x169.jpg 300w\" sizes=\"(max-width: 560px) 100vw, 560px\" \/><\/a>La trama :<\/strong> Attila Miklosi es el lugarteniente de un importante jefe mafioso de Budapest, lo que le permite llevar un lujoso tren de vida del que disfruta especialmente su mujer Janka, lo que les permiten resarcirse de todas las penurias que pasaron de jovenes.<\/p>\n<p>Ambos viven en una enorme mansi\u00f3n en el suburbio mas rico de la capital h\u00fangara, donde cr\u00edan a sus dos hijos, el mayor Mark, a punto de cumplir dieciocho a\u00f1os, que aspira a ser un rapero conocido pero que \u00a0empieza a frecuentar malas compa\u00f1\u00edas siguiendo el camino de su padre, mientras que su hermana menor la quincea\u00f1era Mira, es una chica dulce, ingenua y buena alumna.<\/p>\n<p>La estabilidad de la familia empieza a tambalearse cuando el padre empieza a tener una crisis existencial y desea dejar el camino de la delincuencia para ganarse la vida de forma mas honrada, lo que le va a llevar a una serie de importantes conflictos tanto con su antiguo jefe, que no est\u00e1 dispuesto a perder a su hombre de confianza \u00a0como con su familia que debe acostumbrarse a unas precarias condiciones econ\u00f3micas que no todos est\u00e1n dispuestos a aceptar.<\/p>\n<p>El estilizado trailer musical de la serie nos muestra el elevado nivel de producci\u00f3n de la misma.<br \/>\n<iframe loading=\"lazy\" src=\"https:\/\/www.youtube.com\/embed\/2-2EtXon-Gs\" frameborder=\"0\" width=\"560\" height=\"315\"><\/iframe><\/p>\n<p>La evoluci\u00f3n de la serie la marcan los caminos personales de los miembros de la familia que reciben las malas noticias de su s\u00fabita pobreza y reaccionan de formas diferentes y que no contribuyen precisamente a la paz familiar \u00a0que disfrutaban con anterioridad, por caminos no siempre predecibles y muy en la tradici\u00f3n del cine negro.<\/p>\n<p><a href=\"\/series-gourmets\/wp-content\/uploads\/sites\/37\/2016\/09\/familia-normal-e1474887859568.jpg\"><img loading=\"lazy\" class=\"aligncenter size-full wp-image-5539\" title=\"familia normal\" src=\"\/series-gourmets\/wp-content\/uploads\/sites\/37\/2016\/09\/familia-normal-e1474887859568.jpg\" alt=\"\" width=\"560\" height=\"315\" srcset=\"https:\/\/static-blogs.diariovasco.com\/wp-content\/uploads\/sites\/37\/2016\/09\/familia-normal-e1474887859568.jpg 560w, https:\/\/static-blogs.diariovasco.com\/wp-content\/uploads\/sites\/37\/2016\/09\/familia-normal-e1474887859568-300x169.jpg 300w\" sizes=\"(max-width: 560px) 100vw, 560px\" \/><\/a>Ademas de observar de ver los cambios en su id\u00edlica vida familiar deben hacer frente al jefe mafioso de Attila, Emre, que se resiste a cortar los lazos muy intensos \u00a0que tiene con los Miklosi,siendo incluso \u00a0 el padrino del primog\u00e9nito Mark, al que desea captar para su causa y formarlo como hizo con su padre.<\/p>\n<p><a href=\"\/series-gourmets\/wp-content\/uploads\/sites\/37\/2016\/09\/villano-e1474887883822.jpg\"><img loading=\"lazy\" class=\"aligncenter size-full wp-image-5540\" title=\"villano\" src=\"\/series-gourmets\/wp-content\/uploads\/sites\/37\/2016\/09\/villano-e1474887883822.jpg\" alt=\"\" width=\"560\" height=\"373\" srcset=\"https:\/\/static-blogs.diariovasco.com\/wp-content\/uploads\/sites\/37\/2016\/09\/villano-e1474887883822.jpg 560w, https:\/\/static-blogs.diariovasco.com\/wp-content\/uploads\/sites\/37\/2016\/09\/villano-e1474887883822-300x200.jpg 300w\" sizes=\"(max-width: 560px) 100vw, 560px\" \/><\/a>\u201cArany\u00e9let\u201d me ha parecido de lo mejorcito que he visto en series de la Europa Oriental a la altura de la gran Wataha, con un gran nivel en los actores y sobre todo una magnifica realizaci\u00f3n a cargo del premiado director cinematogr\u00e1fico Zsombor Dyga, que desde la primera escena con un mas que elaborado plano a\u00e9reo, nos avisa que va a ser un aspecto muy cuidado y trabajado en todo momento, con algunos planos verdaderamente sorprendentes.<\/p>\n<p>Otro aspecto interesante es la cabecera de la serie con una canci\u00f3n original escrita para la serie por el grupo de Budapest ,&#8221; Fancy Party Dress&#8221; con el titulo de &#8221; Family&#8221;.<br \/>\n<iframe loading=\"lazy\" src=\"https:\/\/www.youtube.com\/embed\/uQeZkITmxZc\" frameborder=\"0\" width=\"560\" height=\"315\"><\/iframe><br \/>\nLa tensi\u00f3n y la incertidumbre acerca de todos y cada uno de los miembros de la familia va in crescendo hasta el tramo final, donde huyen del final feliz habitual en muchos casos, y en la mejor tradici\u00f3n de cine negro, recorren todo un matiz de grises muy bien llevados.<\/p>\n<p>La serie sido renovada para una 2T, que se estrenar\u00e1 este mes de noviembre, gracias a su \u00e9xito por muchos pa\u00edses de Europa donde se ha comercializado a trav\u00e9s de los servicios de HBO que este oto\u00f1o llegaran a nuestro pa\u00eds, por lo que es de esperar que en su oferta incluyan series europeas como \u00e9sta, para dar un poco de variedad a sus posibles suscriptores.<\/p>\n<p><strong>Epilogo :<\/strong> Arany\u00e9let es una serie que me ha sorprendido muy gratamente y que es muy recomendable para los amantes del genero negro que sean curiosos y deseen conocer nuevos paisajes y mentalidades alejadas de las habituales en el panorama anglosaj\u00f3n dominante. Solo por ese cambio de escenario, creo que merece la pena adentrarse en las entra\u00f1as de esta familia, para conocer su descomposici\u00f3n por razones monetarias.<\/p>\n<p>Esperamos sus opiniones y comentarios, aqu\u00ed o en nuestra cuenta de twitter (@lmejino). Hasta la pr\u00f3xima<\/p>\n<p>Lorenzo Mejino<\/p>\n<!-- AddThis Advanced Settings generic via filter on the_content --><!-- AddThis Share Buttons generic via filter on the_content -->","protected":false},"excerpt":{"rendered":"<p>La entrada en la producci\u00f3n original de series por parte de la rama europea del gigante estadounidense de pago HBO, est\u00e1 siendo uno de los factores principales en el cambio y la mejora del panorama audiovisual europeo de estos \u00faltimos a\u00f1os y del que nos encanta hacernos eco en nuestro rinc\u00f3n de los lunes dedicado [&hellip;]<!-- AddThis Advanced Settings generic via filter on get_the_excerpt --><!-- AddThis Share Buttons generic via filter on get_the_excerpt --><\/p>\n","protected":false},"author":61,"featured_media":5541,"comment_status":"open","ping_status":"closed","sticky":false,"template":"","format":"standard","meta":[],"categories":[5,27,29,17],"tags":[212,2824],"_links":{"self":[{"href":"https:\/\/blogs.diariovasco.com\/series-gourmets\/wp-json\/wp\/v2\/posts\/5538"}],"collection":[{"href":"https:\/\/blogs.diariovasco.com\/series-gourmets\/wp-json\/wp\/v2\/posts"}],"about":[{"href":"https:\/\/blogs.diariovasco.com\/series-gourmets\/wp-json\/wp\/v2\/types\/post"}],"author":[{"embeddable":true,"href":"https:\/\/blogs.diariovasco.com\/series-gourmets\/wp-json\/wp\/v2\/users\/61"}],"replies":[{"embeddable":true,"href":"https:\/\/blogs.diariovasco.com\/series-gourmets\/wp-json\/wp\/v2\/comments?post=5538"}],"version-history":[{"count":0,"href":"https:\/\/blogs.diariovasco.com\/series-gourmets\/wp-json\/wp\/v2\/posts\/5538\/revisions"}],"wp:featuredmedia":[{"embeddable":true,"href":"https:\/\/blogs.diariovasco.com\/series-gourmets\/wp-json\/wp\/v2\/media\/5541"}],"wp:attachment":[{"href":"https:\/\/blogs.diariovasco.com\/series-gourmets\/wp-json\/wp\/v2\/media?parent=5538"}],"wp:term":[{"taxonomy":"category","embeddable":true,"href":"https:\/\/blogs.diariovasco.com\/series-gourmets\/wp-json\/wp\/v2\/categories?post=5538"},{"taxonomy":"post_tag","embeddable":true,"href":"https:\/\/blogs.diariovasco.com\/series-gourmets\/wp-json\/wp\/v2\/tags?post=5538"}],"curies":[{"name":"wp","href":"https:\/\/api.w.org\/{rel}","templated":true}]}}