{"id":5970,"date":"2017-01-27T07:00:45","date_gmt":"2017-01-27T06:00:45","guid":{"rendered":"http:\/\/blogs.diariovasco.com\/series-gourmets\/?p=5970"},"modified":"2017-01-27T07:00:45","modified_gmt":"2017-01-27T06:00:45","slug":"dancing-on-the-edge-la-fascinante-llegada-del-jazz-a-las-clases-altas-inglesas","status":"publish","type":"post","link":"https:\/\/blogs.diariovasco.com\/series-gourmets\/2017\/01\/27\/dancing-on-the-edge-la-fascinante-llegada-del-jazz-a-las-clases-altas-inglesas\/","title":{"rendered":"Dancing on The Edge: La fascinante llegada del jazz a las clases altas inglesas"},"content":{"rendered":"<p>Uno de los aspectos mas envidiables de la cultura inglesa es la gran admiraci\u00f3n que despiertan sus mejores guionistas televisivos, que son conocidos y reconocidos tanto a nivel popular como a nivel de la realeza que no duda en condecorarlos con t\u00edtulos como agradecimiento a la aportaci\u00f3n a la cultura de su pa\u00eds.<\/p>\n<p>Stephen Poliakoff pertenece a esa reducida \u00e9lite de dramaturgos condecorados, que han dejado su huella tanto en cine, como en teatro y sobre todo en televisi\u00f3n, donde goza de una total libertad por parte de la BBC para escribir y dirigir sus propios proyectos.<\/p>\n<p>Muy poco conocido fuera de las islas brit\u00e1nicas, creemos que ha llegado el momento de present\u00e1rselo como se merece, \u00a0mediante el an\u00e1lisis de una soberbia miniserie que Poliakoff estren\u00f3 en 2013 \u201cDancing on the Edge\u201d, una maravillosa idea tremendamente original que lleg\u00f3 a ser nominada y premiada en los Globos de Oro de ese a\u00f1o en el apartado de miniseries, con un impresionante reparto.<\/p>\n<p>En nuestro pa\u00eds se ha podido ver de tapadillo en el catalogo de la voluntariosa empresa local Filmin, que solo por traer esta joya, ya se merece nuestro reconocimiento eterno, aunque seg\u00fan me han comentado ya no la tienen en su cat\u00e1logo.<\/p>\n<p><strong><a href=\"\/series-gourmets\/wp-content\/uploads\/sites\/37\/2017\/01\/cast6-e1485250620530.jpg\"><img loading=\"lazy\" class=\"aligncenter size-full wp-image-5972\" title=\"cast\" src=\"\/series-gourmets\/wp-content\/uploads\/sites\/37\/2017\/01\/cast6-e1485250620530.jpg\" alt=\"\" width=\"560\" height=\"725\" srcset=\"https:\/\/static-blogs.diariovasco.com\/wp-content\/uploads\/sites\/37\/2017\/01\/cast6-e1485250620530.jpg 560w, https:\/\/static-blogs.diariovasco.com\/wp-content\/uploads\/sites\/37\/2017\/01\/cast6-e1485250620530-232x300.jpg 232w\" sizes=\"(max-width: 560px) 100vw, 560px\" \/><\/a>Ficha:<\/strong> Dancing on the Edge 5 episodios + 1 epilogo especial. 60\/90 min \u00a0\u00a0 Feb 2013- Mar 2013 \u00a0<strong>Cadena:<\/strong> BBC2(UK) &#8211; Filmin (E)<br \/>\n<strong><\/strong><\/p>\n<p><strong>Sinopsis:<\/strong> Stanley Mitchell, el joven y entusiasta editor de la revista Musical Express, descubre en un tugurio londinense a una banda de m\u00fasicos negros americanos, dirigidos por un negro brit\u00e1nico Louis Lester que tocan principalmente jazz y swing siguiendo las \u00faltimas tendencias musicales estadounidenses.<\/p>\n<p>Gracias a la persistencia y los contactos de Mitchell, la banda decide buscar una cantante femenina, que acaban siendo dos, para conseguir ser contratados como la banda residente del lujoso Imperial Hotel, para amenizar las meriendas, cenas y las veladas de la alta sociedad inglesa que se re\u00fane habitualmente en sus salones.<\/p>\n<p>Tras vencer una ciertas reticencias iniciales por el tipo de m\u00fasica y el color de su piel, su fama empieza a subir como la espuma, gracias a sus poderosos padrinos que incluyen la realeza brit\u00e1nica, hasta que un grave contratiempo pone todo en peligro.<\/p>\n<p><strong>El inicio:<\/strong> Stephen Poliakoff es uno de los guionistas actuales mas prestigiosos de la escena brit\u00e1nica, digno sucesor del genio que fue Dennis Potter y que consigue atraer toda la atenci\u00f3n del publico sobre cualquiera de sus nuevos proyectos que son casi trabajos unipersonales en lo que hace referencia a escritura, direcci\u00f3n y montaje.<\/p>\n<p>La fama de Poliakoff le ha venido sobre todo por sus pel\u00edculas televisivas entre las que destacaron \u201cPerfect Strangers\u201d, \u201cLa hija de Gideon\u201d y sobre todo \u201cThe Lost Prince\u201d que gan\u00f3 el Emmy en esta categor\u00eda en 2003, con una gran historia sobre el pr\u00edncipe John, un hijo del rey Jorge V, que muri\u00f3 a los trece a\u00f1os de edad, catapultando a un desconocido Tom Hollander a la fama por su papel como el rey Jorge V.<\/p>\n<p>Mientras estaba investigando la \u00e9poca en que se desarrollaba esta serie, los a\u00f1os treinta tras la gran depresi\u00f3n, Poliakoff descubri\u00f3 una interesante relaci\u00f3n entre la familia real inglesa y por a\u00f1adidura su corte de aduladores con las bandas pioneras de jazz negro que tocaban en Londres y empez\u00f3 a pensar que ten\u00eda material para una buena historia.<br \/>\n<a href=\"\/series-gourmets\/wp-content\/uploads\/sites\/37\/2017\/01\/poliakoff-e1485250969659.jpg\"><img loading=\"lazy\" class=\"aligncenter size-full wp-image-5979\" title=\"poliakoff\" src=\"\/series-gourmets\/wp-content\/uploads\/sites\/37\/2017\/01\/poliakoff-e1485250969659.jpg\" alt=\"\" width=\"560\" height=\"315\" srcset=\"https:\/\/static-blogs.diariovasco.com\/wp-content\/uploads\/sites\/37\/2017\/01\/poliakoff-e1485250969659.jpg 560w, https:\/\/static-blogs.diariovasco.com\/wp-content\/uploads\/sites\/37\/2017\/01\/poliakoff-e1485250969659-300x169.jpg 300w\" sizes=\"(max-width: 560px) 100vw, 560px\" \/><\/a><\/p>\n<p>La idea la dejo en un caj\u00f3n durante bastante tiempo hasta que empez\u00f3 a trabajar en el desarrollo de la serie tras una conversaci\u00f3n con la BBC que le hizo un encargo firme de una miniserie para emitir por la BBC2, a pesar de que el autor hubiera preferido la BBC1 por ser la mas popular de la corporaci\u00f3n p\u00fablica brit\u00e1nica.<\/p>\n<p>Su estreno vino precedido de una enorme expectaci\u00f3n, con una estrategia publicitaria que intentaba venderla como un \u201cDownton Abbey\u201d con m\u00fasicos negros en lugar de criados,como otro reflejo de los contrastes entre las clases dominantes y la realeza en sus relaciones con el pueblo llano y humilde, con los negros pobres en el \u00faltimo lugar de la escala social.<\/p>\n<p>La cr\u00edtica la recibi\u00f3 con los brazos abiertos y las audiencias fueran bastantes importantes para la BBC2 y muy constantes durante toda su emisi\u00f3n, tras ver el siguiente trailer de promoci\u00f3n.<br \/>\n<iframe loading=\"lazy\" src=\"https:\/\/www.youtube.com\/embed\/hcqnCz5chXs\" frameborder=\"0\" width=\"560\" height=\"315\"><\/iframe><\/p>\n<p><strong>La trama:<\/strong> El origen jud\u00edo de Stephen Poliakoff y la discriminaci\u00f3n que sufri\u00f3 por esa causa durante su juventud en diferentes internados brit\u00e1nicos, es una constante que se repite en casi toda su obra, pero por primera vez la lleva al terreno racial en lugar del religioso que es en el que hab\u00eda transitado hasta el momento.<\/p>\n<p>La historia se explica a partir de los dos personajes centrales, el negro de origen jamaicano Louis Lester, como l\u00edder de la banda de m\u00fasicos de color y el joven periodista Stanley Mitchell, como enlace con la alta sociedad de los a\u00f1os treinta.<\/p>\n<p>Ambos personajes se conocen de forma fortuita y son conscientes de que si colaboran pueden extraer un gran beneficio mutuo de su trabajo en equipo, aumentando la tirada de su revista musical el periodista y consiguiendo mejores contratos para tocar en mejores y m\u00e1s prestigiosos lugares por parte del m\u00fasico.<\/p>\n<p>La primera parte de la miniserie se centra en la consolidaci\u00f3n de la Louis Lester Band, con la inestimable ayuda de su amigo periodista que les consigue contratos y contactos al mas alto nivel, que no desaprovecha la banda convenciendo a cualquier esc\u00e9ptico que se les ponga por delante con actuaciones como la siguiente<br \/>\n<iframe loading=\"lazy\" src=\"https:\/\/www.youtube.com\/embed\/I7hUd68rIhc\" frameborder=\"0\" width=\"560\" height=\"315\"><\/iframe><br \/>\nA pesar de todo, el racismo evidente y latente era una gran barrera para que la banda llegara al gran p\u00fablico, aunque los propios m\u00fasicos eran conscientes de que a pesar de ser considerados ciudadanos de segunda clase, ganaban dinero haciendo lo que mejor sab\u00edan hacer y ten\u00edan un prestigio cada vez mayor entre la sociedad londinense que les contrataba para tocar en sus veladas y fiestas en todo tipo de locales, gracias a la calidad de sus dos vocalistas magn\u00edficamente interpretadas por Angel Coulby ( der) y Wunmi Mosaku ( izq)<\/p>\n<p><a href=\"\/series-gourmets\/wp-content\/uploads\/sites\/37\/2017\/01\/louis-lester-band-e1485250675457.jpg\"><img loading=\"lazy\" class=\"aligncenter size-full wp-image-5975\" title=\"dancing_on_the_edge_episode_1_2012_54_6x4\" src=\"\/series-gourmets\/wp-content\/uploads\/sites\/37\/2017\/01\/louis-lester-band-e1485250675457.jpg\" alt=\"\" width=\"560\" height=\"314\" srcset=\"https:\/\/static-blogs.diariovasco.com\/wp-content\/uploads\/sites\/37\/2017\/01\/louis-lester-band-e1485250675457.jpg 560w, https:\/\/static-blogs.diariovasco.com\/wp-content\/uploads\/sites\/37\/2017\/01\/louis-lester-band-e1485250675457-300x168.jpg 300w\" sizes=\"(max-width: 560px) 100vw, 560px\" \/><\/a>El punto de inflexi\u00f3n para la banda, llega cuando el pr\u00edncipe Jorge se convierte en el mas rendido admirador de esa nueva m\u00fasica que llegaba de esa banda negra de jazz, en parte por el snobismo de tener que estar a la \u00faltima y en parte por la transgresi\u00f3n que supon\u00eda para algunos de la familia real y sus amigos, codearse con artistas de color para esc\u00e1ndalo de las mentes mas puritanas y conservadoras ( piensen en la cara de Lady Grantham en una situaci\u00f3n similar). El siguiente v\u00eddeo es una muestra de la admiraci\u00f3n del pr\u00edncipe heredero hacia la Louis Lester Band.<br \/>\n<iframe loading=\"lazy\" src=\"https:\/\/www.youtube.com\/embed\/VtO0pjjLf3o\" frameborder=\"0\" width=\"560\" height=\"315\"><\/iframe><br \/>\nLa segunda parte de la historia empieza a partir de un suceso importante que cambia la percepci\u00f3n de la sociedad blanca hacia los m\u00fasicos de color, convirti\u00e9ndose todos los elogios y adulaciones hacia sus nuevos \u00eddolos, en desprecio y discriminaci\u00f3n como si se hubieran cansado de su nuevo juguete y buscaran otro nuevo, lo que no deja de ser una manera de demostrar lo que realmente piensan sin poses estereotipadas para disimular su indiscutible rechazo a todo lo negro.<\/p>\n<p>La historia es realmente interesante porque describe a la perfecci\u00f3n la \u00e9poca de entreguerras, a principios de los a\u00f1os treinta, con la despreocupaci\u00f3n inherente a la alta sociedad que hab\u00eda sobrevivido a la crisis del 29 sin demasiadas perdidas y dispon\u00eda de abundante dinero para pas\u00e1rselo en grande, antes que llegara la segunda contienda mundial, aunque se empieza a atisbar en el horizonte la llegada del nazismo en Alemania.<\/p>\n<p><a href=\"\/series-gourmets\/wp-content\/uploads\/sites\/37\/2017\/01\/reparto-grande-e1485250704895.jpg\"><img loading=\"lazy\" class=\"aligncenter size-full wp-image-5977\" title=\"reparto grande\" src=\"\/series-gourmets\/wp-content\/uploads\/sites\/37\/2017\/01\/reparto-grande-e1485250704895.jpg\" alt=\"\" width=\"560\" height=\"280\" srcset=\"https:\/\/static-blogs.diariovasco.com\/wp-content\/uploads\/sites\/37\/2017\/01\/reparto-grande-e1485250704895.jpg 560w, https:\/\/static-blogs.diariovasco.com\/wp-content\/uploads\/sites\/37\/2017\/01\/reparto-grande-e1485250704895-300x150.jpg 300w\" sizes=\"(max-width: 560px) 100vw, 560px\" \/><\/a>El grupo de amigos extremadamente heterog\u00e9neo, estructurado en torno a las dos figuras principales, compuesto de m\u00fasicos y arist\u00f3cratas a partes iguales est\u00e1 pasando el mejor tiempo de su vida y no les duelen prendas en \u00a0demostrarlo a cualquier ocasi\u00f3n antes de que lleguen las vacas flacas, como en este nuevo video donde podemos ver la calidad musical de la propuesta.<\/p>\n<p><iframe loading=\"lazy\" src=\"https:\/\/www.youtube.com\/embed\/GnpfbPpUbNU\" frameborder=\"0\" width=\"560\" height=\"315\"><\/iframe><br \/>\n\u201cDancing in the Edge\u201d es una miniserie excelente con un reparto de lujo que cumple a la perfecci\u00f3n con una historia original y muy poco habitual en nuestras pantallas, pero que a pesar de estar ambientada en los a\u00f1os treinta, muchos comportamientos y actitudes son perfectamente aplicables a nuestra situaci\u00f3n actual, solo viendo el racismo y el auge del neonazismo que no es muy diferente al de hace ochenta a\u00f1os que reproduce la serie.<\/p>\n<p>En su momento me cautiv\u00f3 desde el primer episodio con una narrativa valiente que llama a las cosas por su nombre, dejando de un lado la correcci\u00f3n pol\u00edtica con un grupo de personas que solo intentan sobrevivir hasta su ca\u00edda en desgracia, por las mismas causas ajenas a su voluntad por las que han subido a la fama.<\/p>\n<p>Un aspecto muy interesante de la \u00e9poca es mostrar a la perfecci\u00f3n el inicio de la cultura popular, gracias a la expansi\u00f3n de la radio, que empezaba a llegar a las casas de muchas personas que posteriormente compraban discos o revistas que hablaban de sus artistas favoritos, ensanchando su p\u00fablico mas all\u00e1 de las \u00e9lites que copaban todas las tendencias culturales hasta la aparici\u00f3n de la radio y posteriormente la televisi\u00f3n.<\/p>\n<p>Ese magnifico retrato de una \u00e9poca y personajes con muchas cosas que explicar y que contar es lo que hace de \u201cDancing on the Edge\u201d una maravillosa miniserie, absolutamente recomendable para todos aquellos de ustedes que disfrutan \u00a0con los productos que nos llegan de las Islas Brit\u00e1nicas, porque en este caso \u00a0pertenece a esa \u00a0\u00e9lite junto a esas miniseries que todos conocemos a la perfecci\u00f3n y que seguro les han venido ahora a la cabeza.<br \/>\n<strong><\/strong><\/p>\n<p><strong>Los actores:<\/strong><\/p>\n<p>Si han visto de pasada las fotos que ilustran el articulo, estoy seguro que les habr\u00e1n llamado y mucho la atenci\u00f3n, los actores que interven\u00edan en esta serie, algunos bastante conocidos antes de la miniserie y otros que precisamente la han aprovechado como rampa inicial de lanzamiento de sus magnificas carreras actuales.<\/p>\n<p>El maravilloso d\u00fao protagonista lo componen Chiwetel Ejiofor como el m\u00fasico Louie Lester y Matthew Goode como el periodista Stanley Mitchell, que nos llevan de su mano por toda la trama, lo que incluye unas maravillosas conversaciones entre ambos llenas de iron\u00eda, med\u00edas verdades y dobles sentidos como reflejo \u00a0de la gran amistad y respeto mutuo que se profesan desde el momento en que se conocieron.<\/p>\n<p>Chiwetel Ejiofor ( der) es junto a Lenny James y Idris Elba el actor brit\u00e1nico de color mas popular y al que le caen los mejores papeles con una carrera que empez\u00f3 muy joven a las ordenes de Steven Spielberg en \u201cAmistad\u201d y que consolid\u00f3 con un gran protagonista en la miniserie \u201cThe Shadow Line\u201d. 2013 fue el a\u00f1o de su explosi\u00f3n gracias a este Louie Lester, pero sobre todo a su esclavo Northup en \u201cDoce a\u00f1os de Esclavitud\u201d, que le permiti\u00f3 irse a vivir a Hollywood para enlazar una tras otra pel\u00edcula taquillera como \u201cThe Martian\u201d o \u201cDoctor Strange\u201d.<\/p>\n<p><a href=\"\/series-gourmets\/wp-content\/uploads\/sites\/37\/2017\/01\/goode-chiojor-e1485250636286.jpg\"><img loading=\"lazy\" class=\"aligncenter size-full wp-image-5973\" title=\"goode chiojor\" src=\"\/series-gourmets\/wp-content\/uploads\/sites\/37\/2017\/01\/goode-chiojor-e1485250636286.jpg\" alt=\"\" width=\"560\" height=\"349\" srcset=\"https:\/\/static-blogs.diariovasco.com\/wp-content\/uploads\/sites\/37\/2017\/01\/goode-chiojor-e1485250636286.jpg 560w, https:\/\/static-blogs.diariovasco.com\/wp-content\/uploads\/sites\/37\/2017\/01\/goode-chiojor-e1485250636286-300x187.jpg 300w\" sizes=\"(max-width: 560px) 100vw, 560px\" \/><\/a>Matthew Goode ten\u00eda una carrera interesante en la que alternaba cine y televisi\u00f3n con pel\u00edculas como \u201cWatchmen\u201d o el remake de \u201cBrideshead Revisited\u201d pero que no terminaba de despegar hasta su Stanley Mitchell, que le ascendi\u00f3 al primer nivel de actores con trabajos televisivos fijos en grandes series como \u201cDownton Abbey\u201d o \u201cThe Good Wife\u201d con papeles que mis amigas denominan achuchable, aunque no le duelen prendas para salir en anuncios chocolateros si la ocasi\u00f3n se tercia y la paga es buena.<\/p>\n<p>En el lado de los adinerados y acaudalados miembros de la alta sociedad que frecuentaban los salones del hotel Imperial, nada mejor que tener dos grandes actores como John Goodman y Anthony Head, como un misterioso y opaco millonario norteamericano Mr Masterson y Arthur Donaldson un empresario financiero brit\u00e1nico de gran \u00e9xito, respectivamente. Su presencia es toda una garant\u00eda en cualquier \u00a0escena en la que salgan y siempre es un verdadero placer verlos en acci\u00f3n en especial a John Goodman, que es capaz de interpretar cualquier papel en cualquier rango desde la comedia \u00a0en \u00a0su gran \u00e9xito \u201cRoseanne\u201d hasta papeles tan dram\u00e1ticos como en \u201cDamages\u201d, \u201cTrem\u00e9\u201d o en cualquier pel\u00edcula de los hermanos Coen<\/p>\n<p><a href=\"\/series-gourmets\/wp-content\/uploads\/sites\/37\/2017\/01\/goodman-head-e1485250654779.jpg\"><img loading=\"lazy\" class=\"aligncenter size-full wp-image-5974\" title=\"goodman head\" src=\"\/series-gourmets\/wp-content\/uploads\/sites\/37\/2017\/01\/goodman-head-e1485250654779.jpg\" alt=\"\" width=\"560\" height=\"315\" srcset=\"https:\/\/static-blogs.diariovasco.com\/wp-content\/uploads\/sites\/37\/2017\/01\/goodman-head-e1485250654779.jpg 560w, https:\/\/static-blogs.diariovasco.com\/wp-content\/uploads\/sites\/37\/2017\/01\/goodman-head-e1485250654779-300x169.jpg 300w\" sizes=\"(max-width: 560px) 100vw, 560px\" \/><\/a>Anthony Head ha tenido una largu\u00edsima carrera, pero casi todo el mundo le recuerda de forma casi exclusiva por su papel como Rupert Giles en la venerada \u201cBuffy, la cazavampiros\u201d, personaje que no se ha conseguido sacudir a nivel popular, aunque cuando lo vean aqu\u00ed, igual se lo empiezan a plantear. Su carrera ha sido irregular tras este papel, apareciendo \u00faltimamente en unas series tan horripilantes como \u201cDominion\u201d o \u201cGuilt\u201d aunque en esta \u00faltima como descargo hay que decir que era en \u00a0apoyo de los inicios de su hija que era la protagonista.<\/p>\n<p>A un nivel parecido se encuentra Jacqueline Bisset, una de las actrices con mas clase de las \u00faltimas d\u00e9cadas, en esta ocasi\u00f3n como la viuda Lady Cremone, que descubre en la m\u00fasica su verdadera pasi\u00f3n para seguir viviendo tras las desgracias que le han pasado en su vida. Bisset est\u00e1 magnifica en un papel ideal para su elegancia natural y que le vali\u00f3 el Globo de Oro a la mejor actriz secundaria en miniserie el a\u00f1o 2013<\/p>\n<p><a href=\"\/series-gourmets\/wp-content\/uploads\/sites\/37\/2017\/01\/bisset-e1485250601944.jpg\"><img loading=\"lazy\" class=\"aligncenter size-full wp-image-5971\" title=\"Dancing On The Edge 2012\" src=\"\/series-gourmets\/wp-content\/uploads\/sites\/37\/2017\/01\/bisset-e1485250601944.jpg\" alt=\"\" width=\"560\" height=\"314\" srcset=\"https:\/\/static-blogs.diariovasco.com\/wp-content\/uploads\/sites\/37\/2017\/01\/bisset-e1485250601944.jpg 560w, https:\/\/static-blogs.diariovasco.com\/wp-content\/uploads\/sites\/37\/2017\/01\/bisset-e1485250601944-300x168.jpg 300w\" sizes=\"(max-width: 560px) 100vw, 560px\" \/><\/a>Bisset debut\u00f3 en el cine hace cincuenta a\u00f1os y con Roman Polanski en &#8220;Cul-de-Sac&#8221; y no ha parado de trabajar principalmente en el cine apareciendo en grandes cl\u00e1sicos como \u201cBullit\u201d, \u201cRicas y famosas\u201d o \u201cClass\u201d.<\/p>\n<p>En el capitulo de j\u00f3venes promesas que despuntaron tenemos a Janet Montgomery y Tom Hughes, como la fot\u00f3grafa Sarah Parker hija de un exiliado sovi\u00e9tico tras la revoluci\u00f3n y como Julian Luscombe un carism\u00e1tico joven que trabaja como ayudante del millonario Masterson. Montgomery decidi\u00f3 emigrar pronto a los EEUU en busca de mejores oportunidades laborales trabajando como secundaria en series como \u201cHuman Target\u201d o \u201cEntourage\u201d hasta que lleg\u00f3 protagonizar una serie \u201c Made in Jersey\u201d, que no lleg\u00f3 ni a Navidades.<\/p>\n<p>Tras esa serie consigui\u00f3 llamar la atenci\u00f3n de Poliakoff que le dio el papel mas importante de su vida, porque luego ha vuelto a trabajar en series de poca monta como \u201cSalem\u201d que por lo menos le han abierto la puerta para \u201cThis is Us\u201d, una de las sensaciones de la temporada.<\/p>\n<p><a href=\"\/series-gourmets\/wp-content\/uploads\/sites\/37\/2017\/01\/montgomery-hughes-e1485250690647.jpg\"><img loading=\"lazy\" class=\"aligncenter size-full wp-image-5976\" title=\"montgomery hughes\" src=\"\/series-gourmets\/wp-content\/uploads\/sites\/37\/2017\/01\/montgomery-hughes-e1485250690647.jpg\" alt=\"\" width=\"560\" height=\"372\" srcset=\"https:\/\/static-blogs.diariovasco.com\/wp-content\/uploads\/sites\/37\/2017\/01\/montgomery-hughes-e1485250690647.jpg 560w, https:\/\/static-blogs.diariovasco.com\/wp-content\/uploads\/sites\/37\/2017\/01\/montgomery-hughes-e1485250690647-300x199.jpg 300w\" sizes=\"(max-width: 560px) 100vw, 560px\" \/><\/a>Tom Hughes fue todo un descubrimiento en esta serie, en la que casi debutaba tras un peque\u00f1o papel en &#8220;Silk&#8221; y el joven actor utiliz\u00f3 las enormes posibilidades de lucimiento de uno de los personajes centrales de la trama, para protagonizar posteriormente la miniserie de esp\u00edas \u201cThe Game\u201d y aparecer en la actualidad como el pr\u00edncipe Alberto en la serie \u201cVictoria\u201d como rey consorte de la reina que interpreta Jenna Coleman.<\/p>\n<p>Curiosamente Coleman tambi\u00e9n aparece en esta serie como la ayudante del periodista en un papel peque\u00f1o, pero que le permiti\u00f3 ascender a ser una popular ayudante en Doctor Who y en la actualidad a su papel mas importante como la reina Victoria, convirti\u00e9ndose en un personaje tan popular que incluso han realizado un v\u00eddeo con su actuaci\u00f3n en \u201cDancing on The Edge\u201d, que pueden ver a continuaci\u00f3n<\/p>\n<p><iframe loading=\"lazy\" src=\"https:\/\/www.youtube.com\/embed\/nGGez3q3Fuo\" frameborder=\"0\" width=\"560\" height=\"315\"><\/iframe><br \/>\n<strong>Final:<\/strong><br \/>\nLa serie cierra sus historias con el quinto episodio, pero como gran innovaci\u00f3n el genio de Stephen Poliakoff se sac\u00f3 de la manga un episodio especial de una hora de duraci\u00f3n, llamado \u201cInterviewing Louie\u201d, que consiste en una serie de entrevistas que realiza el periodista musical a diferentes miembros de la banda ,con una especial dedicaci\u00f3n hacia la figura de Louie Lester.<\/p>\n<p>Este inteligente artificio sirve principalmente para proporcionarnos mucha informaci\u00f3n del pasado de Louie y de las dos cantantes que no hab\u00eda sido revelado en la miniserie, completando de esta forma tan elegante el desarrollo de los personajes a\u00f1adiendo en el tramo final \u00a0un peque\u00f1o misterio a trav\u00e9s de un personaje que enlaza con una de las tramas secundarias de la miniserie y que pod\u00eda haber dado a una posible 2T que nunca se lleg\u00f3 a materializar por falta de inter\u00e9s del propio autor.<\/p>\n<p>Si tras todo lo que he escrito no he conseguido interesarles para que puedan invertir unas escasas siete horas de su vida televisiva para adentrarse en una historia fascinante que demuestra que el talento televisivo abunda en Inglaterra, \u00a0no he cumplido mi objetivo de llamarles la atenci\u00f3n sobre joyas televisivas que han pasado mucho mas desapercibidas de lo que merecen, espero no haberles fallado.<\/p>\n<p>Esperamos sus opiniones y comentarios, aqu\u00ed o en nuestra cuenta de twitter (@lmejino). Hasta la pr\u00f3xima<\/p>\n<p>Lorenzo Mejino<\/p>\n<!-- AddThis Advanced Settings generic via filter on the_content --><!-- AddThis Share Buttons generic via filter on the_content -->","protected":false},"excerpt":{"rendered":"<p>Uno de los aspectos mas envidiables de la cultura inglesa es la gran admiraci\u00f3n que despiertan sus mejores guionistas televisivos, que son conocidos y reconocidos tanto a nivel popular como a nivel de la realeza que no duda en condecorarlos con t\u00edtulos como agradecimiento a la aportaci\u00f3n a la cultura de su pa\u00eds. Stephen Poliakoff [&hellip;]<!-- AddThis Advanced Settings generic via filter on get_the_excerpt --><!-- AddThis Share Buttons generic via filter on get_the_excerpt --><\/p>\n","protected":false},"author":61,"featured_media":0,"comment_status":"open","ping_status":"closed","sticky":false,"template":"","format":"standard","meta":[],"categories":[24,5,8,30,34,16,18],"tags":[199,492,630,1211,1253,1357,1840,2567,2783],"_links":{"self":[{"href":"https:\/\/blogs.diariovasco.com\/series-gourmets\/wp-json\/wp\/v2\/posts\/5970"}],"collection":[{"href":"https:\/\/blogs.diariovasco.com\/series-gourmets\/wp-json\/wp\/v2\/posts"}],"about":[{"href":"https:\/\/blogs.diariovasco.com\/series-gourmets\/wp-json\/wp\/v2\/types\/post"}],"author":[{"embeddable":true,"href":"https:\/\/blogs.diariovasco.com\/series-gourmets\/wp-json\/wp\/v2\/users\/61"}],"replies":[{"embeddable":true,"href":"https:\/\/blogs.diariovasco.com\/series-gourmets\/wp-json\/wp\/v2\/comments?post=5970"}],"version-history":[{"count":0,"href":"https:\/\/blogs.diariovasco.com\/series-gourmets\/wp-json\/wp\/v2\/posts\/5970\/revisions"}],"wp:attachment":[{"href":"https:\/\/blogs.diariovasco.com\/series-gourmets\/wp-json\/wp\/v2\/media?parent=5970"}],"wp:term":[{"taxonomy":"category","embeddable":true,"href":"https:\/\/blogs.diariovasco.com\/series-gourmets\/wp-json\/wp\/v2\/categories?post=5970"},{"taxonomy":"post_tag","embeddable":true,"href":"https:\/\/blogs.diariovasco.com\/series-gourmets\/wp-json\/wp\/v2\/tags?post=5970"}],"curies":[{"name":"wp","href":"https:\/\/api.w.org\/{rel}","templated":true}]}}