{"id":6889,"date":"2017-09-06T07:01:44","date_gmt":"2017-09-06T06:01:44","guid":{"rendered":"http:\/\/blogs.diariovasco.com\/series-gourmets\/?p=6889"},"modified":"2017-09-06T00:32:30","modified_gmt":"2017-09-05T23:32:30","slug":"se-quien-eres-el-implacable-muro-del-maratoniano","status":"publish","type":"post","link":"https:\/\/blogs.diariovasco.com\/series-gourmets\/2017\/09\/06\/se-quien-eres-el-implacable-muro-del-maratoniano\/","title":{"rendered":"Se Qui\u00e9n Eres : El implacable muro del maratoniano"},"content":{"rendered":"<p>El panorama de las series televisivas espa\u00f1olas se encuentra en una interesante fase de transici\u00f3n entre el modelo tradicional de series de las cadenas generalistas que han acaparado el mercado interno desde el inicio de este siglo y las nuevas propuestas que est\u00e1n preparando las cadenas y servicios de pago, con un formato m\u00e1s internacional y con implicaci\u00f3n directa de muchos realizadores cinematogr\u00e1ficos en sus primeras incursiones televisivas.<\/p>\n<p>La serie m\u00e1s interesante de esta fase de transici\u00f3n ha sido sin lugar a dudas \u201cSe Qui\u00e9n Eres\u201d una propuesta muy ambiciosa tanto desde el punto de vista narrativo como t\u00e9cnico que ha intentado llevar un misterio de alta densidad y complejidad lejos de la zona de confort de la programaci\u00f3n de una cadena generalista como Telecinco, con resultados algo contradictorios.<\/p>\n<p>Por estas razones hemos querido utilizar para titular el articulo, la propia definici\u00f3n que hac\u00eda su creador Pau Freixas, al comparar la creaci\u00f3n de una pel\u00edcula con la de una serie en la que acertadamente dec\u00eda que una pel\u00edcula\u00a0era como una carrera de 100 mts, mientras que una serie se asemejaba a una marat\u00f3n.<\/p>\n<p>En esos t\u00e9rminos maratonianos \u201cSe qui\u00e9n eres\u201d se puede describir como una serie con una salida fulgurante a ritmo de pulverizar el r\u00e9cord nacional o incluso europeo hasta el paso de la media marat\u00f3n, donde empieza a notar el cansancio, para caer en el temido muro del maratoniano a partir del ep 11, para acabar absolutamente derrengada y exhausta, como les vamos a explicar a continuaci\u00f3n.<\/p>\n<p><strong><a href=\"https:\/\/static-blogs.diariovasco.com\/wp-content\/uploads\/sites\/37\/2017\/08\/cast-1-e1503489703759.jpg\"><img loading=\"lazy\" class=\"aligncenter size-full wp-image-6898\" src=\"https:\/\/static-blogs.diariovasco.com\/wp-content\/uploads\/sites\/37\/2017\/08\/cast-1-e1503489703759.jpg\" alt=\"cast\" width=\"560\" height=\"327\" \/><\/a>Ficha:<\/strong> S\u00e9 Qui\u00e9n Eres 16 episodios.70 min\u00a0\u00a0 Ene 2017- May 2017 -.<strong> Cadena:<\/strong> \u00a0Telecinco ( E)<\/p>\n<p><strong>Sinopsis:<\/strong>\u00a0Juan El\u00edas es un prestigioso abogado, socio de uno de los m\u00e1s importantes bufetes de su ciudad, que compagina dando\u00a0clases como profesor de un m\u00e1ster en la Universidad. Su vida sufre un vuelco total cuando aparece desorientado y amn\u00e9sico en medio de un bosque, tras haber sufrido un grave accidente de coche. Su situaci\u00f3n se complica cuando se descubre que su sobrina Ana ha desaparecido simult\u00e1neamente sin dejar rastro, tras haber sido vista en su compa\u00f1\u00eda.<\/p>\n<p>A partir de ese punto, se inician las investigaciones para conocer la verdad sobre todo lo sucedido y encontrar a la chica desaparecida, entre un enorme revuelo social y medi\u00e1tico, con el asunto de la amnesia de Juan como centro neur\u00e1lgico del misterio.<\/p>\n<p><strong>El inicio:<\/strong> El catal\u00e1n Pau Freixas es uno de los creadores m\u00e1s interesantes del panorama televisivo espa\u00f1ol tanto en su faceta de realizador como de guionista, estando involucrado de forma directa en las dos series m\u00e1s exportadas de los \u00faltimos a\u00f1os, sobre todo la catalana \u201cPolseres Vermelles\u201d con versiones en pa\u00edses tan importantes como Alemania, Italia o los EEUU y a nivel de realizaci\u00f3n con \u201cLos Misterios de Laura\u201d tambi\u00e9n con su correspondiente remake USA.<\/p>\n<p>Tras finalizar el rodaje de la 2T de \u201cPolseres Vermelles\u201d tuvo un grave problema de salud que le oblig\u00f3 a tomarse un peque\u00f1o descanso que le hizo replantearse ciertas cosas de su carrera. Al salir del hospital tuvo la idea germinal de \u201c S\u00e9 qui\u00e9n eres\u201d con la imagen poderosa del abogado amn\u00e9sico y el misterio de una persona desaparecida ligada al mismo personaje.<\/p>\n<p>Para desarrollar la idea, contact\u00f3 con el productor cinematogr\u00e1fico Carlos Fern\u00e1ndez de Filmax, para proponerle una asociaci\u00f3n, a cambio de la financiaci\u00f3n de una sala de guionistas de cuatro personas durante un a\u00f1o, para escribir la serie para su posterior venta a las cadenas, consiguiendo llegar a un acuerdo para hacerlo.<\/p>\n<p><a href=\"https:\/\/static-blogs.diariovasco.com\/wp-content\/uploads\/sites\/37\/2017\/08\/freixas-mercade-e1503489791871.jpg\"><img loading=\"lazy\" class=\"aligncenter size-full wp-image-6892\" src=\"https:\/\/static-blogs.diariovasco.com\/wp-content\/uploads\/sites\/37\/2017\/08\/freixas-mercade-e1503489791871.jpg\" alt=\"freixas-mercade\" width=\"560\" height=\"315\" \/><\/a>En el proceso de escritura de la serie, les surgi\u00f3 la oportunidad a Freixas ( der) y su mano derecha y coordinador de guiones Iv\u00e1n Mercad\u00e9 (izq) de presentar una serie a TV3, que aprovecharon para hacer una especie de remake a la barcelonesa de la exitosa serie brit\u00e1nica \u201cDates\u201d, que titularon \u201cCites\u201d, con algunas historias calcadas y otras totalmente originales dentro de ese formato de serie antol\u00f3gica.<\/p>\n<p>En paralelo, consiguieron vender su proyecto a Telecinco, donde tras arduas negociaciones consiguieron cerrar un formato \u201ca la coreana\u201d de 16 episodios con una duraci\u00f3n de 70 min, cerrando la historia de manera definitiva.<\/p>\n<p>De todas formas se produjo un desfase entre la producci\u00f3n de la serie y la negociaci\u00f3n con la cadena que hizo que se rodara en dos partes, la primera de diez episodios, mientras que los seis episodios finales se hicieron varios meses m\u00e1s tarde, lo que cre\u00f3 ciertos problemas con el crecimiento de algunos ni\u00f1os del reparto que en los escasos quince d\u00edas que duraba la trama en la ficci\u00f3n, crecieron casi un palmo en algunos casos.<\/p>\n<p>La serie ten\u00eda previsto su estreno para Septiembre de 2016 con la primera tanda de episodios, pero finalmente Telecinco decidi\u00f3 retrasarlo hasta el mes de Enero de este a\u00f1o, para emitir todos los cap\u00edtulos seguidos y evitar una espera que generalmente suele ser perjudicial para este tipo de misterios tan serielizados. El estreno vino acompa\u00f1ado de una promoci\u00f3n de intensidad media, por parte de la cadena con anuncios como el siguiente<br \/>\n<iframe loading=\"lazy\" src=\"https:\/\/www.youtube.com\/embed\/aahtvKc3RUs\" width=\"560\" height=\"315\" frameborder=\"0\" allowfullscreen=\"allowfullscreen\"><\/iframe><\/p>\n<p>La serie naci\u00f3 con una clara vocaci\u00f3n de venderse internacionalmente, por lo que fue presentada en todos los mercados televisivos mundiales, lo que les vali\u00f3 un r\u00e1pido acuerdo con HBO, para emitir los cap\u00edtulos en su plataforma en nuestro pa\u00eds, poco despu\u00e9s de su emisi\u00f3n en Telecinco, promocion\u00e1ndola con sus propios anuncios como el siguiente:<\/p>\n<p><iframe loading=\"lazy\" src=\"https:\/\/www.youtube.com\/embed\/nnI7jAQGdA0\" width=\"560\" height=\"315\" frameborder=\"0\" allowfullscreen=\"allowfullscreen\"><\/iframe><\/p>\n<p><strong>La trama:<\/strong> El desarrollo de la serie se centra b\u00e1sicamente en responder a dos preguntas que nos van a perseguir durante toda la serie \u00bfQue ha pasado con Ana Saura ? \u00bfQue ha hecho Juan El\u00edas antes del accidente?<\/p>\n<p>Estas dos preguntas que l\u00f3gicamente se encuentran relacionadas, se plantean desde las primeras escenas y sirven para desarrollar todas las tramas y personajes en torno a esos dos misterios, estructurados a cuatro niveles principales de personajes.<\/p>\n<p>Por un lado tenemos la familia de Juan El\u00edas, con su mujer Alicia una implacable juez, con la que tiene dos hijos adolescentes Marc y Julieta, que se encuentran con un padre amn\u00e9sico que no los recuerda y con el que todos deben rehacer sus deterioradas relaciones personales, como pueden ver en el siguiente v\u00eddeo que plantea esa pregunta de \u201c\u00bfQui\u00e9n es Juan El\u00edas?<br \/>\n<iframe loading=\"lazy\" src=\"https:\/\/www.youtube.com\/embed\/0i678q8kOSQ\" width=\"560\" height=\"315\" frameborder=\"0\" allowfullscreen=\"allowfullscreen\"><\/iframe><br \/>\nEn un segundo plano tenemos a la familia de la desaparecida Ana, formada por su padre Ram\u00f3n que es el decano de la facultad, su madrastra Silvia, hermana de la jueza Alicia y su hermanastro Pol, con una din\u00e1mica familiar interior bastante especial, como explican en el siguiente v\u00eddeo descriptivo de las dos familias<br \/>\n<iframe loading=\"lazy\" src=\"https:\/\/www.youtube.com\/embed\/e4oMEzpLiyw\" width=\"560\" height=\"315\" frameborder=\"0\" allowfullscreen=\"allowfullscreen\"><\/iframe><br \/>\nEn un tercer nivel tenemos el apartado legal, con un joven bufete de abogados que es contratado por la familia de la desaparecida, para llevar la acusaci\u00f3n particular del caso contra el principal sospechoso de la desaparici\u00f3n que no es otro que Juan El\u00edas, pero que como mandan las reglas del g\u00e9nero est\u00e1n mucho m\u00e1s implicados personalmente que su\u00a0supuesta independencia inicial<\/p>\n<p>A ese mismo nivel legal tenemos el bufete de Juan El\u00edas, con su socio Heredia, que demuestra ser tan fiable como un tuitero dando explicaciones a los diez minutos de cualquier crisis, con enormes luchas de poder internas, que la amnesia de su socio van a disparar hasta l\u00edmites insospechados.<\/p>\n<p>Por \u00faltimo tenemos a los encargados de la investigaci\u00f3n policial y judicial con los inspectores y la fiscal \u00a0del caso, intentando aclararse dentro de la enorme mara\u00f1a familiar y profesional que oscurece e impide la resoluci\u00f3n de las dos preguntas b\u00e1sicas.<\/p>\n<p>\u201cS\u00e9 qui\u00e9n eres\u201d tiene como valores principales una impecable presentaci\u00f3n inicial de las historias, que realmente me incitaba como espectador a querer saber mucho m\u00e1s de ambos misterios y estar totalmente dispuesto a jugar a la propuesta inteligente que hacen sus creadores, aderezados con unos brillantes cliffhangers al final de cada episodio, para dejar la tensi\u00f3n y la sorpresa del espectador en todo lo alto.<\/p>\n<p>A todo esto tenemos que a\u00f1adir una enorme factura t\u00e9cnica a todos los niveles empezando por unos exteriores sugerentes y diferentes a los habituales, con una presencia impl\u00edcita en Barcelona y sus alrededores,pero sin nombrarla de forma explicita ni recurrir a los escenarios habituales de postal para buscar una f\u00e1cil identificaci\u00f3n de la ciudad.<\/p>\n<p>El resultado es una serie de una factura muy moderna y actual que entra directamente por los ojos, completamente equiparable a las producciones europeas de alta gama que es su competencia natural y solo por estas razones ya se merece toda mi consideraci\u00f3n positiva por el esfuerzo realizado y conseguido.<\/p>\n<p>La serie sigue una trayectoria ascendente hasta el final de la primera parte de la serie, que componen el tr\u00edptico de los cap\u00edtulos 8 a 10, hasta llegar a un punto clave de la historia, que resuelven de una forma tan inveros\u00edmil y perd\u00f3nenme la expresi\u00f3n, chapucera, que para m\u00ed desluci\u00f3 completamente todo el enorme esfuerzo realizado hasta llegar a ese punto de inflexi\u00f3n de la historia, que no les pienso desvelar para no chafarles la sorpresa.<\/p>\n<p>A partir de ah\u00ed, la serie entra en una espiral descendente, dando vueltas en c\u00edrculos y bucles sin avanzar apenas en los misterios centrales, estirando la trama con historias secundarias y terciarias con mucho menos inter\u00e9s que en su tramo inicial.<\/p>\n<p>En este punto la larga duraci\u00f3n de los cap\u00edtulos, que era tolerable en su fase inicial por su calidad, empezaba a hacer mella en las resistencias m\u00e1s voluntariosas, con especial \u00e9nfasis en los dos episodios finales de 90 y 100 minutos, una longitud a todas luces desmesurada para lo que cuentan y sobre todo por como lo cuentan.<\/p>\n<p>A nivel de actuaciones, tenemos un poco de todo como en botica, bastante mejor los actores veteranos que los m\u00e1s j\u00f3venes, con alg\u00fan caso concreto ( Marti\u00f1o y Alex) donde un 90% de sus frases son a grito pelado, sin matizar nada, por lo que imagino lo mal que lo debe haber pasado el pobre t\u00e9cnico de sonido en las escenas que compart\u00edan ambos con el tono suave y casi susurrante del protagonista Francesc Garrido, para ecualizar tonos en los extremos del volumen sonoro.<\/p>\n<p>Por estas razones \u201cS\u00e9 qui\u00e9n eres\u201d me ha dejado sensaciones encontradas, por un lado la satisfacci\u00f3n de comprobar que se puede plantear en nuestro pa\u00eds una serie de misterio estilo \u201cnordic noir\u201d de forma brillante y plenamente exportable, con una elevada factura t\u00e9cnica y hacerlo durante m\u00e1s de la mitad de su duraci\u00f3n ( aproximadamente los diez episodios iniciales).<\/p>\n<p>Pero por otro lado la poca traza de su tramo final, incluyendo el propio cierre de la historia, me ha enfriado bastante la valoraci\u00f3n global, a pesar de ser positiva por lo que significa a nivel industrial y comercial.<\/p>\n<p>En el making off de la serie pueden comprobar estos detalles t\u00e9cnicos que les he estado indicando en el desarrollo del art\u00edculo.<br \/>\n<iframe loading=\"lazy\" src=\"https:\/\/www.youtube.com\/embed\/UhLjdlxs62U\" width=\"560\" height=\"315\" frameborder=\"0\" allowfullscreen=\"allowfullscreen\"><\/iframe><\/p>\n<p><strong>Los actores:<\/strong> La actuaci\u00f3n de Francesc Garrido como el protagonista Juan El\u00edas, me ha dejado algo desconcertado por el tono monocorde que ha tenido desde el principio hasta el final, impasible ante todos los sucesos que le ocurr\u00edan tanto a \u00e9l como a su entorno familiar y profesional, sin poder distinguir si est\u00e1bamos ante una reencarnaci\u00f3n de Maquiavelo o un ingenuo de mucho cuidado.<\/p>\n<p>Ese tono me pareci\u00f3 ideal para la parte inicial de la trama, para mantener su enigm\u00e1tica personalidad a salvo de todo el mundo, pero con el cambio de tercio en el tramo final, no me pareci\u00f3 la m\u00e1s elecci\u00f3n m\u00e1s acertada, dada su falta de empat\u00eda con todo el mundo, que alejaba al p\u00fablico de su personaje.<\/p>\n<p><a href=\"https:\/\/static-blogs.diariovasco.com\/wp-content\/uploads\/sites\/37\/2017\/08\/garrido.jpg\"><img loading=\"lazy\" class=\"size-full wp-image-6893\" src=\"https:\/\/static-blogs.diariovasco.com\/wp-content\/uploads\/sites\/37\/2017\/08\/garrido-e1503489775255.jpg\" alt=\"TELETODO TELEVISION entrevista con Francesc Garrido por la serie Se quien eres\" width=\"560\" height=\"313\" \/><\/a><\/p>\n<p>Francesc Garrido es un actor con una larga trayectoria tanto en series de \u00e1mbito estatal como en la catalana TV3, pero casi siempre en papeles secundarios de nivel, de esos que apuntalan un reparto como en \u201cGran Reserva\u201d o \u201cIsabel\u201d , ademas de compaginarlo con numerosos papeles cinematogr\u00e1ficos y teatrales, pero que no le hab\u00edan dado la popularidad de su primer protagonista importante en una serie.<\/p>\n<p>Blanca Portillo es sin duda alguna, una de las mejores actrices del panorama espa\u00f1ol, como demuestra mostrando toda una gama de matices en el papel de la jueza Alicia Castro, la mujer de Juan El\u00edas, una mujer atrapada entre sus obligaciones legales y familiares, que le van a obligar a tomar decisiones bastantes complicadas, que la gran actuaci\u00f3n de Blanca hacen completamente cre\u00edbles por dif\u00edciles de justificar que sean.<\/p>\n<p><a href=\"https:\/\/static-blogs.diariovasco.com\/wp-content\/uploads\/sites\/37\/2017\/08\/portillo-e1503489757599.jpg\"><img loading=\"lazy\" class=\"aligncenter size-full wp-image-6894\" src=\"https:\/\/static-blogs.diariovasco.com\/wp-content\/uploads\/sites\/37\/2017\/08\/portillo-e1503489757599.jpg\" alt=\"portillo\" width=\"560\" height=\"297\" \/><\/a>La trayectoria de Blanca tuvo sus inicios en el teatro, que es su verdadera pasi\u00f3n, pero no fue conocida hasta que le dieron un Goya a la actriz revelaci\u00f3n a sus treinta y cuatro a\u00f1os, una edad donde algunas ya pasan de eterna promesa a joven veterana. Su gran espaldarazo fue su aparici\u00f3n en la comedia televisiva \u201cSiete Vidas\u201d, de donde pas\u00f3 a ser chica Almodovar en \u201cVolver\u201d, para alternar obras teatrales de alto calado, con papeles televisivos mejor remunerados.<\/p>\n<p>Aida Folch fue una buena elecci\u00f3n para el personaje de la abogada Eva Vidal, encargada de la acusaci\u00f3n particular contra el sospechoso principal y con sus propios demonios personales que ir\u00e1n aflorando con el paso del tiempo. Su personaje me ha parecido el metr\u00f3nomo de la serie, marcando con su presencia las historias m\u00e1s interesantes de la serie y con sus escasas apariciones en la segunda parte, el tramo m\u00e1s indigesto al perder mucho protagonismo.<\/p>\n<p>La intensidad que Folch le daba a su papel era importante para marcar su papel clave en las investigaciones y me ha parecido muy convincente, con \u00a0un original aire a lo Jean Seberg tanto en su apariencia como en su composici\u00f3n del personaje, poco habitual en nuestras pantallas.<\/p>\n<p><a href=\"https:\/\/static-blogs.diariovasco.com\/wp-content\/uploads\/sites\/37\/2017\/08\/folch-e1503489730530.jpg\"><img loading=\"lazy\" class=\"aligncenter size-full wp-image-6891\" src=\"https:\/\/static-blogs.diariovasco.com\/wp-content\/uploads\/sites\/37\/2017\/08\/folch-e1503489730530.jpg\" alt=\"folch\" width=\"560\" height=\"380\" \/><\/a>La reusense debut\u00f3 a lo grande como adolescente en pel\u00edculas como \u201cEl Embrujo de Shangai\u201d y \u201c Los Lunes al Sol\u201d, para dar el paso a papeles m\u00e1s adultos con una estancia de varios a\u00f1os en la incombustible \u201cCu\u00e9ntame\u201d y llegar a este personaje que es un importante paso adelante en su carrera.<\/p>\n<p>El bufete de abogados donde trabaja Eva Vidal es uno de los puntos importantes de la serie, donde trabaja con su jefe David Vila, interpretado por Carles Francino, apoyados por un investigador y arreglalotodo Adri\u00e1n ( Biel Duran) y la secretaria del bufete M\u00f3nica (Diana G\u00f3mez)<\/p>\n<p><a href=\"https:\/\/static-blogs.diariovasco.com\/wp-content\/uploads\/sites\/37\/2017\/08\/bufete-francino.jpg\"><img loading=\"lazy\" class=\"aligncenter size-full wp-image-6897\" src=\"https:\/\/static-blogs.diariovasco.com\/wp-content\/uploads\/sites\/37\/2017\/08\/bufete-francino.jpg\" alt=\"bufete-francino\" width=\"550\" height=\"300\" srcset=\"https:\/\/static-blogs.diariovasco.com\/wp-content\/uploads\/sites\/37\/2017\/08\/bufete-francino.jpg 550w, https:\/\/static-blogs.diariovasco.com\/wp-content\/uploads\/sites\/37\/2017\/08\/bufete-francino-300x164.jpg 300w\" sizes=\"(max-width: 550px) 100vw, 550px\" \/><\/a>El personaje con m\u00e1s relevancia es el de Carles Francino, pero por desgracia era el que m\u00e1s chirriaba de todo el reparto, como un abogado mujeriego, m\u00e1s relaciones p\u00fablicas que h\u00e1bil con la toga, cuya principal virtud era acostarse con casi todas las mujeres del reparto, sin aportar apenas nada al desarrollo de las tramas principales en las que tiene un papel mucho m\u00e1s marginal que lo que su abundante presencia en escena hace presagiar.<\/p>\n<p>Los actores j\u00f3venes del reparto Marti\u00f1o Rivas, Susana Abaitua y Alex Monner que encarnaban a Marc, el hijo de Juan El\u00edas, la desaparecida Ana Saura y su hermanastro Pol, respectivamente hacen unas interpretaciones cortadas por el mismo patr\u00f3n que es el elevado n\u00famero de decibelios con el que pronunciaban todas y cada una de sus frases.<\/p>\n<p>Su\u00a0 intensidad \u00a0era m\u00e1s parecida a la del mon\u00f3logo que se \u00a0debe hacer para entrar en el Instituto del Teatro para demostrar que pueden ser grandes actores que en lo que en mi opini\u00f3n requer\u00edan sus\u00a0personajes.<\/p>\n<p><a href=\"https:\/\/static-blogs.diariovasco.com\/wp-content\/uploads\/sites\/37\/2017\/08\/tres-chavales-e1503489660938.jpg\"><img loading=\"lazy\" class=\"aligncenter size-full wp-image-6896\" src=\"https:\/\/static-blogs.diariovasco.com\/wp-content\/uploads\/sites\/37\/2017\/08\/tres-chavales-e1503489660938.jpg\" alt=\"tres-chavales\" width=\"560\" height=\"532\" \/><\/a><\/p>\n<p>Tengo que reconocer que con el paso de los episodios les empec\u00e9 a coger una cierta tirria a las escenas en que aparec\u00edan ambos actores, por ese griter\u00edo continuo, mientras que Susana al aparecer exclusivamente en flashbacks era algo m\u00e1s tolerable.<\/p>\n<p>Antonio Dechent es uno de los actores secundarios m\u00e1s solventes del panorama espa\u00f1ol y aqu\u00ed lo vuelve a demostrar como la sanguijuela rastrera que es Heredia el socio de Juan El\u00edas en su bufete. Es un tipo de papel que le va como a anillo al dedo a Dechent, con ese punto socarr\u00f3n que suele dar a sus interpretaciones de personajes complicados y a ser posible sin demasiados escr\u00fapulos.<\/p>\n<p><a href=\"https:\/\/static-blogs.diariovasco.com\/wp-content\/uploads\/sites\/37\/2017\/08\/dechent-e1503489813698.jpg\"><img loading=\"lazy\" class=\"aligncenter size-full wp-image-6890\" src=\"https:\/\/static-blogs.diariovasco.com\/wp-content\/uploads\/sites\/37\/2017\/08\/dechent-e1503489813698.jpg\" alt=\"dechent\" width=\"560\" height=\"375\" \/><\/a>El sevillano Dechent lleva treinta a\u00f1os trabajando de forma continua, desde su debut con las pel\u00edculas de \u201cEl Lute\u201d, trabajando con los principales directores espa\u00f1oles siempre en un segundo plano, pero necesario para que destaquen las estrellas, si no se las come con patatas a poco que se descuiden.<\/p>\n<p>El apartado policial de la serie lo cubren Eva Santolaria como la fiscal Marta Hess y Pep\u00f3n Nieto como el inspector Giralt, que no me han parecido los personajes mejor evolucionados de la serie con algunos bandazos creativos que me han hecho fruncir el ce\u00f1o, sin entrar en temas del funcionamiento del sistema legal que desconozco, pero que algunos amigos abogados no me han comentado en t\u00e9rminos elogiosos.<\/p>\n<p><a href=\"https:\/\/static-blogs.diariovasco.com\/wp-content\/uploads\/sites\/37\/2017\/08\/santolaria-nieto-e1503489683796.jpg\"><img loading=\"lazy\" class=\"aligncenter size-full wp-image-6895\" src=\"https:\/\/static-blogs.diariovasco.com\/wp-content\/uploads\/sites\/37\/2017\/08\/santolaria-nieto-e1503489683796.jpg\" alt=\"santolaria-nieto\" width=\"560\" height=\"315\" \/><\/a>Eva Santolaria a pesar de llevar trabajando m\u00e1s de dos d\u00e9cadas como actriz con papeles importantes tanto en TV3 como en las cadenas nacionales, sigue siendo reconocida casi exclusivamente por su personaje de Valle en la serie \u201cCompa\u00f1eros\u201d, que le dio una inusitada popularidad por el bombazo que represent\u00f3 esa serie juvenil, que ni interesantes papeles posteriores en \u201cSiete Vidas\u201d o \u201c Los misterios de Laura\u201d han conseguido borrar de la memoria de mucha gente, lo que es una pena porque es una actriz con bastante m\u00e1s recorrido.<\/p>\n<p>Pep\u00f3n Nieto es otro rostro muy popular por su presencia en series de gran \u00e9xito como \u201cPeriodistas\u201d y \u201cLos Hombres de Paco\u201d, pero aqu\u00ed le ha tocado un personaje muy desdibujado, con algunos rasgos de su vida personal apenas esbozados y sin continuidad, ademas de ir siempre a remolque de los acontecimientos, como un inspector bastante in\u00fatil y desbordado en su trabajo.<\/p>\n<p>Tenemos m\u00e1s actores importantes en la serie como Nacho Novo o Mar Sodupe pero lo vamos a dejar en este punto para no extendernos demasiado.<\/p>\n<p><strong>Final :<\/strong> \u201cS\u00e9 qui\u00e9n eres\u201d est\u00e1 teniendo una excelente carrera internacional con ventas en diversos pa\u00edses, entre los que cabe destacar la todopoderosa BBC, que ha adquirido la serie para su pase en su prestigioso escaparate de series europeas de la BBC4 los s\u00e1bados por la noche, por donde ha pasado todo lo mejor de la ficci\u00f3n europea que tanto admiramos ( Borgen, Bron, Les Revenants, etc) .<\/p>\n<p>Su emisi\u00f3n ha sido algo extra\u00f1a porque la han dividido en dos partes, acabando recientemente de emitir los diez primeros en pases\u00a0dobles, dejando el resto para m\u00e1s adelante. Les vamos a dejar con \u00a0su trailer de promoci\u00f3n en el Reino Unido, donde ha tenido unas cr\u00edticas bastante favorables en su tramo inicial.<br \/>\n<iframe loading=\"lazy\" src=\"https:\/\/www.youtube.com\/embed\/ZVWUkvaEMYw\" width=\"560\" height=\"315\" frameborder=\"0\" allowfullscreen=\"allowfullscreen\"><\/iframe><br \/>\nEsperamos sus opiniones y comentarios, aqu\u00ed o en nuestra cuenta de twitter (@lmejino). Hasta la pr\u00f3xima<\/p>\n<p>Lorenzo Mejino<\/p>\n<!-- AddThis Advanced Settings generic via filter on the_content --><!-- AddThis Share Buttons generic via filter on the_content -->","protected":false},"excerpt":{"rendered":"<p>El panorama de las series televisivas espa\u00f1olas se encuentra en una interesante fase de transici\u00f3n entre el modelo tradicional de series de las cadenas generalistas que han acaparado el mercado interno desde el inicio de este siglo y las nuevas propuestas que est\u00e1n preparando las cadenas y servicios de pago, con un formato m\u00e1s internacional [&hellip;]<!-- AddThis Advanced Settings generic via filter on get_the_excerpt --><!-- AddThis Share Buttons generic via filter on get_the_excerpt --><\/p>\n","protected":false},"author":61,"featured_media":0,"comment_status":"open","ping_status":"closed","sticky":false,"template":"","format":"standard","meta":[],"categories":[5,6,10,12],"tags":[3429,3433,3434,439,3430,3428,3431,3427,3426,3432],"_links":{"self":[{"href":"https:\/\/blogs.diariovasco.com\/series-gourmets\/wp-json\/wp\/v2\/posts\/6889"}],"collection":[{"href":"https:\/\/blogs.diariovasco.com\/series-gourmets\/wp-json\/wp\/v2\/posts"}],"about":[{"href":"https:\/\/blogs.diariovasco.com\/series-gourmets\/wp-json\/wp\/v2\/types\/post"}],"author":[{"embeddable":true,"href":"https:\/\/blogs.diariovasco.com\/series-gourmets\/wp-json\/wp\/v2\/users\/61"}],"replies":[{"embeddable":true,"href":"https:\/\/blogs.diariovasco.com\/series-gourmets\/wp-json\/wp\/v2\/comments?post=6889"}],"version-history":[{"count":4,"href":"https:\/\/blogs.diariovasco.com\/series-gourmets\/wp-json\/wp\/v2\/posts\/6889\/revisions"}],"predecessor-version":[{"id":6966,"href":"https:\/\/blogs.diariovasco.com\/series-gourmets\/wp-json\/wp\/v2\/posts\/6889\/revisions\/6966"}],"wp:attachment":[{"href":"https:\/\/blogs.diariovasco.com\/series-gourmets\/wp-json\/wp\/v2\/media?parent=6889"}],"wp:term":[{"taxonomy":"category","embeddable":true,"href":"https:\/\/blogs.diariovasco.com\/series-gourmets\/wp-json\/wp\/v2\/categories?post=6889"},{"taxonomy":"post_tag","embeddable":true,"href":"https:\/\/blogs.diariovasco.com\/series-gourmets\/wp-json\/wp\/v2\/tags?post=6889"}],"curies":[{"name":"wp","href":"https:\/\/api.w.org\/{rel}","templated":true}]}}