{"id":6916,"date":"2017-09-01T07:01:24","date_gmt":"2017-09-01T06:01:24","guid":{"rendered":"http:\/\/blogs.diariovasco.com\/series-gourmets\/?p=6916"},"modified":"2017-09-01T00:01:56","modified_gmt":"2017-08-31T23:01:56","slug":"sleeper-cell-infiltrarse-en-una-celula-terrorista-durmiente","status":"publish","type":"post","link":"https:\/\/blogs.diariovasco.com\/series-gourmets\/2017\/09\/01\/sleeper-cell-infiltrarse-en-una-celula-terrorista-durmiente\/","title":{"rendered":"Sleeper Cell : Infiltrarse en una c\u00e9lula terrorista  durmiente"},"content":{"rendered":"<p>Nuestra semana tem\u00e1tica dedicada a las series centradas en el\u00a0terrorismo isl\u00e1mico va a tener su colof\u00f3n con \u201cSleeper Cell\u201d una interesante propuesta\u00a0que fue la primera serie estadounidense\u00a0que tuvo un protagonista de fe musulmana, emitida apenas cuatro a\u00f1os despu\u00e9s de los atentados del 11-S.<\/p>\n<p>El tema de una c\u00e9lula terrorista durmiente en suelo americano, ya despert\u00f3 muchos recelos en pol\u00edticos y centros de poder conservadores con las primeras muestras de esa censura preventiva que cada vez va ganando m\u00e1s adeptos. Estas pol\u00e9micas han sido un nexo com\u00fan de todas las series que les hemos presentado esta semana independientemente de su origen con presiones de uno y otro bando si no se siguen sus visiones personales del tema.<\/p>\n<p>La miniserie tuvo una acogida bastante buena por parte de la cr\u00edtica que incluso le vali\u00f3 conseguir una nominaci\u00f3n a los Emmy como mejor miniserie, lo que tiene un mayor m\u00e9rito al tratar un tema tan poco comercial e inc\u00f3modo a priori, pero \u00a0como les voy a presentar a continuaci\u00f3n, tiene muchos m\u00e1s m\u00e9ritos que su nula difusi\u00f3n en nuestro pa\u00eds le ha podido otorgar, ademas de ser un broche\u00a0perfecto para\u00a0esta semana tem\u00e1tica dedicada a uno de los principales problemas globales de la actualidad.<\/p>\n<p><strong><a href=\"https:\/\/static-blogs.diariovasco.com\/wp-content\/uploads\/sites\/37\/2017\/08\/portada-e1504006006995.jpg\"><img loading=\"lazy\" class=\"aligncenter size-full wp-image-6923\" src=\"https:\/\/static-blogs.diariovasco.com\/wp-content\/uploads\/sites\/37\/2017\/08\/portada-e1504006006995.jpg\" alt=\"portada\" width=\"560\" height=\"315\" \/><\/a>Ficha:<\/strong> Sleeper Cell 18 episodios\u00a0\u00a0 Dic 2005 &#8211; Dic 2006 \u00a0<strong>Cadena:<\/strong> Showtime (USA) &#8211;<\/p>\n<p><strong>Sinopsis:<\/strong>\u00a0 Darwyn Al-Sayeed es un agente del FBI que debido a su fe musulmana es elegido para trabajar en una misi\u00f3n encubierta para infiltrarse en una posible c\u00e9lula durmiente terrorista que puede estar preparando un atentado de gran envergadura en suelo estadounidense.<\/p>\n<p>La serie empieza con\u00a0\u00a0el proceso inicial de infiltraci\u00f3n y sigue con todo su trabajo para desarticular la c\u00e9lula desde dentro y evitar el atentado, mientras intenta mantener su vida normal fuera de la c\u00e9lula, para evitar toda sospecha.<\/p>\n<p><strong>El inicio:<\/strong> Ethan Reiff (izq) y Cyrus Voris ( der) son dos veteranos guionistas que se conocieron en la universidad en 1987 y empezaron a escribir juntos tanto para cine como para televisi\u00f3n, sin conseguir pasar nunca de una segunda fila bien remunerada pero sin grandes \u00e9xitos, aunque crearon series tan interesantes como \u201cBrimstone\u201d sobre un detective de polic\u00eda muerto que va al infierno para ser devuelto a la tierra para recuperar esp\u00edritus mal\u00e9ficos huidos.<\/p>\n<p><a href=\"https:\/\/static-blogs.diariovasco.com\/wp-content\/uploads\/sites\/37\/2017\/08\/reiff-voris-e1504005909879.jpg\"><img loading=\"lazy\" class=\"aligncenter size-full wp-image-6917\" src=\"https:\/\/static-blogs.diariovasco.com\/wp-content\/uploads\/sites\/37\/2017\/08\/reiff-voris-e1504005909879.jpg\" alt=\"reiff-voris\" width=\"560\" height=\"337\" \/><\/a>Tras los atentados del 11-S que conmocionaron a todo el mundo, Reiff de origen judio, reconoci\u00f3 haber tenido un fuerte sentimiento anti-musulman, hasta que vi\u00f3 en una aparici\u00f3n televisiva a su \u00eddolo deportivo Muhammad Ali, salir condenando los atentados y en defensa de su religi\u00f3n musulmana, alegando que no todos eran iguales.<\/p>\n<p>Ese sentimiento contradictorio que tuvo en ese momento, le pareci\u00f3 que pod\u00eda ser el punto de partida para alguna historia interesante que empez\u00f3 a desarrollar con su socio Voris, a pesar de su desconocimiento casi absoluto de la religi\u00f3n musulmana, por sus origenes judio y protestante respectivamente.<\/p>\n<p>Ambos empezaron a investigar y decidieron que un agente musulman en el FBI luchando desde dentro contra los terroristas era un punto de vista novedoso y muy arriesgado con muchas posibilidades. Cuando empezaron a vender su idea, las negativas de las cadenas fueron constantes hasta que lleg\u00f3 su propuesta a Showtime, en plena lucha con su rival de pago HBO, para hacer series m\u00e1s arriesgadas y menos convencionales y les encarg\u00f3 una temporada cerrada de 10 episodios.<\/p>\n<p>Con el inicio del rodaje empezaron a escucharse murmullos y las primeras protestas, sobre la posibilidad de hacer una serie que fuera una apolog\u00eda del terrorismo ( la misma historia de siempre), antes de ver una sola imagen de la misma. Pero desoyendo esas voces, la cadena Showtime decidi\u00f3 titular la miniserie como \u201cSleeper Cell\u201d con el slogan \u201cAmigos, Vecinos, Maridos, Terroristas) para reforzar esa imagen de la celula durmiente a la que pod\u00eda permanecer cualquiera.<\/p>\n<p>De hecho una elecci\u00f3n consciente fue elegir unos terroristas alejados del estereotipo \u00e1rabe, incluso con americanos rubios y conversos al islam como miembros de la c\u00e9lula terrorista y mostrar que las apariencias nos pueden enga\u00f1ar.<\/p>\n<p>El trailer no dejaba ninguna duda de que la serie no iba a ser precisamente complaciente mostrando un atentado en pleno centro de una gran ciudad, como anzuelo visual.<br \/>\n<iframe loading=\"lazy\" src=\"https:\/\/www.youtube.com\/embed\/HE4hvbnuRnA\" width=\"560\" height=\"315\" frameborder=\"0\" allowfullscreen=\"allowfullscreen\"><\/iframe><br \/>\nEn una estrategia arriesgada Showtime apost\u00f3 por emitir la 1T a modo de evento especial durante diez d\u00edas seguidos en dos semanas, en una \u00e9poca tan poco comercial como las semanas previas a Navidad, cuando casi toda la programaci\u00f3n televisiva entra en hibernaci\u00f3n desde Acci\u00f3n de Gracias por considerar que el periodo de compras resta audiencia a sus series m\u00e1s populares, anunci\u00e1ndola con promociones como la siguiente.<br \/>\n<iframe loading=\"lazy\" src=\"https:\/\/www.youtube.com\/embed\/DRWoiX8gbn0\" width=\"560\" height=\"315\" frameborder=\"0\" allowfullscreen=\"allowfullscreen\"><\/iframe><br \/>\nLa cr\u00edtica la recibi\u00f3 bastante bien, sorprendida por el riesgo que hab\u00edan tomado en hacer una serie sobre una tema tan sensible y que tantas susceptibilidades despertaba en 2005, apenas cuatro a\u00f1os despu\u00e9s de los atentados y encima con un h\u00e9roe musulm\u00e1n como protagonista.<\/p>\n<p>Su cabecera dejaba a las claras que no se trataba de una serie convencional<br \/>\n<iframe loading=\"lazy\" src=\"https:\/\/www.youtube.com\/embed\/xX6fOSf5IVU\" width=\"560\" height=\"315\" frameborder=\"0\" allowfullscreen=\"allowfullscreen\"><\/iframe><br \/>\n<strong>La trama:<\/strong> La miniserie se centra casi exclusivamente en la 1T en el recorrido personal de Darwyn que empieza en el momento en que su supervisor le encarga infiltrarse en una organizaci\u00f3n religiosa de la que sospechan que puede tener una c\u00e9lula terrorista durmiente, dirigida por un fan\u00e1tico extremista que aparenta ser un hombre de negocios jud\u00edo, como la fachada perfecta para organizar el atentado.<\/p>\n<p>En los primeros episodios, Darwyn entra en contacto con ellos, aprovechando sus contactos en la mezquita local, para localizarlos y ganarse la confianza tanto del jefe como del resto de miembros de la c\u00e9lula y enterarse de sus planes.<\/p>\n<p>En paralelo tenemos retazos de la vida privada de Darwyn, casi inexistente hasta que conoce una joven divorciada con un hijo peque\u00f1o, con la que empieza a intimar pero a la que debe ocultar su verdadero trabajo.<\/p>\n<p>Como hemos comentado la c\u00e9lula est\u00e1 formada por personas de origen cauc\u00e1sico a ambos lados del oc\u00e9ano que han abrazado el islam y tienen la fe del converso que suele ser m\u00e1s ciega que la de las personas criadas en una religi\u00f3n como ha sido el caso de Darwyn. Todos ellos siempre en gran \u00a0tensi\u00f3n debido a que en todo momento \u00a0gravita la sombra de la sospecha del jefe de la c\u00e9lula Farik, por posibles traidores o infiltrados.<\/p>\n<p>La presentaci\u00f3n del protagonista quiere dejar muy claro desde el principio que es un musulm\u00e1n \u201cde los buenos\u201d que no duda en defender a los inocentes de injusticias aunque est\u00e9 fuera de servicio como establecen en el episodio piloto, con esta pelea en el metro de Darwyn contra un grupo de j\u00f3venes gamberros que atacan a un sikh en el metro para ganarse la simpat\u00eda del p\u00fablico.<br \/>\n<iframe loading=\"lazy\" src=\"https:\/\/www.youtube.com\/embed\/1U6wsAoB9zU\" width=\"560\" height=\"315\" frameborder=\"0\" allowfullscreen=\"allowfullscreen\"><\/iframe><br \/>\nEl motor principal era la lucha interna de Darwyn entre sus propias creencias musulmanes y la repulsa que le produc\u00eda tener que colaborar con personas que utilizaban su fe para matar inocentes en nombre de la misma, con esa obligaci\u00f3n de disimular lo que no era, para desmantelar sus intentos con el deber de informar a sus superiores sin destapar su identidad secreta<\/p>\n<p>La 1T mantiene un in-crescendo continuo hasta los episodios finales de alt\u00edsima tensi\u00f3n con un final inesperado que nos mantiene en vilo hasta el \u00faltimo momento por la importancia del atentado que quieren perpetrar cerrando de forma muy satisfactoria las tramas.<\/p>\n<p>Los creadores de la serie no ten\u00edan prevista su continuidad en un principio, pero ante las buenas cr\u00edticas y su nominaci\u00f3n a los Emmy, fueron sondeados por Showtime sobre la posibilidad de continuar la historia y accedieron a seguir las historias de los supervivientes en un formato m\u00e1s corto de ocho cap\u00edtulos renombrada como \u201cSleeper Cell: American Terror\u201d y con el slogan \u201cCiudades, Suburbios, Aeropuertos y Objetivos\u201d con una renovada cabecera.<br \/>\n<iframe loading=\"lazy\" src=\"https:\/\/www.youtube.com\/embed\/NHu3m_Rktpo\" width=\"560\" height=\"315\" frameborder=\"0\" allowfullscreen=\"allowfullscreen\"><\/iframe><\/p>\n<p>La continuaci\u00f3n no estuvo a la altura de la entrega inicial, porque no funcion\u00f3 la premisa de convertir a Darwyn en el nuevo jefe de la c\u00e9lula terrorista, reclutando a nuevos conversos, para conocer los planes de los jefes en Oriente Medio, \u00a0abortarlos e intentar llegar a los responsables.<\/p>\n<p>Todo ello complicado por la presencia de algunos supervivientes de la c\u00e9lula inicial que a\u00f1aden m\u00e1s peligro a la tapadera del agente musulm\u00e1n del FBI en una especie de reset con efectos residuales de la historia inicial.<\/p>\n<p>Los cambios en sus supervisores tampoco ayudaron mucho a hilvanar una historia mucho peor engarzada que la 1T, como pueden comprobar en la siguiente escena donde est\u00e1 informando a su nuevo supervisor de la misi\u00f3n, un pat\u00e1n del FBI de mucho cuidado.<br \/>\n<iframe loading=\"lazy\" src=\"https:\/\/www.youtube.com\/embed\/l0eVCjhIfMI\" width=\"560\" height=\"315\" frameborder=\"0\" allowfullscreen=\"allowfullscreen\"><\/iframe><br \/>\nLa 1T me encant\u00f3, tanto por la n0vedad de una propuesta tan arriesgada como por la enorme tensi\u00f3n conseguida por los antagonistas principales, el agente infiltrado y el jefe de la c\u00e9lula, en un gran juego del gato y el rat\u00f3n con los roles intercambiados en muchas ocasiones, que en unos escasos diez episodios ten\u00eda la duraci\u00f3n ideal para la historia que quer\u00edan explicar, aderezada ademas con elevadas dosis de sexo y violencia que Showtime se puede permitir incluir.<\/p>\n<p>La presencia de escritores musulmanes en la sala de guionistas le daba un toque de veracidad y autenticidad en las historias muy importante para mostrar otros aspectos de esa religi\u00f3n, huyendo del manique\u00edsmo de cristianos buenos- musulmanes malos que es el planteamiento f\u00e1cil y evidente en muchos ejemplos de estas ficciones ( piensen en \u201c24\u201d o \u201cHomeland\u201d por ejemplo).<\/p>\n<p>Ya hemos comentado que ese planteamiento m\u00e1s abierto del esperado por muchas personas le granje\u00f3 bastantes protestas e incluso el boicot de algunos colectivos ultraconservadores, pero el car\u00e1cter de cadena de pago de Showtime, no posibilita que estas campa\u00f1as lleguen a anunciantes dejando en manos de sus suscriptores la decisi\u00f3n final.<\/p>\n<p><a href=\"https:\/\/static-blogs.diariovasco.com\/wp-content\/uploads\/sites\/37\/2017\/08\/season-2-e1504005949703.jpg\"><img loading=\"lazy\" class=\"aligncenter size-full wp-image-6919\" src=\"https:\/\/static-blogs.diariovasco.com\/wp-content\/uploads\/sites\/37\/2017\/08\/season-2-e1504005949703.jpg\" alt=\"season-2\" width=\"560\" height=\"316\" \/><\/a>La 2T me defraud\u00f3 bastante, como suele suceder cuando se quiere estirar una historia bien cerrada, aprovechando peque\u00f1os resquicios para estirar el desarrollo de algunos personajes a los que le faltaba la frescura inicial y con unas nuevas incorporaciones que tampoco hicieron olvidar a los componentes de la c\u00e9lula inicial, a pesar de seguir arriesgando al incluir un musulm\u00e1n gay y terrorista como un nuevo personaje.<\/p>\n<p>En este caso la recomendaci\u00f3n es sencilla, no se pierdan la 1T porque es una aut\u00e9ntica rareza dentro del panorama de series estadounidenses, si le gustan las series tipo \u201c24\u201d o similares, estoy seguro que les va a encantar, se puede\u00a0 encontrar por los supermercados de las redes donde est\u00e1 subtitulada en castellano, porque no me consta que se haya estrenado en nuestro pa\u00eds, aunque no lo podr\u00eda asegurar al 100%.<\/p>\n<p>Sobre la 2T ya se lo dejo a su libre albedr\u00edo, pero no se pierden mucho si no la ven adem\u00e1s de dejar las cosas mucho m\u00e1s abiertas para una continuaci\u00f3n que nunca lleg\u00f3.<\/p>\n<p><strong>Los actores:<\/strong><br \/>\nMichael Ealy consigui\u00f3 su primer papel protagonista como el agente musulm\u00e1n del FBI Darwyn al-Sayeed un personaje muy complejo que le vali\u00f3 incluso una nominaci\u00f3n al mejor actor en miniseries en los Globos de Oro de 2006 y la verdad es que lo hac\u00eda muy bien.<\/p>\n<p>El problema es que parece que le ha mirado un tuerto para toda su carrera posterior encadenando papeles importantes en series prometedoras que fracasaban miserablemente en su primera temporada, como \u201cFlashforward\u201d, \u201cCommon Law\u201d o \u201cAlmost Human\u201d o en series consolidadas que las cancelaban en cuanto se un\u00eda al reparto como \u201cSecret &amp; Lies\u201d o \u201cThe Following\u201d, con una racha imparable de desastres consecutivos, lo que no deja de ser una lastima porque el pobre suele cumplir pero casi nadie m\u00e1s a su alrededor<\/p>\n<p><a href=\"https:\/\/static-blogs.diariovasco.com\/wp-content\/uploads\/sites\/37\/2017\/08\/ealy-sagemiller-e1504005971902.jpg\"><img loading=\"lazy\" class=\"aligncenter size-full wp-image-6921\" src=\"https:\/\/static-blogs.diariovasco.com\/wp-content\/uploads\/sites\/37\/2017\/08\/ealy-sagemiller-e1504005971902.jpg\" alt=\"ealy-sagemiller\" width=\"560\" height=\"385\" \/><\/a>En la foto lo pueden ver con Melissa Sagemiller, la actriz que encarnaba a Gayle, su novia, que era el \u00fanico personaje fuera de la trama principal de la c\u00e9lula, que servia para mostrarnos el lado m\u00e1s humano de Darwyn. La carrera de Sagemiller es m\u00e1s discretita todav\u00eda tras empezar su carrera como modelo, tras este personaje se encasill\u00f3 en papeles de abogada o fiscal en series como \u201cRaising the Bar\u201d o \u201cLey y Orden: Unidad de Victimas Especiales\u201d pero la acababan reemplazando tras varios episodios, como le ha sucedido en \u201cChicago P.D\u201d.<\/p>\n<p>El israel\u00ed Oded Fehr es sin duda el rostro m\u00e1s conocido de la serie, por sus innumerables apariciones en todo tipo de series o pel\u00edculas, casi siempre encasillado en dos tipos de papeles contrapuestos, agente del Mossad o terrorista isl\u00e1mico como le ha tocado en esta serie. Su primer papel de importancia fue como el villano egipcio del mega\u00e9xito que fue \u201cLa Mom\u00eda\u201d y su secuela que le abri\u00f3 las puertas de Hollywood, tanto a nivel de cine como de televisi\u00f3n.<\/p>\n<p>En \u201cSleeper Cell\u201d Fehr est\u00e1 muy bien como el malvado terrorista jefe de la c\u00e9lula, brutal y desalmado a partes iguales, pero con ese punto de humanidad necesario para evitar convertirse en una caricatura.<\/p>\n<p><a href=\"https:\/\/static-blogs.diariovasco.com\/wp-content\/uploads\/sites\/37\/2017\/08\/oded-fehr-e1504005988872.jpg\"><img loading=\"lazy\" class=\"aligncenter size-full wp-image-6922\" src=\"https:\/\/static-blogs.diariovasco.com\/wp-content\/uploads\/sites\/37\/2017\/08\/oded-fehr-e1504005988872.jpg\" alt=\"oded-fehr\" width=\"560\" height=\"315\" \/><\/a>Mas adelante su carrera ha oscilado entre papeles de agente del Mossad ( NCIS, Covert Affairs, The Blacklist) y \u00a0los de despiadado terrorista ( 24:Legacy, Eleventh Hour) cumpliendo siempre en ambos estereotipos<\/p>\n<p>El resto de la c\u00e9lula terrorista la compon\u00edan tres personajes de mucho cuidado, Ilja un cient\u00edfico bosnio , Cristian un psic\u00f3pata franc\u00e9s y Tommy un descerebrado \u201credneck\u201d, \u00a0interpretados de izquierda a derecha por Henri Lubatti, Alexander Nesic y Blake Shields, respectivamente.<\/p>\n<p><a href=\"https:\/\/static-blogs.diariovasco.com\/wp-content\/uploads\/sites\/37\/2017\/08\/celula.jpg\"><img loading=\"lazy\" class=\"size-full wp-image-6920\" src=\"https:\/\/static-blogs.diariovasco.com\/wp-content\/uploads\/sites\/37\/2017\/08\/celula.jpg\" alt=\"Henry Lubatti, Alex Nesic, Michael Ealy, Blake Sheilds, Oded Fehr (episode 2) Photo: Randy Tepper\/Showtime Photo ID: CELL_102_00393\" width=\"470\" height=\"330\" srcset=\"https:\/\/static-blogs.diariovasco.com\/wp-content\/uploads\/sites\/37\/2017\/08\/celula.jpg 470w, https:\/\/static-blogs.diariovasco.com\/wp-content\/uploads\/sites\/37\/2017\/08\/celula-300x211.jpg 300w\" sizes=\"(max-width: 470px) 100vw, 470px\" \/><\/a><\/p>\n<p>De los tres, el m\u00e1s conocido es Henri Lubatti ,uno de esos villanos recurrentes en infinidad de series que aparece en un episodio en el que suele morir al final del mismo, siempre en personajes algo extra\u00f1os o exc\u00e9ntricos.<\/p>\n<p>Para Alex Nesic, americano de origen serbio-franc\u00e9s, este ha sido su papel m\u00e1s importante m\u00e1s que nada porque se cas\u00f3 con su compa\u00f1era de reparto Melissa Sagemiller, porque m\u00e1s adelante no ha hecho casi nada de menci\u00f3n.<\/p>\n<p>Blake Shields tuvo un inicio m\u00e1s interesante de su carrera en \u201cCarnivale\u201d como un fortach\u00f3n sin muchas luces que es m\u00e1s o menos el rol que ha ido representando siempre, altern\u00e1ndolo con el de asesino en serie, en aquellos episodios donde le llamaban, sin que nunca haya destacado por ser un gran actor.<\/p>\n<p><strong>El final:<\/strong><br \/>\nLa serie siempre hab\u00eda planteado ciertos problemas para Showtime, tanto desde el punto de vista ideol\u00f3gico con esas campa\u00f1as en su contra, como ec\u00f3nomico por el alto coste que supon\u00eda su rodaje, lo que la hizo estar en la cuerda floja desde siempre.<\/p>\n<p>Su renovaci\u00f3n fue debida principalmente por el respaldo cr\u00edtico y su presencia como nominada en diferentes premios importantes, mas \u00a0que por sus discretas audiencias y el propio convencimiento de la cadena para creer en su producto.<\/p>\n<p>Al desvanecerse ese respaldo tras la 2T, no dudaron en cancelarla por razones econ\u00f3micas a pesar de dejar las historias mucho m\u00e1s abiertas que al final de la 1T, dejando a todo el mundo con un palmo de narices, respecto al destino de sus protagonistas en medio de un enorme cliffhanger.<\/p>\n<p><strong>Ep\u00edlogo:<\/strong><\/p>\n<p>\u201cSleeper Cell\u201d nos ha parecido el cierre m\u00e1s adecuado para esta semana que hemos dedicado a las series centradas en ese problema global que es el terrorismo isl\u00e1mico con nuestro esquema habitual de series remotas, actuales y pasadas, para darles cuatro series que si les interesa el tema, van a cumplir esa doble funci\u00f3n de entretener y plantearnos\u00a0conceptos\u00a0para pensar y debatir sobre ellos.<\/p>\n<p>Esperamos que les haya gustado la selecci\u00f3n y si desean exponer sus opiniones y comentarios, lo pueden hacer aqu\u00ed o en nuestra cuenta de twitter (@lmejino). Hasta la pr\u00f3xima<\/p>\n<p>Lorenzo Mejino<\/p>\n<!-- AddThis Advanced Settings generic via filter on the_content --><!-- AddThis Share Buttons generic via filter on the_content -->","protected":false},"excerpt":{"rendered":"<p>Nuestra semana tem\u00e1tica dedicada a las series centradas en el\u00a0terrorismo isl\u00e1mico va a tener su colof\u00f3n con \u201cSleeper Cell\u201d una interesante propuesta\u00a0que fue la primera serie estadounidense\u00a0que tuvo un protagonista de fe musulmana, emitida apenas cuatro a\u00f1os despu\u00e9s de los atentados del 11-S. El tema de una c\u00e9lula terrorista durmiente en suelo americano, ya despert\u00f3 [&hellip;]<!-- AddThis Advanced Settings generic via filter on get_the_excerpt --><!-- AddThis Share Buttons generic via filter on get_the_excerpt --><\/p>\n","protected":false},"author":61,"featured_media":0,"comment_status":"open","ping_status":"closed","sticky":false,"template":"","format":"standard","meta":[],"categories":[5,6,32,16],"tags":[3440,3441,3442,1893,3443,3439],"_links":{"self":[{"href":"https:\/\/blogs.diariovasco.com\/series-gourmets\/wp-json\/wp\/v2\/posts\/6916"}],"collection":[{"href":"https:\/\/blogs.diariovasco.com\/series-gourmets\/wp-json\/wp\/v2\/posts"}],"about":[{"href":"https:\/\/blogs.diariovasco.com\/series-gourmets\/wp-json\/wp\/v2\/types\/post"}],"author":[{"embeddable":true,"href":"https:\/\/blogs.diariovasco.com\/series-gourmets\/wp-json\/wp\/v2\/users\/61"}],"replies":[{"embeddable":true,"href":"https:\/\/blogs.diariovasco.com\/series-gourmets\/wp-json\/wp\/v2\/comments?post=6916"}],"version-history":[{"count":4,"href":"https:\/\/blogs.diariovasco.com\/series-gourmets\/wp-json\/wp\/v2\/posts\/6916\/revisions"}],"predecessor-version":[{"id":6929,"href":"https:\/\/blogs.diariovasco.com\/series-gourmets\/wp-json\/wp\/v2\/posts\/6916\/revisions\/6929"}],"wp:attachment":[{"href":"https:\/\/blogs.diariovasco.com\/series-gourmets\/wp-json\/wp\/v2\/media?parent=6916"}],"wp:term":[{"taxonomy":"category","embeddable":true,"href":"https:\/\/blogs.diariovasco.com\/series-gourmets\/wp-json\/wp\/v2\/categories?post=6916"},{"taxonomy":"post_tag","embeddable":true,"href":"https:\/\/blogs.diariovasco.com\/series-gourmets\/wp-json\/wp\/v2\/tags?post=6916"}],"curies":[{"name":"wp","href":"https:\/\/api.w.org\/{rel}","templated":true}]}}