{"id":7496,"date":"2017-12-25T07:01:47","date_gmt":"2017-12-25T06:01:47","guid":{"rendered":"http:\/\/blogs.diariovasco.com\/series-gourmets\/?p=7496"},"modified":"2017-12-25T09:32:23","modified_gmt":"2017-12-25T08:32:23","slug":"vidago-palace-portugal-efectos-positivos-de-la-colaboracion-transfronteriza","status":"publish","type":"post","link":"https:\/\/blogs.diariovasco.com\/series-gourmets\/2017\/12\/25\/vidago-palace-portugal-efectos-positivos-de-la-colaboracion-transfronteriza\/","title":{"rendered":"Vidago Palace ( Portugal). Efectos positivos de la colaboraci\u00f3n transfronteriza."},"content":{"rendered":"<p>El recurso m\u00e1s habitual\u00a0de las televisiones de mercados peque\u00f1os para poder competir a nivel internacional es realizar coproducciones con televisiones afines para poder compartir gastos y hacer series con mayor presupuesto. El mejor ejemplo lo tenemos en Escandinavia, donde casi todas las series se coproducen entre todos los pa\u00edses de la zona o en el caso franc\u00f3fono de B\u00e9lgica, Francia y Suiza donde han copiado ese r\u00e9gimen con grandes \u00e9xitos hasta la fecha.<\/p>\n<p>Por estas razones la producci\u00f3n &#8216;Vidago Palace&#8217; una colaboraci\u00f3n transfronteriza portuguesa-gallega que ha implicado tanto a las televisiones publicas como a las\u00a0 productoras privadas de ambos lados del rio Mi\u00f1o, creemos que tiene bastante inter\u00e9s, tanto desde el punto de vista industrial como de curiosidad por saber lo que realizan no solo nuestros vecinos occidentales sino una\u00a0regi\u00f3n\u00a0importante de nuestro territorio nacional.<\/p>\n<p>El resultado ha sido bastante irregular con m\u00e1s buenas intenciones que resultados finales, aunque tiene una serie de aspectos positivos tanto por la \u00e9poca en que est\u00e1 ambientada como por alg\u00fan tema que tratan que puede ser de inter\u00e9s para aquellos de ustedes que disfrutan con los dramas de \u00e9poca un poco en la estela de &#8216;Gran Hotel&#8217; y propuestas similares.<\/p>\n<p><strong>Ficha:<\/strong> Vidago Palace ( Portugal) 6 ep 50 m \u00a0 Mar 2017-May 2017 <strong>Idioma:<\/strong> Portugu\u00e9s <strong>Cadena:<\/strong> RTP ( Portugal)- TVG ( Espa\u00f1a)<\/p>\n<p><strong><a href=\"https:\/\/static-blogs.diariovasco.com\/wp-content\/uploads\/sites\/37\/2017\/12\/portada-2-e1513334343461.jpg\"><img loading=\"lazy\" class=\"aligncenter size-full wp-image-7499\" src=\"https:\/\/static-blogs.diariovasco.com\/wp-content\/uploads\/sites\/37\/2017\/12\/portada-2-e1513334343461.jpg\" alt=\"portada\" width=\"630\" height=\"354\" \/><\/a>La trama :<\/strong> En el a\u00f1o 1936 el hotel de lujo Vidago Palace, situado en las cercan\u00edas de Chaves al norte de Portugal cerca de la frontera espa\u00f1ola, se convierte en un centro neur\u00e1lgico de todo tipo de personajes tanto portugueses como de otros pa\u00edses, con el inicio de la guerra civil espa\u00f1ola a pocos kil\u00f3metros de all\u00ed, como tel\u00f3n de fondo de las historias que les suceden a los invitados.<\/p>\n<p>Como epicentro de la serie tenemos la historia de Carlota, la hija de los condes de Vimieiro, nobles pero arruinados que ven como la \u00fanica salida a su delicada situaci\u00f3n financiera, es el matrimonio de su hija con Cesar Augusto, el primog\u00e9nito de una familia de nuevos ricos que han hecho su fortuna emigrando al Brasil.<\/p>\n<p>El problema surge cuando Carlota se enamora perdidamente de Pedro, el hijo del conserje gallego del hotel, pero ante la imposibilidad de seguir adelante con ese amor prohibido, Pedro decide partir a luchar en la guerra civil espa\u00f1ola sin siquiera despedirse de la desconsolada Carlota, como pueden ver en el trailer de la serie.<br \/>\n<iframe loading=\"lazy\" src=\"https:\/\/www.youtube.com\/embed\/ZTSfH-PwoNk\" width=\"560\" height=\"315\" frameborder=\"0\" allowfullscreen=\"allowfullscreen\"><\/iframe><br \/>\nEl triangulo amoroso es el hilo conductor de la serie que sin embargo tiene una gran coralidad, con multitud de personajes que interaccionan en el hotel, que funciona\u00a0 como un nido de esp\u00edas internacionales con agentes alemanes y brit\u00e1nicos conspirando para obtener cualquier tipo de informaci\u00f3n, a los que se unen tanto los refugiados espa\u00f1oles que se alojan en el hotel huyendo de la guerra civil como los veraneantes portugueses que acuden cada a\u00f1o a pasar sus vacaciones al Vidago Palace.<\/p>\n<p>Planteado como un drama de \u00e9poca, &#8216;Vidago Palace&#8217; no busca la originalidad en las tramas, desaprovechando el enorme fil\u00f3n que ten\u00eda en esa situaci\u00f3n fronteriza de la guerra civil espa\u00f1ola, que trata de pasada en algunas tramas secundarias que se ven venir de lejos, optando por un tono costumbrista de culebr\u00f3n de \u00e9poca en un marco elegante y lujoso.<\/p>\n<p>La irregularidad de la serie viene determinada principalmente por el desarrollo de los personajes, donde tenemos algunos muy interesantes como una pareja de viejas solteronas, que son las cotillas oficiales del hotel, hablando con un acento forzado y rebuscado que hac\u00edan que todas sus intervenciones fueran de lo mejor de la serie, robando todas las escenas en que sal\u00edan.<\/p>\n<p><a href=\"https:\/\/static-blogs.diariovasco.com\/wp-content\/uploads\/sites\/37\/2017\/12\/nanas-e1513334445997.jpg\"><img loading=\"lazy\" class=\"aligncenter size-full wp-image-7497\" src=\"https:\/\/static-blogs.diariovasco.com\/wp-content\/uploads\/sites\/37\/2017\/12\/nanas-e1513334445997.jpg\" alt=\"nanas\" width=\"630\" height=\"420\" \/><\/a>Pero al lado de personajes interesantes, ten\u00edamos que soportar a otros completamente insufribles como todos los esp\u00edas extranjeros de pura opereta por lo mal desarrollados que est\u00e1n, pero sobre todo la brasile\u00f1a madre del novio ( interpretada por Margarida Marinho, centro foto) , sobreactuada en plan zumb\u00f3n hasta limites que pon\u00edan a prueba mi paciencia en cada escena en la que aparec\u00eda que por desgracia eran bastantes.<\/p>\n<p><a href=\"https:\/\/static-blogs.diariovasco.com\/wp-content\/uploads\/sites\/37\/2017\/12\/brasile\u00f1a-e1513334476945.jpg\"><img loading=\"lazy\" class=\"aligncenter size-full wp-image-7500\" src=\"https:\/\/static-blogs.diariovasco.com\/wp-content\/uploads\/sites\/37\/2017\/12\/brasile\u00f1a-e1513334476945.jpg\" alt=\"brasilena\" width=\"630\" height=\"258\" \/><\/a>Esa colaboraci\u00f3n transfronteriza ten\u00eda su mejor reflejo en la pareja protagonista formada por la actriz portuguesa Mikaela Lupu y el joven actor gallego David Seijo, muy correctos ambos, con ese amor imposible que les va a llevar a hacer muchas cosas para conseguir estar con su persona amada, caiga qui\u00e9n caiga, desde el momento en que se conocen, que pueden ver a continuaci\u00f3n en la primera escena de la serie.<br \/>\n<iframe loading=\"lazy\" src=\"https:\/\/www.youtube.com\/embed\/7ZF-8J7AvIA\" width=\"560\" height=\"315\" frameborder=\"0\" allowfullscreen=\"allowfullscreen\"><\/iframe><br \/>\nLa presencia gallega en la serie no se limitaba a la cuota de actores que ve\u00edamos delante de las c\u00e1maras, sino en una participaci\u00f3n casi igualitaria en el equipo de gui\u00f3n y realizaci\u00f3n, con profesionales gallegos como Araceli Gonda, Pepe Coira o Manuel Darriba en la sala de guionistas y la de Jorge Coira como co-director de la serie.<\/p>\n<p>Una de las cosas que m\u00e1s me ha llamado la atenci\u00f3n ha sido el rodaje original en portugu\u00e9s, con todos los actores gallegos adapt\u00e1ndose, no siempre de forma sencilla, a hablar en esa lengua, mientras que los di\u00e1logos entre\u00a0 gallegos, los subtitulaban en portugu\u00e9s como prueba fehaciente que no son tan similares ambas lenguas como algunos nos pensamos. Si adem\u00e1s le a\u00f1adimos los toques brasile\u00f1os de alg\u00fan personaje nos permite hacer un curso completo sobre las diferencias entre el gallego y el portugu\u00e9s en sus dos variantes, metr\u00f3poli y ultramar.<\/p>\n<p><a href=\"https:\/\/static-blogs.diariovasco.com\/wp-content\/uploads\/sites\/37\/2017\/12\/pareja-1-e1513334863455.jpg\"><img loading=\"lazy\" class=\"aligncenter size-full wp-image-7498\" src=\"https:\/\/static-blogs.diariovasco.com\/wp-content\/uploads\/sites\/37\/2017\/12\/pareja-1-e1513334863455.jpg\" alt=\"pareja\" width=\"560\" height=\"372\" \/><\/a>En su pase por la televisi\u00f3n gallega, la serie se emiti\u00f3 doblada al gallego, como explican en el <a href=\"http:\/\/www.crtvg.es\/informativos\/antonio-mourelos-e-david-seijo-presentannos-a-serie-vidago-palace\" rel=\"external nofollow\">siguiente video<\/a>\u00a0 los dos actores gallegos principales David Seijo y Antonio Mourelos, que interpretan al protagonista y su padre en la serie.<\/p>\n<p>Con todas sus imperfecciones, &#8216;Vidago Palace&#8217; tiene un cierto inter\u00e9s para aquellos de ustedes que sean curiosos y quieran conocer algo de la televisi\u00f3n que realizan no solo nuestros vecinos portugueses sino la que se realiza en una de las lenguas oficiales de nuestro pa\u00eds, en especial si son amantes de este tipo de dramas hist\u00f3ricas de \u00e9poca, por lo menos en mi caso no me he arrepentido de haber invertido seis horas en conocerlo.<\/p>\n<p>Pueden dejar sus opiniones y comentarios, aqu\u00ed o en nuestra cuenta de twitter (@lmejino). Hasta la pr\u00f3xima<\/p>\n<p>Lorenzo Mejino<\/p>\n<!-- AddThis Advanced Settings generic via filter on the_content --><!-- AddThis Share Buttons generic via filter on the_content -->","protected":false},"excerpt":{"rendered":"<p>El recurso m\u00e1s habitual\u00a0de las televisiones de mercados peque\u00f1os para poder competir a nivel internacional es realizar coproducciones con televisiones afines para poder compartir gastos y hacer series con mayor presupuesto. El mejor ejemplo lo tenemos en Escandinavia, donde casi todas las series se coproducen entre todos los pa\u00edses de la zona o en el [&hellip;]<!-- AddThis Advanced Settings generic via filter on get_the_excerpt --><!-- AddThis Share Buttons generic via filter on get_the_excerpt --><\/p>\n","protected":false},"author":61,"featured_media":0,"comment_status":"open","ping_status":"closed","sticky":false,"template":"","format":"standard","meta":[],"categories":[5,6,8,17],"tags":[3685,3684,3683,3682],"_links":{"self":[{"href":"https:\/\/blogs.diariovasco.com\/series-gourmets\/wp-json\/wp\/v2\/posts\/7496"}],"collection":[{"href":"https:\/\/blogs.diariovasco.com\/series-gourmets\/wp-json\/wp\/v2\/posts"}],"about":[{"href":"https:\/\/blogs.diariovasco.com\/series-gourmets\/wp-json\/wp\/v2\/types\/post"}],"author":[{"embeddable":true,"href":"https:\/\/blogs.diariovasco.com\/series-gourmets\/wp-json\/wp\/v2\/users\/61"}],"replies":[{"embeddable":true,"href":"https:\/\/blogs.diariovasco.com\/series-gourmets\/wp-json\/wp\/v2\/comments?post=7496"}],"version-history":[{"count":5,"href":"https:\/\/blogs.diariovasco.com\/series-gourmets\/wp-json\/wp\/v2\/posts\/7496\/revisions"}],"predecessor-version":[{"id":7551,"href":"https:\/\/blogs.diariovasco.com\/series-gourmets\/wp-json\/wp\/v2\/posts\/7496\/revisions\/7551"}],"wp:attachment":[{"href":"https:\/\/blogs.diariovasco.com\/series-gourmets\/wp-json\/wp\/v2\/media?parent=7496"}],"wp:term":[{"taxonomy":"category","embeddable":true,"href":"https:\/\/blogs.diariovasco.com\/series-gourmets\/wp-json\/wp\/v2\/categories?post=7496"},{"taxonomy":"post_tag","embeddable":true,"href":"https:\/\/blogs.diariovasco.com\/series-gourmets\/wp-json\/wp\/v2\/tags?post=7496"}],"curies":[{"name":"wp","href":"https:\/\/api.w.org\/{rel}","templated":true}]}}