{"id":8864,"date":"2018-08-16T06:00:43","date_gmt":"2018-08-16T05:00:43","guid":{"rendered":"https:\/\/blogs.diariovasco.com\/series-gourmets\/?p=8864"},"modified":"2018-08-16T07:38:52","modified_gmt":"2018-08-16T06:38:52","slug":"los-comics-del-ministerio-del-tiempo-una-apuesta-diferente","status":"publish","type":"post","link":"https:\/\/blogs.diariovasco.com\/series-gourmets\/2018\/08\/16\/los-comics-del-ministerio-del-tiempo-una-apuesta-diferente\/","title":{"rendered":"Los c\u00f3mics del Ministerio del Tiempo. Una apuesta diferente"},"content":{"rendered":"<p><strong>INTRODUCCI\u00d3N<\/strong><\/p>\n<p>Hoy vamos a tener una firma invitada en el blog ya que con motivo de la publicaci\u00f3n del segundo c\u00f3mic del universo transmedia del Ministerio del Tiempo, me ha parecido oportuno invitar al buen amigo y experto en el campo del c\u00f3mic hist\u00f3rico David Fern\u00e1ndez de Arriba (@historiaycomic) para que diera su opini\u00f3n mucho m\u00e1s experta sobre los dos vol\u00famenes publicados hasta ahora.<\/p>\n<p>David Fern\u00e1ndez de Arriba es uno de los principales cr\u00edticos espa\u00f1oles en el terreno de los c\u00f3mics y la historia, creador y autor del blog de referencia en este campo<a href=\"https:\/\/historiaycomic.com\/\" rel=\"external nofollow\"> &#8216;Historia y c\u00f3mic&#8217;<\/a> y coordinador del libro publicado este a\u00f1o\u00a0 <a href=\"http:\/\/llibres.blog.gencat.cat\/2018\/04\/20\/memoria-i-vinyetes-la-memoria-historica-a-laula-a-traves-del-comic%E2%94%82post-de-david-fernandez-de-arriba\/\" rel=\"external nofollow\">&#8216;Memoria i vinyetes&#8217;,\u00a0\u00a0<\/a>una propuesta did\u00e1ctica para ense\u00f1ar la memoria hist\u00f3rica en las aulas a trav\u00e9s de los c\u00f3mics, por lo que me ha parecido interesante invitarle a escribir sus impresiones sobre ambos vol\u00famenes con una perspectiva diferente y m\u00e1s experta a la del cr\u00edtico televisivo.<\/p>\n<p>&nbsp;<\/p>\n<p>&nbsp;<\/p>\n<p><strong><img loading=\"lazy\" class=\"aligncenter size-full wp-image-8868\" src=\"https:\/\/static-blogs.diariovasco.com\/wp-content\/uploads\/sites\/37\/2018\/08\/principal-e1534237734622.jpg\" alt=\"principal\" width=\"560\" height=\"264\" \/>LOS C\u00d3MICS DEL MINISTERIO DEL TIEMPO. UNA APUESTA DIFERENTE<\/strong><\/p>\n<p>El Ministerio del Tiempo\u00a0es una de las series televisivas espa\u00f1olas con m\u00e1s repercusi\u00f3n social de los \u00faltimos a\u00f1os. Su premisa, un Ministerio secreto encargado de velar por la Historia; sus carism\u00e1ticos personajes; sus tramas llenas de acci\u00f3n y, especialmente, su voluntad de hacernos reflexionar sobre nuestra historia, la han convertido en una serie de culto. Javier y Pablo Olivares fueron conscientes, pr\u00e1cticamente desde el inicio de la serie, de que el universo de\u00a0El Ministerio del Tiempo\u00a0pod\u00eda ir m\u00e1s all\u00e1 de las estrechas fronteras de la ficci\u00f3n televisiva. El c\u00f3mic, gracias a sus m\u00faltiples virtudes como medio art\u00edstico, era el candidato id\u00f3neo para hacerlo crecer.<\/p>\n<p>Uno de los aspectos m\u00e1s interesantes de los c\u00f3mics de El Ministerio del Tiempo es que no son meras adaptaciones. Los creadores de la serie no han optado por la soluci\u00f3n f\u00e1cil, tan vista en estos tiempos del marketing y el merchandising, de hacer una obra en otro medio que explique lo mismo que el medio original. Cambiar de formato para explicar lo mismo no tiene sentido. Nuevas historias, tramas que no han tenido cabida en la serie, nuevos personajes hist\u00f3ricos y una narrativa diferente es lo que nos ofrecen estas obras.<\/p>\n<p>Hasta el momento la editorial Aleta, junto con Evolution C\u00f3mics \u2013 subsello de Panini \u2013, ha publicado dos vol\u00famenes.\u00a0El primero de ellos, de abril de 2017 se titula\u00a0Tiempo al tiempo\u00a0y cuenta con gui\u00f3n de El Torres y Desiree Bressend, dibujo de Jaime Mart\u00ednez y color de Sandra Molina.\u00a0El argumento est\u00e1 bien construido y se nota la solvencia del d\u00fao de guionistas. Como primera incursi\u00f3n en el c\u00f3mic, fue un acierto crear una historia autoconclusiva que funcionara de forma independiente a la trama de la serie.<\/p>\n<p><img loading=\"lazy\" class=\"aligncenter size-full wp-image-8865\" src=\"https:\/\/static-blogs.diariovasco.com\/wp-content\/uploads\/sites\/37\/2018\/08\/tiempo-al-tiempo.jpg\" alt=\"tiempo-al-tiempo\" width=\"300\" height=\"168\" \/>La acci\u00f3n se inicia con un ataque a Salvador Mart\u00ed en su despacho y acto seguido el relato nos traslada a los inicios del subsecretario en el Ministerio, en los d\u00edas en que Adolfo Su\u00e1rez era presidente del Gobierno. Los atacantes se escapan a trav\u00e9s de las puertas del tiempo al pasado: uno de ellos a 1865, a un Madrid muy convulso, con protestas estudiantiles y una gran represi\u00f3n por parte del gobierno Narv\u00e1ez; mientras que es un misterio d\u00f3nde se dirige el l\u00edder del intento de asesinato.<\/p>\n<p>La patrulla liderada por Amalia deber\u00e1 encontrar a ambos asaltantes con la ayuda de otra patrulla muy especial, formada por un general romano, un sabio \u00e1rabe del siglo XI y una pandillera del Carabanchel de los 80. Las diferencias entre las dos patrullas permiten introducir los habituales toques humor\u00edsticos de la serie que tan bien funcionan tambi\u00e9n en las vi\u00f1etas.<\/p>\n<p>La aparente sencillez del argumento, una persecuci\u00f3n de unos criminales a trav\u00e9s del tiempo, muy vista ya en televisi\u00f3n, va aqu\u00ed un paso m\u00e1s all\u00e1. El juego pasado-presente-futuro y los efectos de las acciones pasadas en el devenir hist\u00f3rico son el eje fundamental de la historia. \u00bfC\u00f3mo cambiar\u00e1 el presente si modificamos el pasado? \u00bfY el futuro? La acci\u00f3n avanza con un ritmo fren\u00e9tico y el gran m\u00e9rito del gui\u00f3n es la forma en que las piezas van encajando.<\/p>\n<p>Como lectores, vamos descubriendo los misterios que esconde la trama al ritmo que nos marcan Amelia, Juli\u00e1n y Diego. Al mismo tiempo, los recuerdos de Salvador se entremezclan con la l\u00ednea argumental principal, dotando de riqueza al relato. Una lectura muy entretenida que har\u00e1 las delicias de cualquier fan de la serie.<\/p>\n<p>El segundo c\u00f3mic, titulado Mi tiempo se agota, de reciente publicaci\u00f3n, cuenta esta vez con gui\u00f3n del propio Javier Olivares junto con Pablo Lara, productor transmedia de la serie. Repite Jaime Mart\u00ednez como dibujante y en esta ocasi\u00f3n el color es de Santiago Ramos. Mientras que el primer tomo relataba un episodio coral, en \u00e9ste la acci\u00f3n se centra en la figura de Lola Mendieta, uno de los personajes secundarios con m\u00e1s trascendencia en la serie.<\/p>\n<p><img loading=\"lazy\" class=\"aligncenter size-full wp-image-8867\" src=\"https:\/\/static-blogs.diariovasco.com\/wp-content\/uploads\/sites\/37\/2018\/08\/mi-tiempo-se-agota.jpg\" alt=\"mi-tiempo-se-agota\" width=\"352\" height=\"499\" srcset=\"https:\/\/static-blogs.diariovasco.com\/wp-content\/uploads\/sites\/37\/2018\/08\/mi-tiempo-se-agota.jpg 352w, https:\/\/static-blogs.diariovasco.com\/wp-content\/uploads\/sites\/37\/2018\/08\/mi-tiempo-se-agota-212x300.jpg 212w\" sizes=\"(max-width: 352px) 100vw, 352px\" \/>En esta ocasi\u00f3n la trama tiene una relaci\u00f3n m\u00e1s directa con los acontecimientos de la serie, ya que al inicio vemos a Lola Mendieta en el hospital, aquejada de una grave enfermedad que los teleespectadores ya conocemos. Ante la cercan\u00eda de su muerte recuerda algunos de los episodios m\u00e1s memorables de su paso por el Ministerio. La estructura narrativa es sencilla, con dos flashbacks que monopolizan la pr\u00e1ctica totalidad de la obra.<\/p>\n<p>Lo m\u00e1s interesante de este segundo c\u00f3mic es la presencia de dos figuras hist\u00f3ricas de gran importancia que hasta el momento no han aparecido en televisi\u00f3n: el almirante del siglo XVIII Blas de Lezo y el cient\u00edfico de la primera mitad del siglo XX Emilio Herrera. Ambos personajes tienen dos elementos en com\u00fan, una gran relevancia hist\u00f3rica y un escaso reconocimiento.<\/p>\n<p>En el caso de Blas de Lezo, el c\u00f3mic permite reconstruir escenarios hist\u00f3ricos imposibles de reproducir en la producci\u00f3n televisiva debido a su elevad\u00edsimo coste. La guerra entre la armada inglesa y la espa\u00f1ola, llena de momentos tr\u00e1gicos y heroicos es el contexto en que interviene Lola Mendieta. La batalla naval de Cartagena de Indias, la valent\u00eda y la habilidad de Blas de Lezo y la injusticia hist\u00f3rica que se cometi\u00f3 con su figura est\u00e1n muy bien representadas. Los habituales juegos con el tiempo y la presencia de Lola Mendieta en plena acci\u00f3n consiguen recrear perfectamente las sensaciones que nos transmite la serie, haci\u00e9ndonos part\u00edcipes de los hechos.<\/p>\n<p>Emilio Herrera es uno esos personajes que si hubiera nacido en otro pa\u00eds tendr\u00eda decenas de pel\u00edculas y libros loando su figura y ser\u00eda considerado un h\u00e9roe nacional. Javier Olivares y Pablo Lara han rendido su particular homenaje situando al cient\u00edfico, uno de los padres de la aeron\u00e1utica, en una subtrama en la que los villanos de Arrow tratan de modificar la Historia para su propio beneficio. Lola Mendieta tratar\u00e1 de proteger el legado del cient\u00edfico granadino y para ello deber\u00e1 utilizar todos sus recursos. Ambos episodios convergen para presentarnos el pasado de Mendieta junto a sus reflexiones sobre su papel en la importante labor del Ministerio<\/p>\n<p>A nivel gr\u00e1fico, ambos c\u00f3mics se valen de los mismos recursos: dibujo realista y composiciones de p\u00e1gina bastante convencionales, que ayudan al correcto transcurrir de la narraci\u00f3n. Tanto los escenarios como los personajes son f\u00e1cilmente reconocibles y cualquiera que haya visto la serie se sentir\u00e1 como en casa. Son destacables las ocasionales dobles p\u00e1ginas que permiten a dibujante y colorista dar lo mejor de s\u00ed mismos y crear secuencias dram\u00e1ticas de gran belleza.<\/p>\n<p><img loading=\"lazy\" class=\"aligncenter size-full wp-image-8866\" src=\"https:\/\/static-blogs.diariovasco.com\/wp-content\/uploads\/sites\/37\/2018\/08\/vi\u00f1eta-e1534237784381.jpg\" alt=\"vineta\" width=\"560\" height=\"315\" \/>El uso del color es interesante y es evidente una cierta evoluci\u00f3n entre ambos vol\u00famenes. En el primer c\u00f3mic destaca el uso de una paleta de colores pastel, con especial presencia de tonos ocres. El efecto que consigue Sandra Molina es bastante efectivo y permite construir atm\u00f3sferas con acierto. En cambio, Santiago Ramos utiliza colores m\u00e1s planos que evidencian la influencia del tradicional \u00e1lbum francobelga. Ambas soluciones son v\u00e1lidas y muestran la riqueza y la importancia narrativa del color en el c\u00f3mic.<\/p>\n<p>Desde su creaci\u00f3n, El Ministerio del Tiempo ha sido mucho m\u00e1s que una serie de televisi\u00f3n. Su concepci\u00f3n como un producto transmedia deber\u00eda ser tomado como ejemplo por otras producciones que no aprovechan la oportunidad de llegar a m\u00e1s gente y de dejar una impronta m\u00e1s profunda y duradera. El c\u00f3mic, gracias a su naturaleza h\u00edbrida y a sus virtudes gr\u00e1ficas y narrativas, es una forma inmejorable de construir historias. Estos dos primeros vol\u00famenes, que espero que sean tan solo el preludio de muchos m\u00e1s, demuestran que si se hace con mimo, cuidando el producto y respetando a los lectores una buena historia es efectiva en cualquier medio art\u00edstico.<\/p>\n<p>David Fern\u00e1ndez de Arriba (@historiaycomic)<\/p>\n<!-- AddThis Advanced Settings generic via filter on the_content --><!-- AddThis Share Buttons generic via filter on the_content -->","protected":false},"excerpt":{"rendered":"<p>INTRODUCCI\u00d3N Hoy vamos a tener una firma invitada en el blog ya que con motivo de la publicaci\u00f3n del segundo c\u00f3mic del universo transmedia del Ministerio del Tiempo, me ha parecido oportuno invitar al buen amigo y experto en el campo del c\u00f3mic hist\u00f3rico David Fern\u00e1ndez de Arriba (@historiaycomic) para que diera su opini\u00f3n mucho [&hellip;]<!-- AddThis Advanced Settings generic via filter on get_the_excerpt --><!-- AddThis Share Buttons generic via filter on get_the_excerpt --><\/p>\n","protected":false},"author":61,"featured_media":0,"comment_status":"open","ping_status":"closed","sticky":false,"template":"","format":"standard","meta":[],"categories":[3008,5,8],"tags":[849,4224,1269,4222,4223,4221],"_links":{"self":[{"href":"https:\/\/blogs.diariovasco.com\/series-gourmets\/wp-json\/wp\/v2\/posts\/8864"}],"collection":[{"href":"https:\/\/blogs.diariovasco.com\/series-gourmets\/wp-json\/wp\/v2\/posts"}],"about":[{"href":"https:\/\/blogs.diariovasco.com\/series-gourmets\/wp-json\/wp\/v2\/types\/post"}],"author":[{"embeddable":true,"href":"https:\/\/blogs.diariovasco.com\/series-gourmets\/wp-json\/wp\/v2\/users\/61"}],"replies":[{"embeddable":true,"href":"https:\/\/blogs.diariovasco.com\/series-gourmets\/wp-json\/wp\/v2\/comments?post=8864"}],"version-history":[{"count":5,"href":"https:\/\/blogs.diariovasco.com\/series-gourmets\/wp-json\/wp\/v2\/posts\/8864\/revisions"}],"predecessor-version":[{"id":8883,"href":"https:\/\/blogs.diariovasco.com\/series-gourmets\/wp-json\/wp\/v2\/posts\/8864\/revisions\/8883"}],"wp:attachment":[{"href":"https:\/\/blogs.diariovasco.com\/series-gourmets\/wp-json\/wp\/v2\/media?parent=8864"}],"wp:term":[{"taxonomy":"category","embeddable":true,"href":"https:\/\/blogs.diariovasco.com\/series-gourmets\/wp-json\/wp\/v2\/categories?post=8864"},{"taxonomy":"post_tag","embeddable":true,"href":"https:\/\/blogs.diariovasco.com\/series-gourmets\/wp-json\/wp\/v2\/tags?post=8864"}],"curies":[{"name":"wp","href":"https:\/\/api.w.org\/{rel}","templated":true}]}}