{"id":9289,"date":"2018-11-07T06:01:25","date_gmt":"2018-11-07T05:01:25","guid":{"rendered":"https:\/\/blogs.diariovasco.com\/series-gourmets\/?p=9289"},"modified":"2018-11-07T00:58:16","modified_gmt":"2018-11-06T23:58:16","slug":"sin-palabras-speechless-atypical-la-dinamica-comica-de-las-familias-con-hijos-discapacitados","status":"publish","type":"post","link":"https:\/\/blogs.diariovasco.com\/series-gourmets\/2018\/11\/07\/sin-palabras-speechless-atypical-la-dinamica-comica-de-las-familias-con-hijos-discapacitados\/","title":{"rendered":"Sin Palabras ( Speechless) \/ Atypical:  La din\u00e1mica c\u00f3mica de las  familias con hijos discapacitados"},"content":{"rendered":"<p>En las series televisivas siempre han habido personajes que han tenido discapacidades f\u00edsicas desde los a\u00f1os setenta donde ten\u00edamos a detectives ciegos como &#8216;Longstreet&#8217; o inspectores en silla de ruedas como &#8216;Ironside&#8217;, pero con actores que abr\u00edan los ojos o se levantaban de la silla de ruedas al o\u00edr el &#8216;corten&#8217; del director de turno.<\/p>\n<p>La tendencia sigui\u00f3 inalterable hasta principios de los noventa, donde apareci\u00f3 la aut\u00e9ntica pionera en este campo, la actriz sorda Marlee Matlin, que tras ganar un Oscar a la mejor actriz por &#8216;Hijos de un Dios Menor&#8217;, consigui\u00f3 ser la primera protagonista discapacitada de una serie televisiva como una aguerrida fiscal de distrito durante dos temporadas en &#8216;Dudas Razonables&#8217; junto a Mark Harmon y sigue siendo una cara conocida en la actualidad.<\/p>\n<p>Nada cambi\u00f3 hasta que a final del siglo pasado lleg\u00f3 la excelente &#8216;Life goes on&#8217; sobre la vida de una familia que ten\u00eda un hijo, Corky, con s\u00edndrome de Down, interpretado por Chris Burke que tambi\u00e9n lo ten\u00eda y lo hac\u00eda magn\u00edficamente.<\/p>\n<p>Con estos precedentes, hoy hemos decidido cambiar ligeramente el formato de nuestro blog para hablarles de dos series que comparten la tem\u00e1tica de la discapacidad de uno de los hijos en mayor o menor grado y que obliga a que toda la din\u00e1mica familiar este pendiente de las necesidades especiales de ese personaje que en el caso de &#8216;Sin Palabras&#8217; tiene\u00a0una par\u00e1lisis cerebral que le impide hablar, mientras que en &#8216;Atypical&#8217; nos encontramos con un chico en el espectro del autismo.<\/p>\n<p>Las dos series intentan re\u00edrse con el personaje discapacitado en lugar de caer en la trampa de hacerlo de la discapacidad con mucho mayor acierto para &#8216;Sin Palabras&#8217; que para &#8216;Atypical&#8217;, ambas renovadas para su 3T, como les vamos a analizar a continuaci\u00f3n.<\/p>\n<p><strong>Sin Palabras\/Speechless\u00a0(EEUU) : Una gran comedia coral sobre la par\u00e1lisis cerebral<\/strong><\/p>\n<p>La familia DiMeo centra casi todas sus actividades en facilitar la vida de su primog\u00e9nito, J.J un adolescente aquejado de par\u00e1lisis cerebral que no puede hablar y que se comunica con su familia a trav\u00e9s de un puntero l\u00e1ser con el que va marcando las palabras en un tablero especial dise\u00f1ado para hablar con las personas.<\/p>\n<p>Su madre esta verdaderamente obsesionada con que su hijo no sea discriminado en ning\u00fan aspecto de su vida especialmente en el escolar, luchando para que tenga toda la ayuda necesaria para poder desarrollar sus estudios lo m\u00e1s normalmente posible, lo que incluye la figura de un asistente personal para que pueda leer todo lo que quiere decir.<\/p>\n<p><strong>Ficha:<\/strong> Speechless \/ Sin Palabras 41 ep+ 20 min .\u00a0Sep 2016- .<strong> Idioma:<\/strong> Ingles\/ castellano <strong>Cadena:<\/strong> ABC (USA) \/ FOX (E)<\/p>\n<p><strong><img loading=\"lazy\" class=\"aligncenter size-full wp-image-9294\" src=\"https:\/\/static-blogs.diariovasco.com\/wp-content\/uploads\/sites\/37\/2018\/11\/speechless_cast_still_h_2016-e1541072241548.jpg\" alt=\"speechless_cast_still_h_2016\" width=\"560\" height=\"316\" \/>La trama :<\/strong><\/p>\n<p>Una de las grandes sorpresas de la temporada 2016 fue el estreno por parte de la cadena ABC de &#8216;Sin Palabras&#8217; una comedia centrada en una familia con un hijo con par\u00e1lisis cerebral, interpretada por Micah Fowler un actor con par\u00e1lisis cerebral, que a diferencia de su personaje si puede hablar.<\/p>\n<p>Creada por Scott Silveri, uno de los guionistas principales de &#8216;Friends&#8217;, la serie consigue lo que parec\u00eda imposible como es conseguir el equilibrio adecuado entre la diversi\u00f3n y el entretenimiento con la denuncia social de la discriminaci\u00f3n del colectivo de las personas con par\u00e1lisis cerebral.<\/p>\n<p>Silveri se bas\u00f3 en su propia experiencia familiar de crecer con un hermano con par\u00e1lisis cerebral y llevaba veinte a\u00f1os con esa idea rond\u00e1ndole la cabeza, pero no se decidi\u00f3 a llevarla a cabo hasta que se encontr\u00f3 con la suficiente confianza y experiencia para poder contar esa historia tan personal con el tono humor\u00edstico adecuado, como muestran en el trailer de la serie<br \/>\n<iframe loading=\"lazy\" src=\"https:\/\/www.youtube.com\/embed\/4u55WK6AbaM\" width=\"560\" height=\"315\" frameborder=\"0\" allowfullscreen=\"allowfullscreen\"><\/iframe><br \/>\n&#8216;Speechless&#8217; est\u00e1 estructurada como una comedia familiar rodada con una sola c\u00e1mara, donde cada semana vemos como\u00a0 se enfrentan a alguna situaci\u00f3n que casi siempre tiene algo que ver con la discapacidad de J.J y su lucha contra la discriminaci\u00f3n, como en este caso que se venga muy sutilmente de una persona que lo desprecia y arrincona en un supermercado.<br \/>\n<iframe loading=\"lazy\" src=\"https:\/\/www.youtube.com\/embed\/RNBAmcFTync\" width=\"560\" height=\"315\" frameborder=\"0\" allowfullscreen=\"allowfullscreen\"><\/iframe><br \/>\nTras unos inicios algo titubeantes la serie consigui\u00f3 encontrar el tono adecuado para que nos ri\u00e9ramos y mucho con la actuaci\u00f3n de Micah Fowler, en lugar de hacerlo de su personaje, en una inesperada inversi\u00f3n de roles donde J.J es el principal bromista de la familia a pesar de sus limitaciones y su hermano menor Ray ( genial Mason Cook) , el m\u00e1s serio de la familia y el objeto principal de sus bromas, con la hermana peque\u00f1a Dylan ( una brillante Kyla Kennedy) muy atl\u00e9tica y siempre en plan c\u00e1ustico yendo por libre en casi todas sus acciones.<\/p>\n<p><img loading=\"lazy\" class=\"aligncenter size-full wp-image-9291\" src=\"https:\/\/static-blogs.diariovasco.com\/wp-content\/uploads\/sites\/37\/2018\/11\/ni\u00f1os-e1541072282526.jpg\" alt=\"ninos\" width=\"560\" height=\"373\" \/>La fabulosa actuaci\u00f3n de Micah Fowler rompe todos los esquemas conocidos y muestra el camino para buscar con m\u00e1s ah\u00ednco actores con discapacidades que puedan ponerse al servicio de la historia d\u00e1ndoles una gran veracidad y realismo, formando una enorme pareja con Mason Cook, para mostrar de una manera divertida todas las cosas que puede\u00a0 hacer una persona con par\u00e1lisis cerebral, empezando por vivir fel\u00edzmente la vida.<\/p>\n<p><img loading=\"lazy\" class=\"size-full wp-image-9299\" src=\"https:\/\/static-blogs.diariovasco.com\/wp-content\/uploads\/sites\/37\/2018\/11\/fowler-cook-e1541072184672.jpg\" alt=\"SPEECHLESS - &quot;C-A--CAMP&quot; - As the family readies for their flight to JJ's camp, Maya gets a surprise at the airport. Ray sees the summer as an opportunity to reinvent himself while Jimmy and Dylan turn the trip to camp into a father\/daughter bonding moment, on the season finale of &quot;Speechless,&quot; WEDNESDAY, MAY 17 (8:30-9:00 p.m. EDT), on The ABC Television Network. (ABC\/Ron Tom) MASON COOK, MICAH FOWLER\" width=\"560\" height=\"374\" \/><\/p>\n<p>El contrapunto m\u00e1s controlado, en principio lo deber\u00edan poner los dos padres, sobre todo gracias a la presencia de una actriz conocida como la brit\u00e1nica Minnie Driver, que fue el principal problema de los primeros episodios al mostrarla demasiado antip\u00e1tica e incluso con toques bordes, con la excusa que todo era para defender a su hijo.<\/p>\n<p><img loading=\"lazy\" class=\"aligncenter size-full wp-image-9293\" src=\"https:\/\/static-blogs.diariovasco.com\/wp-content\/uploads\/sites\/37\/2018\/11\/pareja.jpg\" alt=\"pareja\" width=\"1420\" height=\"946\" srcset=\"https:\/\/static-blogs.diariovasco.com\/wp-content\/uploads\/sites\/37\/2018\/11\/pareja.jpg 1420w, https:\/\/static-blogs.diariovasco.com\/wp-content\/uploads\/sites\/37\/2018\/11\/pareja-300x200.jpg 300w, https:\/\/static-blogs.diariovasco.com\/wp-content\/uploads\/sites\/37\/2018\/11\/pareja-768x512.jpg 768w, https:\/\/static-blogs.diariovasco.com\/wp-content\/uploads\/sites\/37\/2018\/11\/pareja-628x418.jpg 628w\" sizes=\"(max-width: 1420px) 100vw, 1420px\" \/>Por suerte Scott Silveri ajust\u00f3 r\u00e1pidamente su personaje, haci\u00e9ndola mucho m\u00e1s agradable y simp\u00e1tica por lo que la comedia gan\u00f3 y mucho con ese cambio, del que tambi\u00e9n sali\u00f3 beneficiado su marido en la ficci\u00f3n, el gran John Ross Bowie, impecable como el t\u00edpico padre que parece desbordado pero que se entera m\u00e1s de lo que parece, consiguiendo las mejores risas del p\u00fablico con sus salidas de tono.<\/p>\n<p>Otra parte importante en la serie es la relaci\u00f3n de J.J con su asistente personal Kenneth ( el hilarante Cedric Yarborough) , que es la persona que le ayuda en el d\u00eda a d\u00eda del colegio, leyendo las cosas que escribe en su tablero electr\u00f3nico que dirige con la mirada, formando ambos una complicidad en llevar a cabo las bromas de J.J, siendo casi un miembro\u00a0 mas de la familia.<\/p>\n<p><img loading=\"lazy\" class=\"aligncenter size-full wp-image-9292\" src=\"https:\/\/static-blogs.diariovasco.com\/wp-content\/uploads\/sites\/37\/2018\/11\/pareja-speechless-e1541072268366.jpg\" alt=\"pareja-speechless\" width=\"560\" height=\"374\" \/>Un buen ejemplo de esa complicidad lo tienen en el siguiente v\u00eddeo donde tras una peque\u00f1a trifulca, Kenneth decide darle una clase de conducir a J.J, con el resultado que se pueden imaginar<br \/>\n<iframe loading=\"lazy\" src=\"https:\/\/www.youtube.com\/embed\/-Rnx8YyYQXg\" width=\"560\" height=\"315\" frameborder=\"0\" allowfullscreen=\"allowfullscreen\"><\/iframe><br \/>\n&#8216;Sin Palabras&#8217; es sin duda alguna, una de mis comedias preferidas en emisi\u00f3n por conseguir algo tan dif\u00edcil como visibilizar la par\u00e1lisis cerebral con unas historias muy divertidas y donde la discapacidad es otro elemento m\u00e1s con el que jugar para avanzar las tramas, en lugar de buscar la compasi\u00f3n y el drama.<\/p>\n<p>La serie se emite en nuestro pa\u00eds en Fox Life, que la ha promocionado con v\u00eddeos como el siguiente, estando a punto de comenzar la emisi\u00f3n de la 3T, que empieza con un viaje de la familia a Londres, donde aparece nada menos que\u00a0 el gran John Cleese en esos primeros episodios.<br \/>\n<iframe loading=\"lazy\" src=\"https:\/\/www.youtube.com\/embed\/i1Y88-lcyKU\" width=\"560\" height=\"315\" frameborder=\"0\" allowfullscreen=\"allowfullscreen\"><\/iframe><\/p>\n<p><strong>Atypical\u00a0 : El autismo y los ping\u00fcinos\u00a0<\/strong><\/p>\n<p>La familia Gardner ser\u00eda la perfecta familia media estadounidense, si no fuera por la condici\u00f3n autista que tiene Sam el primog\u00e9nito de la familia, que condiciona mucho tanto a sus padres como a su hermana peque\u00f1a Casey que intentan tratarlo de la forma m\u00e1s normal posible aunque deben protegerlo de su comportamiento poco habitual y err\u00e1tico en determinados casos.<\/p>\n<p>La vida de Sam est\u00e1 marcada por su obsesi\u00f3n enfermiza por los ping\u00fcinos y su h\u00e1bitat natural de la Ant\u00e1rtica, que se han convertido en su principal v\u00e1lvula de escape cuando las presiones sociales y familiares le hacen perder el control, pero a diferencia de la brillante &#8216;Sin Palabras&#8217; , &#8216;Atypical &#8216; es una serie bastante irregular y con muchos agujeros que son taponados en parte por alg\u00fan personaje inesperadamente brillante<\/p>\n<p><strong>Ficha:<\/strong> Atypical 18+ ep 30 Ago 2017- <strong>Cadena:<\/strong>\u00a0 Netflix (USA)\/Netflix (E)<\/p>\n<p><strong><img loading=\"lazy\" class=\"aligncenter size-full wp-image-9296\" src=\"https:\/\/static-blogs.diariovasco.com\/wp-content\/uploads\/sites\/37\/2018\/11\/atypical-e1541072216481.jpg\" alt=\"atypical\" width=\"560\" height=\"315\" \/>La Trama:<\/strong><br \/>\nSam Gardner es un joven autista de dieciocho a\u00f1os que decide de repente que quiere empezar a salir con chicas, por lo que pide consejo a su padre con el que nunca ha acabado de conectar y tambi\u00e9n a su joven terapeuta personal de la que se enamora perdidamente a su manera.<\/p>\n<p>Esa b\u00fasqueda de su independencia personal preocupa mucho a su hiperprotectora madre Elsa que teme perder el control que siempre ha tenido sobre su hijo, con la excusa de defenderle de los peligros del mundo externo. Elsa preferir\u00eda que siguiera con sus ping\u00fcinos en lugar de salir con chicas y como reacci\u00f3n, la madre entra en crisis personal derivando en actos de los que se va a arrepentir.<\/p>\n<p>Su creadora Robia Rashid es una\u00a0 guionista curtida\u00a0 en comedias como &#8216;Los Goldberg&#8217; y &#8216;Como conoc\u00ed a vuestra madre&#8217; y plante\u00f3 la serie como una historia del paso a la edad adulta de un adolescente autista para dar una perspectiva diferente, con el asesoramiento de colectivos autistas,como se\u00f1ala el trailer de la serie<br \/>\n<iframe loading=\"lazy\" src=\"https:\/\/www.youtube.com\/embed\/yVXnZ-jOoJ0\" width=\"560\" height=\"315\" frameborder=\"0\" allowfullscreen=\"allowfullscreen\"><\/iframe><br \/>\n&#8216;Atypical&#8217; no tiene un inicio muy brillante, enred\u00e1ndose en una omnipresente voz en off del protagonista autista que solo hace que redundar en lo que estamos viendo en pantalla con el a\u00f1adido de las historias de los ping\u00fcinos que pasan de tener una cierta gracia al principio, a convertirse en el recurso facil\u00f3n de los guionistas a medida que avanza la serie, para salir del paso sin esforzarse demasiado como en la siguiente escena que muestra la din\u00e1mica familiar en el comedor de casa.<br \/>\n<iframe loading=\"lazy\" src=\"https:\/\/www.youtube.com\/embed\/xrUgvNROy8Y\" width=\"560\" height=\"315\" frameborder=\"0\" allowfullscreen=\"allowfullscreen\"><\/iframe><\/p>\n<p>Otro motivo de preocupaci\u00f3n inicial fue el casting elegido, donde en primer lugar casi todos los actores adolescentes se acercaban a la treintena y costaba mucho verlos como quincea\u00f1eros, en especial al protagonista el brit\u00e1nico Keir Gilchrist que se esfuerza por meterse en la piel del muchacho autista con resultados desconcertantes, puesto que a veces da la talla y otras se le va el papel de la mano sobreactuando demasiado.<\/p>\n<p><img loading=\"lazy\" class=\"aligncenter size-full wp-image-9290\" src=\"https:\/\/static-blogs.diariovasco.com\/wp-content\/uploads\/sites\/37\/2018\/11\/keir-gilchrist-e1541072296387.jpg\" alt=\"keir-gilchrist\" width=\"560\" height=\"373\" \/>En el caso de la edad, el espanto m\u00e1s flagrante es ver al rubiales Graham Roberts que hace de noviete de Casey, pasar de ser un agente del FBI en &#8216;Quantico&#8217; durante varias temporadas a hacer de adolescente de nuevo sin que se lo crea absolutamente nadie.<\/p>\n<p><img loading=\"lazy\" class=\"aligncenter size-full wp-image-9300\" src=\"https:\/\/static-blogs.diariovasco.com\/wp-content\/uploads\/sites\/37\/2018\/11\/rogers-e1541072902549.jpg\" alt=\"rogers\" width=\"560\" height=\"373\" \/>La pareja de padres formada por dos actores conocidos y competentes como Jennifer Jason-Leigh y Michael Rapapport no me ha parecido tampoco que est\u00e9n muy acertados, aunque en este caso poco pod\u00edan hacer ante unas decisiones narrativas de los guionistas ampliamente cuestionables que se han convertido en un gran problema de la 2T de la que no han salido muy airosos.<\/p>\n<p><img loading=\"lazy\" class=\"aligncenter size-full wp-image-9295\" src=\"https:\/\/static-blogs.diariovasco.com\/wp-content\/uploads\/sites\/37\/2018\/11\/rappaport-jason-leigh-e1541072227100.png\" alt=\"rappaport-jason-leigh\" width=\"560\" height=\"315\" \/>De todas formas nada superaba al peor personaje de toda la serie, una joven terapeuta que pod\u00eda haber tenido un cierto sentido al escribir el gui\u00f3n inicial , pero que su desarrollo ha sido un verdadero desastre con la actriz Amy Okuda poniendo su &#8216;granazo&#8217;\u00a0de arena en tal desaguisado.<\/p>\n<p>Ante este panorama, la gran sorpresa ha venido por un personaje aparentemente menor y secundario como el de Casey, la hermana menor de Sam, que casi desde el primer episodio empez\u00f3 a despuntar como lo mejor y de lejos de la serie, muy por encima del supuesto inter\u00e9s que deb\u00eda tener el autismo del protagonista al que se ha comido en todos los sentidos.<\/p>\n<p><img loading=\"lazy\" class=\"aligncenter size-full wp-image-9297\" src=\"https:\/\/static-blogs.diariovasco.com\/wp-content\/uploads\/sites\/37\/2018\/11\/brigitte-lundy-payne-e1541072201718.jpg\" alt=\"brigitte-lundy-payne\" width=\"560\" height=\"315\" \/>La interpretaci\u00f3n de la debutante Brigette Lundy-Payne es impresionante consiguiendo dar vida a una adolescente muy interesante e independiente que intenta salir de la sombra familiar a la que su hermano le ha relegado y en la serie lo consigue absolutamente.<\/p>\n<p>Ella es la \u00fanica raz\u00f3n por la que he seguido viendo &#8216;Atypical&#8217; en especial en la 2T donde se han percatado de la joya que ten\u00edan y le han dado mucho m\u00e1s protagonismo a su personaje, con grandes escenas como la siguiente, donde ayuda a su hermano en un servicio de citas on-line<br \/>\n<iframe loading=\"lazy\" src=\"https:\/\/www.youtube.com\/embed\/ARZHpIdUsWU\" width=\"560\" height=\"315\" frameborder=\"0\" allowfullscreen=\"allowfullscreen\"><\/iframe><\/p>\n<p>Ya habr\u00e1n podido deducir mis sensaciones encontradas con &#8216;Atypical&#8217; con solo un personaje de los cinco que me parece interesante, pero es tan buena que me justificaba el marasmo creativo del resto, en especial\u00a0 de la terapeuta y la insufrible primera novia de Sam, que se llevan la palma.<\/p>\n<p>Me cuesta recomendar una serie tan irregular, pero solo por ver a Brigette Lundy-Payne vale la pena darle una oportunidad, como supongo que seguir\u00e9 haciendo en la 3T, por lo que les dejo con el \u00faltimo v\u00eddeo sobre la trastienda de la serie.<\/p>\n<p><iframe loading=\"lazy\" src=\"https:\/\/www.youtube.com\/embed\/xhRWPVveCUw\" width=\"560\" height=\"315\" frameborder=\"0\" allowfullscreen=\"allowfullscreen\"><\/iframe><br \/>\nHoy hemos agrupado dos ejemplos que son como la cal y la arena de las series con protagonistas discapacitados, mucho mejor tratada en todos los sentidos en &#8216;Sin Palabras&#8217; y bastante m\u00e1s torpe en &#8216;Atypical&#8217;, ahora ya saben a lo que atenerse.<\/p>\n<p>Esperamos sus opiniones y comentarios, aqu\u00ed o en nuestra cuenta de twitter (@lmejino). Hasta la pr\u00f3xima<br \/>\nLorenzo Mejino<\/p>\n<!-- AddThis Advanced Settings generic via filter on the_content --><!-- AddThis Share Buttons generic via filter on the_content -->","protected":false},"excerpt":{"rendered":"<p>En las series televisivas siempre han habido personajes que han tenido discapacidades f\u00edsicas desde los a\u00f1os setenta donde ten\u00edamos a detectives ciegos como &#8216;Longstreet&#8217; o inspectores en silla de ruedas como &#8216;Ironside&#8217;, pero con actores que abr\u00edan los ojos o se levantaban de la silla de ruedas al o\u00edr el &#8216;corten&#8217; del director de turno. [&hellip;]<!-- AddThis Advanced Settings generic via filter on get_the_excerpt --><!-- AddThis Share Buttons generic via filter on get_the_excerpt --><\/p>\n","protected":false},"author":61,"featured_media":0,"comment_status":"open","ping_status":"closed","sticky":false,"template":"","format":"standard","meta":[],"categories":[25,6,28,15],"tags":[4410,4412,4408,4413,4407,4411,4405,4404,4403,4414,4406,4402,4401,4409,4400],"_links":{"self":[{"href":"https:\/\/blogs.diariovasco.com\/series-gourmets\/wp-json\/wp\/v2\/posts\/9289"}],"collection":[{"href":"https:\/\/blogs.diariovasco.com\/series-gourmets\/wp-json\/wp\/v2\/posts"}],"about":[{"href":"https:\/\/blogs.diariovasco.com\/series-gourmets\/wp-json\/wp\/v2\/types\/post"}],"author":[{"embeddable":true,"href":"https:\/\/blogs.diariovasco.com\/series-gourmets\/wp-json\/wp\/v2\/users\/61"}],"replies":[{"embeddable":true,"href":"https:\/\/blogs.diariovasco.com\/series-gourmets\/wp-json\/wp\/v2\/comments?post=9289"}],"version-history":[{"count":4,"href":"https:\/\/blogs.diariovasco.com\/series-gourmets\/wp-json\/wp\/v2\/posts\/9289\/revisions"}],"predecessor-version":[{"id":9319,"href":"https:\/\/blogs.diariovasco.com\/series-gourmets\/wp-json\/wp\/v2\/posts\/9289\/revisions\/9319"}],"wp:attachment":[{"href":"https:\/\/blogs.diariovasco.com\/series-gourmets\/wp-json\/wp\/v2\/media?parent=9289"}],"wp:term":[{"taxonomy":"category","embeddable":true,"href":"https:\/\/blogs.diariovasco.com\/series-gourmets\/wp-json\/wp\/v2\/categories?post=9289"},{"taxonomy":"post_tag","embeddable":true,"href":"https:\/\/blogs.diariovasco.com\/series-gourmets\/wp-json\/wp\/v2\/tags?post=9289"}],"curies":[{"name":"wp","href":"https:\/\/api.w.org\/{rel}","templated":true}]}}