{"id":9700,"date":"2019-01-23T06:00:05","date_gmt":"2019-01-23T05:00:05","guid":{"rendered":"https:\/\/blogs.diariovasco.com\/series-gourmets\/?p=9700"},"modified":"2019-01-22T11:42:17","modified_gmt":"2019-01-22T10:42:17","slug":"fuga-de-dannemora-el-thriller-carcelario-de-gran-calidad-nunca-defrauda","status":"publish","type":"post","link":"https:\/\/blogs.diariovasco.com\/series-gourmets\/2019\/01\/23\/fuga-de-dannemora-el-thriller-carcelario-de-gran-calidad-nunca-defrauda\/","title":{"rendered":"Fuga de Dannemora :  El thriller carcelario de gran calidad nunca defrauda"},"content":{"rendered":"<p>El subg\u00e9nero carcelario nos ha proporcionado desde hace muchos a\u00f1os memorables pel\u00edculas que perduran en el recuerdo y en el terreno televisivo tampoco se han quedado cortos con la fabulosa &#8216;OZ&#8217;,\u00a0 la argentina &#8216;El Marginal&#8217;, la 1T de &#8216;Prison Break&#8217; ( del resto prefiero no hablar) y en el terreno femenino joyas como &#8216;Orange is The New Black&#8217;, &#8216;Wentworth&#8217; o nuestra &#8216;Vis a Vis&#8217; .<\/p>\n<p>A todas ellas podemos a\u00f1adir en un lugar estelar la miniserie &#8216;Fuga de Dannemora&#8217; que explica de una forma adictiva y brillante una historia basada en la fuga real de dos presos de una prisi\u00f3n de m\u00e1xima seguridad en el a\u00f1o 2015. Todo ellos con\u00a0 tres actores principales en estado de gracia y\u00a0 demostrando que siempre se pueden encontrar \u00e1ngulos interesantes y novedosos en los dramas carcelarios como les vamos a analizar en la presente entrada sobre uno de los mejores estrenos recientes.<\/p>\n<p><strong><img loading=\"lazy\" class=\"aligncenter size-full wp-image-9705\" src=\"https:\/\/static-blogs.diariovasco.com\/wp-content\/uploads\/sites\/37\/2019\/01\/destacada-4-e1547723107919.jpg\" alt=\"destacada\" width=\"560\" height=\"373\" \/>Ficha:<\/strong> Escape at Dannemora ( Fuga en Dannemora) 8 episodios. 60 m Nov-Dic 2018\u00a0 <strong>Cadena:<\/strong> Showtime (USA)- Movistar Series (E)<\/p>\n<p><strong>Sinopsis:<\/strong><br \/>\nLa reconstrucci\u00f3n minuciosa y ficcionada de la fuga real de dos presos Richard Matt y David Sweat que consiguieron escapar en el verano de 2015 de la prisi\u00f3n de m\u00e1xima seguridad de Clinton al Norte del Estado de Nueva York.<\/p>\n<p>Ambos contaron con la ayuda y colaboraci\u00f3n directa de Tilly Mitchell, la responsable del taller de costura de la prisi\u00f3n, que fue seducida por ambos presos para ganarse su confianza y obtener los instrumentos necesarios para poder excavar su salida hacia el exterior.<\/p>\n<p><strong>El inicio:<\/strong> La fuga de los dos presos en verano de 2015 y su posterior persecuci\u00f3n por los bosques del estado de Nueva York colindantes con la frontera canadiense, desat\u00f3 una aut\u00e9ntica fiebre informativa por explicar hasta el m\u00e1s m\u00ednimo detalle de esa fuga y la caza posterior.<\/p>\n<p>Dos de esos espectadores \u00e1vidos de informaci\u00f3n eran Brett Johnson y Michael Tolkin, dos guionistas que se conocieron en la sala de guionistas de &#8216;Ray Donovan&#8217; y\u00a0 que a pesar de pertenecer a dos generaciones diferentes y con dos trayectorias muy dispares congeniaron r\u00e1pidamente para escribir conjuntamente varios guiones de esa serie e iniciar una colaboraci\u00f3n para nuevos proyectos.<\/p>\n<p>Michael Tolkin es un magn\u00edfico exponente del novelista y guionista cinematogr\u00e1fico de la vieja escuela con grandes pel\u00edculas en su haber como la gran &#8216;The Player&#8217; de Robert Altman basada en una novela suya, que le vali\u00f3 una nominaci\u00f3n al Oscar, firmando posteriormente tambi\u00e9n entre otros el gui\u00f3n de &#8216;Deep Impact&#8217;.<\/p>\n<p><img loading=\"lazy\" class=\"aligncenter size-full wp-image-9706\" src=\"https:\/\/static-blogs.diariovasco.com\/wp-content\/uploads\/sites\/37\/2019\/01\/michael-tolkin.jpg\" alt=\"michael-tolkin\" width=\"275\" height=\"183\" \/>M\u00e1s adelante dej\u00f3 el cine para concentrarse en su producci\u00f3n novel\u00edstica, hasta que a principios de esta d\u00e9cada no pudo resistirse a la llamada de Ann Biderman para que colaborar\u00e1 en &#8216;Ray Donovan&#8217; para empezar su carrera televisiva, aportando su enorme experiencia a la sala de guionistas.<\/p>\n<p>Brett Johnson empez\u00f3 su carrera como ayudante de producci\u00f3n en diversos v\u00eddeos para Playboy para m\u00e1s adelante acabar como el principal documentalista de una serie tan minuciosa con el pasado como &#8216;Mad Men&#8217; bajo la tutela directa de Matthew Weiner que lo ascendi\u00f3 a guionista, firmando su primer gui\u00f3n en esta gran serie.<\/p>\n<p><img loading=\"lazy\" class=\"aligncenter size-full wp-image-9704\" src=\"https:\/\/static-blogs.diariovasco.com\/wp-content\/uploads\/sites\/37\/2019\/01\/brett-johnson-e1547723120343.jpg\" alt=\"brett-johnson\" width=\"560\" height=\"371\" \/>Con ese bagaje le fue m\u00e1s f\u00e1cil encontrar trabajo en &#8216;Ray Donovan&#8217; donde conoci\u00f3 a su nuevo compinche Michael Tolkin, con el que estaba viendo en 2015 las noticias y empezaron a trabajar en un posible gui\u00f3n sobre esa historia, para una pel\u00edcula o miniserie, cuando todav\u00eda estaban en plena fuga y sin saber el desenlace.<\/p>\n<p>Una de las primeras personas con\u00a0 que contactaron sus agentes fue\u00a0 Ben Stiller que estaba buscando oportunidades para dirigir, pero el proyecto no le convenci\u00f3 por la falta de detalles del guion con demasiadas especulaciones para su gusto.<\/p>\n<p><img loading=\"lazy\" class=\"size-full wp-image-9702\" src=\"https:\/\/static-blogs.diariovasco.com\/wp-content\/uploads\/sites\/37\/2019\/01\/ben-stiller-e1547723155699.jpg\" alt=\"Mandatory Credit: Photo by SEBASTIEN NOGIER\/EPA-EFE\/REX\/Shutterstock (9933477h) US actor Ben Stiller poses during a photocall for the TV show 'Escape at Dannemora' at the annual MIPCOM - The World's Entertainment Content Market in Cannes, France, 15 October 2018. The media event runs from 15 to 18 October. MIPCOM television content market 2018, Cannes, France - 15 Oct 2018\" width=\"560\" height=\"315\" \/><\/p>\n<p>Todo cambi\u00f3 cuando el departamento de prisiones public\u00f3 un largo y sesudo informe sobre todas las circunstancias de la fuga, lo que sirvi\u00f3 a los dos autores para rehacer su gui\u00f3n con todos esos datos reales y de paso convencer plenamente a Ben Stiller para que se embarcara en el proyecto con esa base real y comprobada.<\/p>\n<p>Las buenas relaciones de los dos autores con la cadena Showtime , donde se emit\u00eda Ray Donovan, facilitaron su compra del proyecto , con la cadena insistiendo en buscar un reparto atractivo con nombres importantes para poder llamar la atenci\u00f3n de sus suscriptores y poder optar a algo en la temporada de premios,<\/p>\n<p>Tras diversos problemas para iniciar el rodaje, consiguieron el permiso para rodar parte de la serie en la misma penitenciaria donde se produjo la fuga, dejando todo preparado para su estreno en el oto\u00f1o de este a\u00f1o, con la siguiente promoci\u00f3n del primer episodio.<br \/>\n<iframe loading=\"lazy\" src=\"https:\/\/www.youtube.com\/embed\/9ZC4j2kvb38\" width=\"560\" height=\"315\" frameborder=\"0\" allowfullscreen=\"allowfullscreen\"><\/iframe><br \/>\nLa serie tuvo grandes cr\u00edticas pero unas audiencias muy peque\u00f1as en su estreno, pero poco a poco fueron creciendo, lo que es una muestra inequ\u00edvoca de que cada vez m\u00e1s gente se iba enganchando hasta llegar al episodio final que tuvo m\u00e1s del doble de espectadores que el inicial.<\/p>\n<p><strong>La trama:<\/strong> &#8216; Fuga de Dannemora&#8217; tiene una estructura poco convencional, ya que en su primera escena nos muestra claramente que los dos presos se han fugado y empiezan interrogando a su posible c\u00f3mplice Tilly para determinar su colaboraci\u00f3n, lo que desvanece desde un inicio la posible incertidumbre de si conseguir\u00e1n fugarse o no, el tema m\u00e1s habitual en las series carcelarias.<\/p>\n<p>Aunque nos pueda parecer raro a las personas que desconoc\u00edamos la historia real, no hemos de olvidar que fue un caso\u00a0 muy famoso en los EEUU, por lo que intentar mantener la tensi\u00f3n de una forma artificial cuando mucha gente conoce el resultado final, podr\u00eda resultar hasta contraproducente para el desarrollo de la serie.<\/p>\n<p>Al desvelar esa inc\u00f3gnita nada m\u00e1s empezar, los guionistas han podido estructurar la serie en tres partes muy diferentes, que est\u00e1n separadas por ese punto de inflexi\u00f3n temporal de la fuga, pero siempre como una serie donde lo que importan son los tres personajes principales y sus motivaciones para hacer lo que hacen, en lugar de recrearse con innumerables explicaciones de los planes de fuga, como dejan claro desde el propio trailer de la serie.<br \/>\n<iframe loading=\"lazy\" src=\"https:\/\/www.youtube.com\/embed\/RVbOjP1Ziec\" width=\"560\" height=\"315\" frameborder=\"0\" allowfullscreen=\"allowfullscreen\"><\/iframe><br \/>\nDe esta forma, &#8216;Fuga en Dannemora&#8217; tiene los cinco primeros episodios para mostrarnos desde el inicio, los preparativos de la fuga y en especial la extra\u00f1a relaci\u00f3n que se produce entre el tr\u00edo protagonista dentro de los muros de la prisi\u00f3n, aderezado por la complicada relaci\u00f3n personal de Tilly con su marido fuera del horario laboral, a pesar de que ambos trabajan en la prisi\u00f3n que es la principal empresa del condado.<\/p>\n<p>Conocemos en profundidad a los dos reclusos Richard Matt y David Sweat, de los que se nos omite flagr\u00e1ntemente las causas y la duraci\u00f3n de su condena en todo ese tramo inicial, que nos ser\u00e1n revelados en el momento m\u00e1s oportuno de la serie y con una gran carga dram\u00e1tica.<\/p>\n<p>Su forma de ganarse la confianza de la incauta Tilly que solo busca un poco de atenci\u00f3n y cari\u00f1o que su marido ya no le da, es la parte principal de esa primera parte, hasta que ambos planean su huida de la prisi\u00f3n, con la colaboraci\u00f3n de ella que oscila entre voluntaria y forzada dependiendo del momento.<\/p>\n<p>La vida carcelaria nos es mostrada como un recurso para desarrollar a los dos personajes de los reclusos en especial en su relaci\u00f3n con los guardas carcelarios, con un hincapi\u00e9 especial en el contacto entre Richard Matt que ha desarrollado unas grandes dotes art\u00edsticas en la prisi\u00f3n y Gene Palmer ( el siempre solvente David Morse) el jefe de los guardias responsables de su sector, con una especie de confianza mutua .<\/p>\n<p>Los dos presos se distribuyen las tareas de la fuga, con David Sweat, el m\u00e1s joven, encarg\u00e1ndose de las tareas de excavaci\u00f3n e ingenier\u00eda, mientras que su compa\u00f1ero se encarga de las tareas log\u00edsticas y de distracci\u00f3n del personal.<\/p>\n<p>Un punto interesante de este tramo inicial es la linealidad absoluta del plan de fuga, sin recurrir a los habituales trucos para complicar la posible escapada (cambios de guardias, chivatos que se enteran del plan, inspecciones sorpresas, etc), por lo que el punto culminante de la serie es el episodio quinto, que corresponde de forma exclusiva a la fuga propiamente dicha.<\/p>\n<p>En este episodio Ben Stiller opta por un estilo de rodaje muy directo, con mucho plano secuencia, para que el espectador tenga la sensaci\u00f3n de que es el tercer miembro de la fuga, mientras que se desplaza o va reptando por los t\u00faneles y tuber\u00edas en busca de su preciada libertad en compa\u00f1\u00eda de los dos reos. El resultado es uno de los mejores episodios del a\u00f1o, por su gran tensi\u00f3n y el excelente trabajo de todos los actores, como el propio director comenta en el siguiente v\u00eddeo<br \/>\n<iframe loading=\"lazy\" src=\"https:\/\/www.youtube.com\/embed\/EMbyBYgQxLU\" width=\"560\" height=\"315\" frameborder=\"0\" allowfullscreen=\"allowfullscreen\"><\/iframe><br \/>\nLa segunda parte de la historia, la constituye exclusivamente el episodio sexto, que es utilizado para mostrarnos el pasado de los tres personajes, en especial para\u00a0conocer las razones por las que los dos presos han entrado en ese correccional de alta seguridad, rodado adem\u00e1s de forma diferente con c\u00e1mara de 16mm, para reforzar esa sensaci\u00f3n del pasado.<\/p>\n<p>La clave de este episodio es borrar cualquier atisbo de simpat\u00eda que pudi\u00e9ramos tener por semejante pareja de delincuentes y que l\u00f3gicamente hemos ido desarrollando durante la primera parte de la serie. De esta forma con este ba\u00f1o de realidad al conocer lo que han hecho, dejan todo preparado para el tramo final que es la caza humana de los dos delincuentes con todos los medios que puso el gobernador de Nueva York para capturarlos.<\/p>\n<p>Los \u00faltimos dos episodios se dedican a las consecuencias de la fuga, centr\u00e1ndose en esa caza humana y en las consecuencias para la\u00a0pobre Tilly en manos de los interrogatorios de fiscales y polic\u00edas, todo ello tratado de una forma m\u00e1s convencional como un largo ep\u00edlogo necesario tras el n\u00facleo central de la miniserie que finaliza en la fuga propiamente dicha.<\/p>\n<p>&#8216;Fuga de Dannemora&#8217;\u00a0me ha parecido\u00a0 una miniserie excelente como el resultado del trabajo conjunto de dos grandes guionistas, un director muy inspirado e innovador y tres actores en estado de gracia, apoyados en un grupo de s\u00f3lidos secundarios.<\/p>\n<p>Su construcci\u00f3n va de menos a m\u00e1s que es lo que necesitan este tipo de historias para hacer que sus personajes crezcan a trav\u00e9s de sus di\u00e1logos e interacciones, huyendo del recurso f\u00e1cil de las peleas y la violencia carcelaria, que solo es utilizada en muy contadas ocasiones y casi nunca en referencia a la pareja principal.<\/p>\n<p>He disfrutado de lo lindo viendo a Benicio del Toro, Paul Dano y Patricia Arquette hacer algunas de las mejores interpretaciones de sus ilustres carreras en una serie que nos va capturando poco a poco, hasta llegar al cl\u00edmax de esos dos episodios centrales que ya les adelanto que es de lo mejor que van a ver este a\u00f1o en televisi\u00f3n.<\/p>\n<p>Es una lastima que el tramo final sea algo anticlim\u00e1tico en comparaci\u00f3n a todo lo que hemos vivido anteriormente, pero desde un punto de vista narrativo es el colof\u00f3n que necesitaba la historia para cerrar esa fuga de Richard Matt y David Sweat, que acapar\u00f3 todos los informativos del pa\u00eds durante tres semanas.<\/p>\n<p><strong>Los actores:<\/strong> El portorrique\u00f1o Benicio del Toro es un actor con una magn\u00edfica trayectoria art\u00edstica plagada de personajes complejos y con muchas aristas como el de Richard Matt que ha clavado con su solvencia habitual.<\/p>\n<p>Tras hacer de traficante de drogas o camello en sus inicios televisivos, su salto a la fama llego con un gran personaje en la fabulosa &#8216;Sospechosos Habituales&#8217; que nos descubri\u00f3 a un maravilloso actor. Tras ese papel su carrera no hizo m\u00e1s que ascender hasta conseguir el Oscar al mejor actor secundario por el personaje de un polic\u00eda quemado en &#8216;Traffic&#8217;.<\/p>\n<p><img loading=\"lazy\" class=\"aligncenter size-full wp-image-9703\" src=\"https:\/\/static-blogs.diariovasco.com\/wp-content\/uploads\/sites\/37\/2019\/01\/benicio-del-toro-e1547723141148.jpg\" alt=\"benicio-del-toro\" width=\"560\" height=\"373\" \/>Ha ido enlazando grandes papeles en pel\u00edculas como &#8217;21 Gramos&#8217;, &#8216;Che&#8217; o recientemente &#8216;Sicario&#8217; , pero lo cierto es apenas hab\u00eda aparecido en televisi\u00f3n desde un memorable papel en sus inicios el a\u00f1o 1990 en la gran miniserie &#8216;Drugs Wars. The Camarena Story&#8217; y ha sido una verdadera delicia verle actuar con ese tono socarr\u00f3n y cercano que suele dar a sus personajes por despreciables que puedan ser<\/p>\n<p>La gran estrella de la miniserie ha sido sin lugar a dudas Patricia Arquette, que no dud\u00f3 en engordar casi quince kilos por exigencias del gui\u00f3n, lo mismo que hizo\u00a0 Eric Lange el magn\u00edfico secundario que encarna al garrulo de su marido, para mimetizarse mejor con el personaje de Tilly Mitchell, la c\u00f3mplice de la huida.<\/p>\n<p>De hecho el rodaje se detuvo durante m\u00e1s de un mes para permitirles a ambos actores perder todos esos kilos ganados para rodar delgados las escenas del flashback del sexto episodio, que son las \u00faltimas que se rodaron.<\/p>\n<p>Su interpretaci\u00f3n es verdaderamente fabulosa como una mujer que vive en su propia prisi\u00f3n particular con una vida rutinaria en un pueblo del que nunca ha salido y que ve la posibilidad de unirse a esa fuga como un medio para escapar de\u00a0su encierro con puertas abiertas. Es capaz de crear un personaje que pasa de ingenua a rabiosa o resabiada en breves instantes y que ya le ha valido el Globo de Oro a la mejor actriz en miniserie, el primero de una probable larga lista.<\/p>\n<p><img loading=\"lazy\" class=\"aligncenter size-full wp-image-9701\" src=\"https:\/\/static-blogs.diariovasco.com\/wp-content\/uploads\/sites\/37\/2019\/01\/arquette-e1547723167577.jpg\" alt=\"arquette\" width=\"560\" height=\"385\" \/><\/p>\n<p>La carrera de Patricia Arquette ha sido curiosa destacando primero en el terreno cinematogr\u00e1fico con grandes pel\u00edculas de grandes directores como Tony Scott, Tim Burton o David Lynch en los a\u00f1os noventa como &#8216;True Romance&#8217; , &#8216;Ed Wood&#8217;, &#8216;The Hi-Lo Country&#8217; o &#8216;Lost Highway.<\/p>\n<p>El cambio de siglo no le sent\u00f3 muy bien y al empezar a escasear los papeles cinematogr\u00e1ficos de calidad, no dud\u00f3 en pasarse a la televisi\u00f3n para protagonizar &#8216;Medium&#8217; que le proporcion\u00f3 el Emmy a la mejor actriz en 2005, junto con muchas otras nominaciones.<\/p>\n<p>Al finalizar esta serie se qued\u00f3 en este medio televisivo, alternado joyas como<a href=\"https:\/\/blogs.diariovasco.com\/series-gourmets\/2013\/02\/27\/boardwalk-empire-la-vision-de-martin-scorsese-de-la-ley-seca-de-los-anos-veinte\/\"> &#8216;Boardwalk Empire&#8217; <\/a>con bodrios como <a href=\"https:\/\/blogs.diariovasco.com\/series-gourmets\/2015\/08\/19\/csi-cyber-copiar-resetear-y-formatear-una-franquicia\/\">&#8216;CSI Cyber&#8217;<\/a>, pero con este personaje se ha redimido por completo de todas las dudosas decisiones art\u00edsticas que haya podido tomar.<\/p>\n<p>El tercer miembro en discordia del tr\u00edo protagonista, es el camale\u00f3nico Paul Dano, uno de esos actores dif\u00edciles de reconocer a primera vista por su capacidad de cambiar de fisonom\u00eda para adecuarse a cada personaje como le sucede en esta ocasi\u00f3n para interpretar al peligroso preso que es David Sweat, el cerebro de la fuga<\/p>\n<p><img loading=\"lazy\" class=\"aligncenter size-full wp-image-9707\" src=\"https:\/\/static-blogs.diariovasco.com\/wp-content\/uploads\/sites\/37\/2019\/01\/paul-dano.jpg\" alt=\"paul-dano\" width=\"300\" height=\"168\" \/>El neoyorquino Dano fue un actor muy precoz apareciendo en obras de Broadway a los doce a\u00f1os y en el cine a los diecis\u00e9is pero siempre en papeles de cierta responsabilidad en obras adultas. Su salto a la fama vino dado por el personaje de un mudo voluntario en &#8216;Little Miss Sunshine&#8217;.<\/p>\n<p>Ese papel le abri\u00f3 las puertas de Hollywood donde se ha caracterizado por esa capacidad de cambiar de aspecto con suma facilidad para realzar sus personajes, casi siempre\u00a0 en el marco del cine independiente y con directores arriesgados como Richard Linklater y Paul Thomas Anderson.<\/p>\n<p>A pesar de centrarse casi exclusivamente en el cine no dud\u00f3 en aceptar un papel importante en una reciente versi\u00f3n brit\u00e1nica de &#8216;Guerra y paz&#8217; o ahora en &#8216;Fuga en Dannemora&#8217; donde debo admitir que no relacion\u00e9 su nuevo aspecto con su nombre hasta bien entrado el primer episodio de la serie, prueba de esa capacidad camale\u00f3nica que le caracteriza.<\/p>\n<p><strong>Final :<\/strong> &#8216;Fuga de Dannemora&#8217; ya ha empezado a cosechar premios en las primeras galas del a\u00f1o, en especial para Patricia Arquette que tiene la pinta de que puede arrasar como mejor actriz en miniseries, como ya ha empezado en los Globos de Oro, por lo que tienen mi recomendaci\u00f3n efusiva para que se animen a ver esta gran miniserie que seguro que nos le va a defraudar si tienen la paciencia de dejarse llevar por la construcci\u00f3n de los tres personajes centrales.<\/p>\n<p>Para finalizar les dejo con un v\u00eddeo donde se explican las circunstancias del rodaje y en especial su relaci\u00f3n con los hechos reales que explican en la miniserie.<br \/>\n<iframe loading=\"lazy\" src=\"https:\/\/www.youtube.com\/embed\/uKnbzqTzYgA\" width=\"560\" height=\"315\" frameborder=\"0\" allowfullscreen=\"allowfullscreen\"><\/iframe><br \/>\nEsperamos sus opiniones y comentarios, aqu\u00ed o en nuestra cuenta de twitter (@lmejino). Hasta la pr\u00f3xima<\/p>\n<p>Lorenzo Mejino<\/p>\n<!-- AddThis Advanced Settings generic via filter on the_content --><!-- AddThis Share Buttons generic via filter on the_content -->","protected":false},"excerpt":{"rendered":"<p>El subg\u00e9nero carcelario nos ha proporcionado desde hace muchos a\u00f1os memorables pel\u00edculas que perduran en el recuerdo y en el terreno televisivo tampoco se han quedado cortos con la fabulosa &#8216;OZ&#8217;,\u00a0 la argentina &#8216;El Marginal&#8217;, la 1T de &#8216;Prison Break&#8217; ( del resto prefiero no hablar) y en el terreno femenino joyas como &#8216;Orange is [&hellip;]<!-- AddThis Advanced Settings generic via filter on get_the_excerpt --><!-- AddThis Share Buttons generic via filter on get_the_excerpt --><\/p>\n","protected":false},"author":61,"featured_media":0,"comment_status":"open","ping_status":"closed","sticky":false,"template":"","format":"standard","meta":[],"categories":[5,6,27,28,15],"tags":[4593,4592,690,4594,4590,4591,2117,2135],"_links":{"self":[{"href":"https:\/\/blogs.diariovasco.com\/series-gourmets\/wp-json\/wp\/v2\/posts\/9700"}],"collection":[{"href":"https:\/\/blogs.diariovasco.com\/series-gourmets\/wp-json\/wp\/v2\/posts"}],"about":[{"href":"https:\/\/blogs.diariovasco.com\/series-gourmets\/wp-json\/wp\/v2\/types\/post"}],"author":[{"embeddable":true,"href":"https:\/\/blogs.diariovasco.com\/series-gourmets\/wp-json\/wp\/v2\/users\/61"}],"replies":[{"embeddable":true,"href":"https:\/\/blogs.diariovasco.com\/series-gourmets\/wp-json\/wp\/v2\/comments?post=9700"}],"version-history":[{"count":4,"href":"https:\/\/blogs.diariovasco.com\/series-gourmets\/wp-json\/wp\/v2\/posts\/9700\/revisions"}],"predecessor-version":[{"id":9732,"href":"https:\/\/blogs.diariovasco.com\/series-gourmets\/wp-json\/wp\/v2\/posts\/9700\/revisions\/9732"}],"wp:attachment":[{"href":"https:\/\/blogs.diariovasco.com\/series-gourmets\/wp-json\/wp\/v2\/media?parent=9700"}],"wp:term":[{"taxonomy":"category","embeddable":true,"href":"https:\/\/blogs.diariovasco.com\/series-gourmets\/wp-json\/wp\/v2\/categories?post=9700"},{"taxonomy":"post_tag","embeddable":true,"href":"https:\/\/blogs.diariovasco.com\/series-gourmets\/wp-json\/wp\/v2\/tags?post=9700"}],"curies":[{"name":"wp","href":"https:\/\/api.w.org\/{rel}","templated":true}]}}