{"id":101,"date":"2006-12-31T19:02:51","date_gmt":"2006-12-31T19:02:51","guid":{"rendered":"http:\/\/blogs.diariovasco.com\/sesioncontinua\/?p=101"},"modified":"2006-12-31T19:02:51","modified_gmt":"2006-12-31T19:02:51","slug":"cine_para_empezar_el_ano","status":"publish","type":"post","link":"https:\/\/blogs.diariovasco.com\/sesioncontinua\/2006\/12\/31\/cine_para_empezar_el_ano\/","title":{"rendered":"Cine para empezar el a\u00f1o"},"content":{"rendered":"<p><DIV align=justify><FONT face=Verdana size=2>Ya s\u00e9 que a estas alturas de calendario lo que toca son las t\u00edpicas listas de lo mejor del a\u00f1o. Pero a m\u00ed, me interesa m\u00e1s mi futuro que mi pasado. As\u00ed que me he puesto a indagar qu\u00e9 pelis est\u00e1 previsto que se estrenen en las pr\u00f3ximas semanas. Digo lo de previsto porque las distribuidoras en Espa\u00f1a son muy dadas a cambiar las fechas de estreno en el \u00faltimo momento. As\u00ed que tampoco planifiqu\u00e9is la agenda en funci\u00f3n de las fechas anunciadas&#8230;<BR><BR><IMG height=150 src=\"\/sesioncontinua\/wp-content\/uploads\/sites\/17\" width=105><\/FONT><FONT face=Verdana size=2><IMG height=150 src=\"\/sesioncontinua\/wp-content\/uploads\/sites\/17\" width=104><\/FONT><FONT face=Verdana size=2><IMG height=150 src=\"..\/..\/media\/LEMMING.jpg\" width=110><\/FONT><FONT face=Verdana size=2><IMG height=150 src=\"\/sesioncontinua\/wp-content\/uploads\/sites\/17\" width=102><IMG height=150 src=\"\/sesioncontinua\/wp-content\/uploads\/sites\/17\" width=101><BR><\/FONT><\/DIV><br \/>\n<FONT face=Verdana size=2><BR><B><U>3 de enero<\/U><\/B><BR><BR><\/FONT><br \/>\n<DIV align=justify><FONT face=Verdana size=2><B>&#8220;Banderas de nuestros Padres&#8221;<\/B> de Clint Eastwood. Nueva colaboraci\u00f3n del equipo creador de &#8220;Million Dollar Baby&#8221; (Eastwood director\/ Haggis guionista tambi\u00e9n director &#8211; guionista de &#8220;Crash&#8221;). Las cr\u00f3nicas desde los Estados Unidos nos cuentan que \u00e9sta es la menos buena del par &#8220;Banderas de nuestros padres&#8221; \/ &#8220;Cartas desde Iwo Jima&#8221; que Eastwood ha rodado sobre la batalla de Iwo Jima en la II Guerra Mundial.<BR><BR><B>&#8220;Hollywoodland&#8221;<\/B> con Adrien Brody, Ben Affleck, Diane Lane y Bob Hoskins. Por incre\u00edble que parezca Ben Affleck logr\u00f3 la Copa Volpi del mejor actor en Venecia&#8217;06 por su interpretaci\u00f3n de este thriller ambientado en el Hollywood de los 50. Habr\u00e1 que ver la peli para asimilarlo.<BR><BR><B>&#8220;Lemming&#8221; <\/B>de Dominik Moll. El director de &#8220;Harry, un amigo que os quiere&#8221; inaugur\u00f3 Cannes&#8217;05 con esta pel\u00edcula protagonizada por Charlotte Gainsbourg, Charlotte Rampling y Andr\u00e9 Dussolier.<BR><BR><U><B>5 de enero<\/B><\/U><BR><BR><B>&#8220;Mar\u00eda Antonieta&#8221;<\/B> de Sofia Coppola. Se present\u00f3 en Cannes&#8217;06 la nueva peli de la directora de &#8220;Las V\u00edrgenes Suicidas&#8221; y &#8220;Lost in Translation&#8221;. Por esas cosas que uno no acaba de entender hasta aqu\u00ed nos lleg\u00f3 la idea de que fue muy mal recibida, cuando en realidad no qued\u00f3 nada mal colocada en las quinielas de la cr\u00edtica. No es una pel\u00edcula redonda, pero es una nueva demostraci\u00f3n de que la hija de Francis Ford sabe de qu\u00e9 va esto del cine.<BR><BR><B><U>12 de enero<\/U><\/B><BR><BR><B>&#8220;Rocky Balboa&#8221;<\/B> de y con Sylvester Stallone. Por incre\u00edble que parezca la han rodado, m\u00e1s de 15 a\u00f1os despu\u00e9s del estreno de la anterior entrega. Y Sly a sus 60 a\u00f1os boxea. Y no ha funcionado mal en la taquilla norteamericana. Y la cr\u00edtica ha dicho que no es tan mala como se podr\u00eda prever. Ver para creer. Y si a alguien le quedan ganas de m\u00e1s Stallone, para 2008 est\u00e1 previsto el estreno de &#8220;Rambo IV&#8221;. Y de verdad que aunque lo parezca no es una inocentada.<BR><BR><B>&#8220;El Truco Final&#8221; (The Prestige)<\/B> de Christopher Nolan con Hugh Jackman, Christian Bale, Michael Caine y Scarlett Johansson. Tras &#8220;Memento&#8221;, &#8220;Insomnio&#8221; y &#8220;Batman Begins&#8221;, Nolan nos trae una historia de magos llena de sorpresas y giros argumentales ambientada en el Londres de principios del siglo XX. Si alguien se qued\u00f3 con ganas de m\u00e1s con &#8220;El Ilusionista&#8221;, aqu\u00ed tiene otra raci\u00f3n. En esta ocasi\u00f3n, les perdonamos que cambien el t\u00edtulo original ya que suena a petrolero hundido.<BR><BR><IMG height=150 src=\"\/sesioncontinua\/wp-content\/uploads\/sites\/17\" width=101><IMG height=150 src=\"\/sesioncontinua\/wp-content\/uploads\/sites\/17\" width=101><IMG height=150 src=\"\/sesioncontinua\/wp-content\/uploads\/sites\/17\" width=101><IMG height=150 src=\"\/sesioncontinua\/wp-content\/uploads\/sites\/17\" width=101><IMG height=150 src=\"\/sesioncontinua\/wp-content\/uploads\/sites\/17\" width=106><BR><BR><U><B>19 de enero<BR><BR><\/B><\/U><B>&#8220;Apocalypto&#8221; <\/B>de Mel Gibson. El australiano-norteamericano aplica el tratamiento &#8220;Braveheart&#8221;\/&#8221;La Pasi\u00f3n de Cristo&#8221; (brillantez visual, violencia expl\u00edcita) al declive de la civilizaci\u00f3n maya.<BR><BR><B>&#8220;Bobby&#8221;<\/B> de Emilio Estevez. Partiendo del asesinato de Bobby Kennedy, el hijo de Michael Sheen analiza la situaci\u00f3n de los Estados Unidos de finales de los 60 con un reparto espectacular en papeles epis\u00f3dicos y cameos.<BR><BR><U><B>26 de enero<\/B><\/U><BR><\/FONT><FONT size=2><BR><B>&#8220;Dreamgirls&#8221;<\/B> de Bill Condon con Beyonc\u00e9 Knowles, Jamie Foxx, Eddie Murphy y Jennifer Hudson. A d\u00eda de hoy este musical inspirado en The Supremes (no las de Mostoles) y Diana Ross es la pel\u00edcula a batir de cara a los Oscars. Los dos de interpretaciones secundarias parecen casi asegurados. Cuentan que los n\u00fameros musicales son espectaculares.<BR><BR><B>&#8220;La vida abismal&#8221;<\/B> de Ventura Pons. Fiel a su cita de todos los principios de a\u00f1o, el director catal\u00e1n adapta esta vez la novela &#8220;La vida en el abismo&#8221; de Ferr\u00e1n Torrent. Es previsible que como casi siempre luego vaya a la Berlinale&#8217;07. Protagoniza Oscar Jaenada.<BR><BR><B>&#8220;Offside&#8221; de Jafar Panahi.<\/B> El director de &#8220;El C\u00edrculo&#8221; vuelve a denunciar la situaci\u00f3n de discriminaci\u00f3n en la que viven las mujeres en Ir\u00e1n, esta vez&nbsp;a trav\u00e9s de las andanzas de un grupo de mujeres para poder ver un partido de futbol. Gan\u00f3 el premio al mejor director de la Berlinale&#8217;06 y el de mejor interpretaci\u00f3n femenina y el del Jurado Juvenil en Gij\u00f3n&#8217;06.<BR><BR><IMG height=150 src=\"\/sesioncontinua\/wp-content\/uploads\/sites\/17\" width=108><IMG height=150 src=\"\/sesioncontinua\/wp-content\/uploads\/sites\/17\" width=101><IMG height=150 src=\"\/sesioncontinua\/wp-content\/uploads\/sites\/17\" width=105><IMG height=150 src=\"\/sesioncontinua\/wp-content\/uploads\/sites\/17\" width=101><IMG height=150 src=\"\/sesioncontinua\/wp-content\/uploads\/sites\/17\" width=101><BR><BR><U><B>2 de febrero<BR><BR><\/B><\/U><B>&#8220;The Host&#8221; <\/B>de Bong Joon-ho, el director de &#8220;Memories of murder&#8221;. Se present\u00f3 en Cannes&#8217;06, triunf\u00f3 en Sitges&#8217;06 y clausur\u00f3 nuestra Semana de Cine Fant\u00e1stico y de Terror&#8217;06. Ha arrasado en taquilla en Corea del Sur (ha recaudado el triple que &#8220;Piratas del Caribe 2&#8221; y 6 veces la taquilla de &#8220;Superman Returns&#8221;) y es la pel\u00edcula de g\u00e9nero fant\u00e1stico del a\u00f1o.<BR><BR><U><B>9 de febrero<\/B><\/U><BR><BR><B>&#8220;Black Book&#8221;<\/B> de Paul Verhoeven. El director de &#8220;Instinto B\u00e1sico&#8221;, &#8220;Desaf\u00edo Total&#8221; o &#8220;Robocop&#8221; vuelve a su Holanda natal para dirigir esta pel\u00edcula sobre la lucha por la supervivencia de una cantante jud\u00eda en la Holanda ocupada por los nazis que logr\u00f3 el apoyo de gran parte de la cr\u00edtica en Venecia&#8217;06.<BR><BR><B>&#8220;Days of Glory&#8221; o &#8220;Indig\u00e8nes&#8221;<\/B>. Esta especie de &#8220;Salvar al soldado Ryan&#8221; a la francesa-argelina sobre los soldados argelinos que lucharon por Francia en la II Guerra Mundial triunf\u00f3 en Cannes&#8217;06 y en las taquilla francesas. Recomendable, aunque se eche de menos un poco m\u00e1s de originalidad.<BR><BR><B>&#8220;Diamante de Sangre&#8221;<\/B> con Leonardo DiCaprio. Ed Zwick (&#8220;El \u00faltimo samurai&#8221;, &#8220;Leyendas de Pasi\u00f3n&#8221;, &#8220;Tiempos de Gloria&#8221;) dirige a DiCaprio, Jennifer Connelly y Djimon Honsou en este thriller con aspiraciones de de denuncia pol\u00edtica sobre el tr\u00e1fico ilegal de diamantes.<BR><BR><B>&#8220;El \u00faltimo rey de Escocia&#8221; <\/B>con Forest Whitaker. Todo parece indicar que el int\u00e9rprete afroamericano podr\u00eda ganar el Oscar al mejor actor por su recreaci\u00f3n del dictador Idi Amin. Cine pol\u00edtico de primera.<BR><BR><B>&#8220;Little Children&#8221;<\/B> de Todd Field con Kate Winslet y Jennifer Connelly. El director de la excelente &#8220;En la habitaci\u00f3n&#8221; ha vuelto a dar en la diana con este drama sobre las complicadas relaciones entre matrimonios j\u00f3venes de un barrio residencial que se conocen en los parques en los que juegan sus ni\u00f1os.&nbsp;Ya ha conseguido numerosos premios, aunque quiz\u00e1 demasiado&nbsp;dura de cara a los Oscars. Uno de los mejores <A href=\"http:\/\/www.littlechildrenmovie.com\/\">trailers<\/A> del a\u00f1o.<BR><BR><IMG height=150 src=\"\/sesioncontinua\/wp-content\/uploads\/sites\/17\" width=101><IMG height=150 src=\"\/sesioncontinua\/wp-content\/uploads\/sites\/17\" width=101><IMG height=150 src=\"\/sesioncontinua\/wp-content\/uploads\/sites\/17\" width=100><IMG height=150 src=\"\/sesioncontinua\/wp-content\/uploads\/sites\/17\" width=104><IMG height=150 src=\"\/sesioncontinua\/wp-content\/uploads\/sites\/17\" width=108><BR><BR><U><B>16 de febrero<\/B><\/U><BR><BR><B>&#8220;Cartas desde Iwo Jima&#8221;<\/B> de Clint Eastwood. La misma batalla de &#8220;Banderas de nuestros padres&#8221; contada desde el punto de vista japon\u00e9s. A la cr\u00edtica norteamericana le gusta mucho m\u00e1s esta versi\u00f3n. No ser\u00eda de extra\u00f1ar que cambiara la fecha prevista de estreno.<BR><BR><B>&#8220;La vida de los otros&#8221;<\/B>. Es la mejor pel\u00edcula europea del a\u00f1o seg\u00fan la Academia de Cine Europea por delante de &#8220;Volver&#8221;. Gan\u00f3 el Giraldillo de Plata en el Festival de Cine Europeo de Sevilla. Ambientada en 1984 en la Rep\u00fablica Democr\u00e1tica Alemana cuenta c\u00f3mo afecta a la vida de un agente de la Stasi la misi\u00f3n de espionaje a un matrimonio de intelectuales que le han encomendado. Las cr\u00edticas son espectaculares.<BR><BR><B>&#8220;Teresa: El cuerpo de Cristo&#8221; <\/B>de Ray Loriga con Paz Vega. Por fin llegar\u00e1 a las pantallas la potencialmente escandalosa biograf\u00eda de Santa Teresa. Una superproducci\u00f3n hist\u00f3rica a la espa\u00f1ola como parece que se est\u00e1n poniendo de moda tras los \u00e9xitos de taquilla de &#8220;Alatriste&#8221; y &#8220;Los Borgia&#8221;. El poster ya es pol\u00e9mico.<BR><BR><U><B>23 de febrero<\/B><\/U><BR><BR><B>&#8220;El jefe de todo esto&#8221; <\/B>de Lars Von Trier. Pudimos ver en el \u00faltimo Zinemaldi este divertimento del director dan\u00e9s, una comedia distinta muy conectada con la realidad.<BR><BR><B>&#8220;El buen pastor&#8221;<\/B> de Robert de Niro. Nada que ver con nuestra catedral. Tras el moderado \u00e9xito de &#8220;Una historia del Bronx&#8221;, De Niro vuelve a la direcci\u00f3n con esta historia de ficci\u00f3n acerca del origen de la CIA protagonizada por Matt Damon, Angelina Jolie, Alec Baldwin, William Hurt, John Turturro y el propio de Niro.<BR><BR><IMG height=150 src=\"\/sesioncontinua\/wp-content\/uploads\/sites\/17\" width=101><IMG height=150 src=\"\/sesioncontinua\/wp-content\/uploads\/sites\/17\" width=101><IMG height=150 src=\"\/sesioncontinua\/wp-content\/uploads\/sites\/17\" width=104><IMG height=150 src=\"\/sesioncontinua\/wp-content\/uploads\/sites\/17\" width=212><BR><BR><U><B>2 de marzo<BR><BR><\/B><\/U><B>&#8220;El buen alem\u00e1n&#8221; de Steven Soderbergh. <\/B>Paul Attanasio adapta la novela de Kanon sobre el drama de un corresponsal de guerra norteamericano en el Berlin de la postguerra de la II Guerra Mundial. Protagonizada por George Clooney, Cate Blanchett, Tobey Maguire y Beau Bridges. Las cr\u00edticas la acusan de ser un mero ejercicio de estilo sin mucha sustancia.<BR><BR><B>&#8220;La Flauta M\u00e1gica&#8221;<\/B> de Kenneth Brannagh, que abandona a Shakespeare y adapta la \u00f3pera de Mozart con la ayuda de Stephen Fry en el gui\u00f3n.<BR><BR>Seguramente que ni son todas las que est\u00e1n, ni est\u00e1n todas las que son, pero lo que s\u00ed s\u00e9 es que ir\u00e9 a ver todas estas pelis que menciono. No es mala tarea para un par de meses.<\/FONT><\/DIV><br \/>\n<DIV align=justify><FONT size=2><\/FONT>&nbsp;<\/DIV><br \/>\n<DIV align=justify><FONT size=2>M\u00e1s adelante vendr\u00e1n la \u00faltima de Robert Altman, la nueva de Medem, &#8220;Spiderman 3&#8221;, por fin acabar\u00e1 la saga de &#8220;Los Piratas del Caribe&#8221; y ya en verano la peli de Los Simpson, la nueva entrega de La Jungla de Cristal, de Harry Potter, &#8220;Shrek Tercero&#8221;, &#8220;Ratatouille&#8221;, la tercera de Bourne&#8230;<BR><BR>URTE BERRI ON!!!<BR><BR><\/DIV><br \/>\n<\/FONT><\/p>\n<!-- AddThis Advanced Settings generic via filter on the_content --><!-- AddThis Share Buttons generic via filter on the_content -->","protected":false},"excerpt":{"rendered":"<p>Ya s\u00e9 que a estas alturas de calendario lo que toca son las t\u00edpicas listas de lo mejor del a\u00f1o. Pero a m\u00ed, me interesa m\u00e1s mi futuro que mi pasado. As\u00ed que me he puesto a indagar qu\u00e9 pelis est\u00e1 previsto que se estrenen en las pr\u00f3ximas semanas. Digo lo de previsto porque las [&hellip;]<!-- AddThis Advanced Settings generic via filter on get_the_excerpt --><!-- AddThis Share Buttons generic via filter on get_the_excerpt --><\/p>\n","protected":false},"author":31,"featured_media":0,"comment_status":"open","ping_status":"closed","sticky":false,"template":"","format":"standard","meta":[],"categories":[2],"tags":[4],"_links":{"self":[{"href":"https:\/\/blogs.diariovasco.com\/sesioncontinua\/wp-json\/wp\/v2\/posts\/101"}],"collection":[{"href":"https:\/\/blogs.diariovasco.com\/sesioncontinua\/wp-json\/wp\/v2\/posts"}],"about":[{"href":"https:\/\/blogs.diariovasco.com\/sesioncontinua\/wp-json\/wp\/v2\/types\/post"}],"author":[{"embeddable":true,"href":"https:\/\/blogs.diariovasco.com\/sesioncontinua\/wp-json\/wp\/v2\/users\/31"}],"replies":[{"embeddable":true,"href":"https:\/\/blogs.diariovasco.com\/sesioncontinua\/wp-json\/wp\/v2\/comments?post=101"}],"version-history":[{"count":0,"href":"https:\/\/blogs.diariovasco.com\/sesioncontinua\/wp-json\/wp\/v2\/posts\/101\/revisions"}],"wp:attachment":[{"href":"https:\/\/blogs.diariovasco.com\/sesioncontinua\/wp-json\/wp\/v2\/media?parent=101"}],"wp:term":[{"taxonomy":"category","embeddable":true,"href":"https:\/\/blogs.diariovasco.com\/sesioncontinua\/wp-json\/wp\/v2\/categories?post=101"},{"taxonomy":"post_tag","embeddable":true,"href":"https:\/\/blogs.diariovasco.com\/sesioncontinua\/wp-json\/wp\/v2\/tags?post=101"}],"curies":[{"name":"wp","href":"https:\/\/api.w.org\/{rel}","templated":true}]}}