{"id":102,"date":"2007-01-08T01:47:52","date_gmt":"2007-01-08T01:47:52","guid":{"rendered":"http:\/\/blogs.diariovasco.com\/sesioncontinua\/?p=102"},"modified":"2007-01-08T01:47:52","modified_gmt":"2007-01-08T01:47:52","slug":"y_eso_que_es_la_menos_buena","status":"publish","type":"post","link":"https:\/\/blogs.diariovasco.com\/sesioncontinua\/2007\/01\/08\/y_eso_que_es_la_menos_buena\/","title":{"rendered":"Y eso que es la menos buena"},"content":{"rendered":"<p><DIV align=justify><FONT size=2><IMG hspace=10 src=\"\/sesioncontinua\/wp-content\/uploads\/sites\/17\" align=left vspace=10>Es lo que dice la inmensa mayor\u00eda de los que han visto ambas. Que del d\u00edptico <B>&#8220;Banderas de nuestros padres&#8221;<\/B> + <B>&#8220;Cartas desde Iwo Jima&#8221;<\/B> que ha dirigido <B>Clint Eastwood<\/B> y producido Spielberg sobre la batalla de Iwo Jima, la que m\u00e1s les gusta es la segunda. A algunos no les gusta &#8220;Banderas de nuestros padres&#8221;. Otros la califican de casi obra maestra. Pero hay pr\u00e1ctica unanimidad en que &#8220;Cartas desde Iwo Jima&#8221; es mejor. \u00bfLes creemos? Por aqu\u00ed tendremos que esperar un mes largo para verla. Pero mientras tanto podemos disfrutar de &#8220;Banderas de nuestros padres&#8221;. Que si es la menos buena de las dos, menudo nivel. A m\u00ed me gusta. No me parece redonda, pero es de lo mejorcito de la cartelera. Si tuviera que ponerle una nota ser\u00eda un <B>notable alto<\/B>. Un 8.<BR><BR>Para empezar, me declaro fan de Clint Eastwood como director de cine. Casi siempre me gusta, a menudo me entusiasma y rara vez me decepciona. En &#8220;Banderas de nuestros padres&#8221; se queda en el primer grupo, <B>me gusta<\/B>.<BR><BR>La pel\u00edcula est\u00e1 contada en <B>tres tiempos<\/B> distintos que se van alternando a lo largo del metraje: la <B>batalla<\/B> de Iwo Jima, la campa\u00f1a de <B>captaci\u00f3n de fondos<\/B> para la guerra con la excusa de la foto y la <B>investigaci\u00f3n<\/B> de uno de los hijos de los soldados cuando su padre est\u00e1 ya cerca de la muerte. Este \u00faltimo me parece uno de los puntos flojos. Esta parte de la pel\u00edcula no le aporta nada dram\u00e1ticamente y en algunos momentos la peli se pone sensiblera a lo Spielberg cuando se descontrola. Lo de los hijos &#8220;investigando&#8221; en el pasado de sus padres, a Eastwood le sali\u00f3 mucho mejor en &#8220;Los puentes de Madison&#8221;. Aqu\u00ed <B>casi casi sobra.<\/B><BR><BR>Tambi\u00e9n puede recordar a Spielberg, en concreto a &#8220;Salvar al soldado Ryan&#8221; la parte de la <B>batalla <\/B>de Iwo Jima. De acuerdo en que hay im\u00e1genes muy similares (realistas, brutales, terribles), pero la utilizaci\u00f3n que hace Eastwood de las mismas es completamente distinta a la de Spielberg en la peli mencionada. En &#8220;Banderas de nuestros padres&#8221; no se pretende que sepamos c\u00f3mo fue la toma de la colina Suribachi (en la que se iz\u00f3 la bandera), sino hacer ver al espectador lo que sufrieron los soldados en \u00e9sa y en cualquier otra batalla similar y c\u00f3mo es la relaci\u00f3n entre ellos. A pesar de las bombas, los tiros, las explosiones, las muertes, la sangre y las amputaciones, Eastwood se centra en los personajes y su forma de actuar y de pensar. Ah\u00ed es nada. Y como contrapunto, las idas y venidas de la famosa foto.<BR><BR>Y toda esta informaci\u00f3n es imprescindible para poder entender las sensaciones y las reacciones de los tres supervivientes de la foto cuando se ven arrastrados a la <STRONG>campa\u00f1a de captaci\u00f3n de fondos<\/STRONG> para la guerra, utilizados cual marionetas. Aqu\u00ed es donde Eastwood se pone m\u00e1s dram\u00e1tico, m\u00e1s <STRONG>desmitificador<\/STRONG> y cr\u00edtico con el sistema y donde por desgracia, se notan las <STRONG>limitaciones <\/STRONG>del tr\u00edo de <STRONG>actores protagonistas<\/STRONG>, correctos pero que no acaban de transmitir los matices de sus personajes (nada que ver, sin ir m\u00e1s lejos, con los int\u00e9rpretes de &#8220;Mystic River&#8221; o &#8220;Million Dollar Baby&#8221;), por lo que resultan demasiado esquem\u00e1ticos. Menos mal que hay grandes <STRONG>aciertos<\/STRONG> en la <STRONG>puesta en escena y de gui\u00f3n<\/STRONG> (entre otros muchos, la secuencia de los pasteles con la imagen de la famosa foto y la salsa de fresa cay\u00e9ndoles por encima) para compensarlo.<BR><BR>Lo dicho. Queda esperar al estreno de &#8220;Cartas desde Iwo Jima&#8221;. En Estados Unidos se ha estrenado s\u00f3lo en las ciudades m\u00e1s importantes (este viernes d\u00eda 12 se producir\u00e1 el estreno masivo) y ha ganado varios premios. En Jap\u00f3n lleva 3 semanas como n\u00famero 1 de la taquilla. Aunque me asaltan dos dudas: \u00bfmantendr\u00e1n la fecha prevista de estreno en Donostia del 16 de febrero? y \u00bfnos la proyectar\u00e1n doblada? Esperemos que no. Mientras tanto os dejo con el <A href=\"http:\/\/www.apple.com\/trailers\/wb\/lettersfromiwojima\/trailer1r\/\">trailer<\/A> y una foto.<BR><BR><IMG height=248 src=\"\/sesioncontinua\/wp-content\/uploads\/sites\/17\" width=550 vspace=10><BR><\/FONT><\/DIV><br \/>\n<BR><\/p>\n<!-- AddThis Advanced Settings generic via filter on the_content --><!-- AddThis Share Buttons generic via filter on the_content -->","protected":false},"excerpt":{"rendered":"<p>Es lo que dice la inmensa mayor\u00eda de los que han visto ambas. Que del d\u00edptico &#8220;Banderas de nuestros padres&#8221; + &#8220;Cartas desde Iwo Jima&#8221; que ha dirigido Clint Eastwood y producido Spielberg sobre la batalla de Iwo Jima, la que m\u00e1s les gusta es la segunda. A algunos no les gusta &#8220;Banderas de nuestros [&hellip;]<!-- AddThis Advanced Settings generic via filter on get_the_excerpt --><!-- AddThis Share Buttons generic via filter on get_the_excerpt --><\/p>\n","protected":false},"author":31,"featured_media":0,"comment_status":"open","ping_status":"closed","sticky":false,"template":"","format":"standard","meta":[],"categories":[2],"tags":[4],"_links":{"self":[{"href":"https:\/\/blogs.diariovasco.com\/sesioncontinua\/wp-json\/wp\/v2\/posts\/102"}],"collection":[{"href":"https:\/\/blogs.diariovasco.com\/sesioncontinua\/wp-json\/wp\/v2\/posts"}],"about":[{"href":"https:\/\/blogs.diariovasco.com\/sesioncontinua\/wp-json\/wp\/v2\/types\/post"}],"author":[{"embeddable":true,"href":"https:\/\/blogs.diariovasco.com\/sesioncontinua\/wp-json\/wp\/v2\/users\/31"}],"replies":[{"embeddable":true,"href":"https:\/\/blogs.diariovasco.com\/sesioncontinua\/wp-json\/wp\/v2\/comments?post=102"}],"version-history":[{"count":0,"href":"https:\/\/blogs.diariovasco.com\/sesioncontinua\/wp-json\/wp\/v2\/posts\/102\/revisions"}],"wp:attachment":[{"href":"https:\/\/blogs.diariovasco.com\/sesioncontinua\/wp-json\/wp\/v2\/media?parent=102"}],"wp:term":[{"taxonomy":"category","embeddable":true,"href":"https:\/\/blogs.diariovasco.com\/sesioncontinua\/wp-json\/wp\/v2\/categories?post=102"},{"taxonomy":"post_tag","embeddable":true,"href":"https:\/\/blogs.diariovasco.com\/sesioncontinua\/wp-json\/wp\/v2\/tags?post=102"}],"curies":[{"name":"wp","href":"https:\/\/api.w.org\/{rel}","templated":true}]}}