{"id":104,"date":"2007-01-25T22:25:57","date_gmt":"2007-01-25T22:25:57","guid":{"rendered":"http:\/\/blogs.diariovasco.com\/sesioncontinua\/?p=104"},"modified":"2007-01-25T22:25:57","modified_gmt":"2007-01-25T22:25:57","slug":"un_poco_de_oscars","status":"publish","type":"post","link":"https:\/\/blogs.diariovasco.com\/sesioncontinua\/2007\/01\/25\/un_poco_de_oscars\/","title":{"rendered":"Un poco de Oscars"},"content":{"rendered":"<p><P align=justify><FONT size=2>\u00a1Vaya racha! \u00a1Que se pare el mundo, que me bajo! Pido piedad al amigo &#8220;Don Tiempo&#8221; (tal y como lo bautiz\u00f3 la bloggera Marina). Porque cuando uno consigue hacer un hueco entre sus nuevas obligaciones, le pilla el&nbsp;caos circulatorio y no llega a la sesi\u00f3n prevista de cine, o cuando uno quiere escribir algo en ese blog por el que casi no pasa por falta de tiempo,&nbsp;los se\u00f1ores de ya.com&nbsp;no son capaces de reparar&nbsp;la conexi\u00f3n de internet que ellos solitos se han cargado&nbsp;o&nbsp;cuando&nbsp;uno ha conseguido escribir su primer art\u00edculo en m\u00e1s de diez d\u00edas que por supuesto a\u00fan no ha grabado, al&nbsp;Explorer le da por quedarse colgado.&nbsp;Perdonad mi ausencia blogera pero ya sab\u00e9is que la ley de Murphy es&nbsp;casi tan implacable como &#8220;Don Tiempo&#8221;.&nbsp;<\/FONT><\/P><br \/>\n<P align=justify><FONT size=2>Y en este tiempo de premios ha habido Globos, premios de sindicatos y agrupaciones profesionales, este fin de semana Goyas (televisados en diferido de 30 minutos, por cierto), pero sobre todo ha habido <STRONG><A href=\"http:\/\/diariovasco.hoycinema.com\/especial\/los-oscar\/lista-nominados.asp\">nominaciones para los Oscars.<\/A><\/STRONG> A estas alturas a lo mejor ya est\u00e1is hartos de que si Almod\u00f3var, que si el fauno, que si Dreamgirls,&nbsp;que si otra vez Clint Eastwood, que si &#8220;Babel&#8221;, que si Pe (yesss con acento de Salma Hayek), que si los amigos mexicanos, que si hay otro donostiarra&#8230;&nbsp;Vayamos por partes.<\/FONT><\/P><br \/>\n<P align=justify><IMG height=110 src=\"\/sesioncontinua\/wp-content\/uploads\/sites\/17\" width=110 vspace=10><IMG height=110 src=\"\/sesioncontinua\/wp-content\/uploads\/sites\/17\" width=110 vspace=10><IMG height=110 src=\"\/sesioncontinua\/wp-content\/uploads\/sites\/17\" width=110 vspace=10><IMG height=110 src=\"\/sesioncontinua\/wp-content\/uploads\/sites\/17\" width=110 vspace=10><IMG height=110 src=\"\/sesioncontinua\/wp-content\/uploads\/sites\/17\" width=110 vspace=10><\/P><br \/>\n<P align=justify><FONT size=2><STRONG>&#8220;Dreamgirls<\/STRONG>&#8220;: la gran favorita para arrasar en esta edici\u00f3n que acaba de llegar a nuetras pantallas, se tiene que conformar con ser la pel\u00edcula m\u00e1s nominada con 8 (aunque 3 para la mejor canci\u00f3n), pero sin&nbsp;dos de las menciones m\u00e1s importantes: mejor pel\u00edcula y mejor director. Algo que&nbsp;no hab\u00eda pasado en los \u00faltimos 30 a\u00f1os (y no s\u00e9 si m\u00e1s, pero no era cuesti\u00f3n de remontarse m\u00e1s en el tiempo).&nbsp;Al menos, si este a\u00f1o en la ceremonia est\u00e1 previsto que se canten las canciones nominadas podr\u00e1n promocionar el disco de la banda sonora. Y el premio de mejor actriz secundaria para Jennifer Hudson parece que lo tiene casi, casi en el bolsillo. <\/FONT><\/P><br \/>\n<P align=justify><FONT size=2><STRONG>Eastwood:<\/STRONG> a pesar de que los premios de los sindicatos y agrupaciones profesionales se han olvidado del d\u00edptico &#8220;Banderas de nuestros padres&#8221; \/ &#8220;Cartas desde Iwo Jima&#8221;, \u00e9sta \u00faltima ha conseguido colarse por delante de &#8220;Dreamgirls&#8221; entre las cinco elegidas. Y adem\u00e1s Eastwood est\u00e1 en el quinteto de los mejores directores del a\u00f1o. Por tercera vez en&nbsp;4 a\u00f1os. Y menos mal que se supone que tiene edad de jubilarse.<\/FONT><\/P><br \/>\n<P align=justify><FONT size=2><STRONG>Los tres amigos mexicanos<\/STRONG>. Alejandro Gonz\u00e1lez I\u00f1arritu director de &#8220;Babel&#8221;, Guillermo del Toro y Alfonso Cuar\u00f3n directores y guionistas de &#8220;El laberinto del fauno&#8221; e &#8220;Hijos de los hombres&#8221; respectivamente fueron tres de los triunfadores de las nominaciones. En total sus pel\u00edculas suman 16 nominaciones.<\/FONT><\/P><br \/>\n<P align=justify><FONT size=2><STRONG>Almod\u00f3var<\/STRONG>. Se preve\u00eda un duelo entre el fauno y el manchego para el Oscar a la mejor pel\u00edcula extranjera. Pero \u00e9ste ni siquiera logr\u00f3 la nominaci\u00f3n. Tan preocupados han estado en promocionar las posibilidades de Pen\u00e9lope Cruz y del propio Almod\u00f3var para director o guionista que casi se quedan si nada. Llama la atenci\u00f3n que entre las cinco pel\u00edculas nominadas haya 3 que seguramente el a\u00f1o pasado habr\u00edan sido descalificadas por no ser suficientemente representativas de su pa\u00eds: la coproducci\u00f3n hispano mexicana &#8220;El laberinto del fauno&#8221; representa a Mexico y cuenta una historia de espa\u00f1oles, interpretada por espa\u00f1oles aunque est\u00e9 dirigida y escrita por un mexicano. &#8220;Days of Glory&#8221; representa a Argelia y cuenta la historia de los soldados argelinos en la II Guerra Mundial, pero est\u00e1 dirigida e interpretada por franceses nacidos en Francia de origen argelino. Y la canadiense &#8220;Water&#8221; est\u00e1 dirigida por una india que vive en Canad\u00e1 y cuenta una historia de indios en la India con un reparto \u00edntegramente indio. O sea que salvo por el dinero, de canadiense tiene lo mismo que la playa de la Concha. Por cierto, las tres me gustan menos que &#8220;Volver&#8221;.<\/FONT><\/P><br \/>\n<P align=justify><IMG height=110 src=\"\/sesioncontinua\/wp-content\/uploads\/sites\/17\" width=110 vspace=10><IMG height=110 src=\"\/sesioncontinua\/wp-content\/uploads\/sites\/17\" width=110 vspace=10><IMG height=110 src=\"\/sesioncontinua\/wp-content\/uploads\/sites\/17\" width=110 vspace=10><IMG height=110 src=\"\/sesioncontinua\/wp-content\/uploads\/sites\/17\" width=110 vspace=10><IMG height=110 src=\"\/sesioncontinua\/wp-content\/uploads\/sites\/17\" width=110 vspace=10><\/P><br \/>\n<P align=justify><FONT size=2><STRONG>Pe.<\/STRONG> Es la primera actriz espa\u00f1ola&nbsp;nominada para los Oscars. Pero mucho me temo que para de contar. El Oscar salvo sorpres\u00f3n ser\u00e1 para Helen Mirren por &#8220;The Queen&#8221; que lo ha ganado absolutamente todo este a\u00f1o. Y no se puede quejar del resto de acompa\u00f1antes: Meryl Streep que logra su d\u00e9cimocuarta nominaci\u00f3n (s\u00f3lo tiene 2 Oscars), Judi Dench sexta en 10 a\u00f1os (1 Oscar) y Kate Winslet quinta nominaci\u00f3n a sus 31 a\u00f1os (ning\u00fan Oscar). A este paso batir\u00e1 el r\u00e9cord de la Streep.<\/FONT><\/P><br \/>\n<P align=justify><FONT size=2><STRONG>Los hombres de &#8220;Infiltrados&#8221;.<\/STRONG> Al final ni DiCaprio, ni Nicholson. Quien se&nbsp;ha llevado la nominaci\u00f3n ha sido Mark Wahlberg. Ya os coment\u00e9 en este blog que tras haber visto &#8220;Infiltrados&#8221; en V.O. me gustaban m\u00e1s DiCaprio y Wahlberg y menos Nicholson que en la versi\u00f3n doblada. As\u00ed que aprovechad la oportunidad y al Trueba a (re)verla. Lo que ya no duda casi nadie es que esta vez s\u00ed, Scorsese se llevar\u00e1 por fin su Oscar al mejor director.<\/FONT><\/P><br \/>\n<P align=justify><FONT size=2><STRONG>O&#8217;Toole o Whitaker<\/STRONG>. \u00bfQui\u00e9n se llevar\u00e1 el Oscar al mejor actor? \u00bfQu\u00e9 primar\u00e1 m\u00e1s el reconocimiento a la trayectoria de Lawrence de Arabia en su octava nominaci\u00f3n aunque ya tenga un Oscar honor\u00edfico o la intensidad de Idi Amin?<\/FONT><\/P><br \/>\n<P align=justify><FONT size=2><STRONG>El donostiarra<\/STRONG>. El a\u00f1o pasado estuvo Alberto Iglesias por la banda sonora de &#8220;El jardinero fiel&#8221;. Este a\u00f1o Borja Cobeaga como director del corto &#8220;\u00c9ramos pocos&#8221;. Si quieres verlo, <\/FONT><A href=\"http:\/\/video.google.es\/videoplay?docid=-2775386885460956359\"><FONT size=2>pincha<\/FONT><\/A><FONT size=2>. Es muy bueno.<\/FONT><\/P><br \/>\n<P align=justify><FONT size=2><STRONG>Abierto<\/STRONG>. El premio a la mejor pel\u00edcula est\u00e1 muy abierto. Y desde luego, parece imposible que alguna peli se pueda llevar m\u00e1s de 4 premios.&nbsp;&#8220;Babel&#8221; se convierte en la m\u00e1xima favorita, pero parece demasiado dura y compleja para la Academia. &#8220;Infiltrados&#8221;&nbsp;es excelente cine de g\u00e9nero seguramente demasiado violenta para los acad\u00e9micos. &#8220;Cartas desde Iwo Jima&#8221; es de Clint Eastwood pero est\u00e1 hablada en japon\u00e9s. &#8220;Peque\u00f1a Miss Sunshine&#8221; una comedia que no disgusta a casi nadie, pero quiz\u00e1 demasiado peque\u00f1a para la Academia. Y por \u00faltimo &#8220;The Queen&#8221; tan brit\u00e1nica ella. \u00bfVer\u00e1n los votantes que hay mucho cine en esta pel\u00edcula m\u00e1s all\u00e1 de la interpretaci\u00f3n de Helen Mirren? Mi favorita es &#8220;Babel&#8221;, pero de momento no me juego mi dinero por ella.<\/FONT><\/P><\/p>\n<!-- AddThis Advanced Settings generic via filter on the_content --><!-- AddThis Share Buttons generic via filter on the_content -->","protected":false},"excerpt":{"rendered":"<p>\u00a1Vaya racha! \u00a1Que se pare el mundo, que me bajo! Pido piedad al amigo &#8220;Don Tiempo&#8221; (tal y como lo bautiz\u00f3 la bloggera Marina). Porque cuando uno consigue hacer un hueco entre sus nuevas obligaciones, le pilla el&nbsp;caos circulatorio y no llega a la sesi\u00f3n prevista de cine, o cuando uno quiere escribir algo en [&hellip;]<!-- AddThis Advanced Settings generic via filter on get_the_excerpt --><!-- AddThis Share Buttons generic via filter on get_the_excerpt --><\/p>\n","protected":false},"author":31,"featured_media":0,"comment_status":"open","ping_status":"closed","sticky":false,"template":"","format":"standard","meta":[],"categories":[2],"tags":[4],"_links":{"self":[{"href":"https:\/\/blogs.diariovasco.com\/sesioncontinua\/wp-json\/wp\/v2\/posts\/104"}],"collection":[{"href":"https:\/\/blogs.diariovasco.com\/sesioncontinua\/wp-json\/wp\/v2\/posts"}],"about":[{"href":"https:\/\/blogs.diariovasco.com\/sesioncontinua\/wp-json\/wp\/v2\/types\/post"}],"author":[{"embeddable":true,"href":"https:\/\/blogs.diariovasco.com\/sesioncontinua\/wp-json\/wp\/v2\/users\/31"}],"replies":[{"embeddable":true,"href":"https:\/\/blogs.diariovasco.com\/sesioncontinua\/wp-json\/wp\/v2\/comments?post=104"}],"version-history":[{"count":0,"href":"https:\/\/blogs.diariovasco.com\/sesioncontinua\/wp-json\/wp\/v2\/posts\/104\/revisions"}],"wp:attachment":[{"href":"https:\/\/blogs.diariovasco.com\/sesioncontinua\/wp-json\/wp\/v2\/media?parent=104"}],"wp:term":[{"taxonomy":"category","embeddable":true,"href":"https:\/\/blogs.diariovasco.com\/sesioncontinua\/wp-json\/wp\/v2\/categories?post=104"},{"taxonomy":"post_tag","embeddable":true,"href":"https:\/\/blogs.diariovasco.com\/sesioncontinua\/wp-json\/wp\/v2\/tags?post=104"}],"curies":[{"name":"wp","href":"https:\/\/api.w.org\/{rel}","templated":true}]}}