{"id":105,"date":"2007-01-31T01:05:46","date_gmt":"2007-01-31T01:05:46","guid":{"rendered":"http:\/\/blogs.diariovasco.com\/sesioncontinua\/?p=105"},"modified":"2007-01-31T01:05:46","modified_gmt":"2007-01-31T01:05:46","slug":"noche_de_premios","status":"publish","type":"post","link":"https:\/\/blogs.diariovasco.com\/sesioncontinua\/2007\/01\/31\/noche_de_premios\/","title":{"rendered":"Noche de premios"},"content":{"rendered":"<p><P align=justify><FONT size=2>Efectivamente fue noche de estatuillas. Tanto en Madrid, como en Los Angeles. Por un lado los Goya, por el otro los SAG Awards, los premios del sindicato de actores norteamericanos. Y un denominador com\u00fan: la ausencia de sorpresas.<\/FONT><\/P><br \/>\n<P align=justify><IMG height=175 src=\"\/sesioncontinua\/wp-content\/uploads\/sites\/17\" width=264 vspace=10><IMG height=175 src=\"\/sesioncontinua\/wp-content\/uploads\/sites\/17\" width=269 vspace=10><\/P><br \/>\n<P align=justify><FONT size=2>En Madrid se entregaron los Goya.&nbsp;Y lo dicho, m\u00e1s o menos los previsto:<\/FONT><\/P><br \/>\n<P align=justify><FONT size=2><STRONG>Triunf\u00f3 &#8220;Volver&#8221;.<\/STRONG> Se llev\u00f3 los dos premios m\u00e1s gordos (pel\u00edcula y director), las actrices (para Pe &#8211; 2\u00ba Goya y para Carmen Maura &#8211; 4\u00ba igualando a Javier Bardem y Ver\u00f3nica Forqu\u00e9) y para la m\u00fasica original de Alberto Iglesias (que ya van 7, 4 con Medem y 3 con Almod\u00f3var). Era esperado el triunfo de la pel\u00edcula, aunque siempre nos quedar\u00e1 la duda de si el resultado hubiera sido el mismo si los acad\u00e9micos espa\u00f1oles al votar hubieran sabido que la peli de Almod\u00f3var no iba a estar entre las cinco aspirantes a la mejor pel\u00edcula de habla extranjera. \u00bfLa ausencia de Almod\u00f3var? Que si una gripe que dura y dura, que si sigue enfadado con la Academia, que si est\u00e1 picado por no estar nominado para los Oscars, que si mal de amores&#8230;<\/FONT><\/P><br \/>\n<P align=justify><FONT size=2><STRONG>El fauno se llev\u00f3 unos cuantos<\/STRONG>. 7 en concreto, entre ellos el de mejor gui\u00f3n original y el de mejor actriz revelaci\u00f3n para Ivana Baquero. Ya os coment\u00e9 que a m\u00ed no me entusiasma la peli y que en concreto la ni\u00f1a protagonista no me transmite nada. Cualquiera de sus compa\u00f1eras nominadas me parece que tienen m\u00e1s m\u00e9rito. Y ese discurso de agradecimiento en plan&nbsp;empollona, sabelotodo, repipi&#8230; No le veo la naturalidad a esta ni\u00f1a por ning\u00fan lado.<\/FONT><\/P><br \/>\n<P align=justify><FONT size=2><STRONG>Alatriste, tres t\u00e9cnicos.<\/STRONG> Vestuario, direcci\u00f3n art\u00edstica&#8230; normal. La recreaci\u00f3n del Siglo de Oro es espectacular y en estas categor\u00edas se lleva premiar el cine de \u00e9poca.<\/FONT><\/P><br \/>\n<P align=justify><FONT size=2><STRONG>Juan Diego, mejor actor.<\/STRONG>&nbsp; Tercer Goya, primero como protagonista, al ganador de la Concha de Plata del Zinemaldi.<\/FONT><\/P><br \/>\n<P align=justify><FONT size=2><STRONG>Azuloscurocasinegro, otra triunfadora<\/STRONG>. Se materializaron la mitad de sus opciones: direcci\u00f3n novel y actor revelaci\u00f3n y de reparto. Y es que es una de las mejores y m\u00e1s interesantes pel\u00edculas espa\u00f1olas de la cosecha del 2006. Este a\u00f1o contra Pe lo ten\u00eda muy complicado Marta Etura.<\/FONT><\/P><br \/>\n<P align=justify><FONT size=2><STRONG>La gala, tampoco para echar cohetes. <\/STRONG>No fue tan larga como la de la edici\u00f3n anterior, la retransmisi\u00f3n televisiva tuvo m\u00e1s ritmo y Corbacho como maestro de ceremonias, ni f\u00fa, ni f\u00e1. A estas alturas sus trajes horteras hacen ya poca gracia y las gracietas&nbsp;de los espont\u00e1neos en el escenario(Santi Mill\u00e1n, Santiago Segura&#8230;) resultaban&nbsp;todo menos espont\u00e1neas. Lo que no cambia nunca es&nbsp;el desfile de j\u00f3venes y guapas actrices de escaso &#8220;reconocimiento&#8221; (quiero decir que no las reconoce casi nadie porque han&nbsp;hecho pocas pelis y de poco tir\u00f3n). Alguien deber\u00eda dejar bien claro que no es la pasarela Cibeles y avisar a&nbsp;Najwa de que se nota mucho lo perdida que anda por esos saraos.<\/FONT><\/P><br \/>\n<P align=justify><FONT size=2><IMG height=158 src=\"\/sesioncontinua\/wp-content\/uploads\/sites\/17\" width=135 vspace=10><IMG height=158 src=\"\/sesioncontinua\/wp-content\/uploads\/sites\/17\" width=135 vspace=10><IMG height=158 src=\"\/sesioncontinua\/wp-content\/uploads\/sites\/17\" width=135 vspace=10><IMG height=158 src=\"\/sesioncontinua\/wp-content\/uploads\/sites\/17\" width=135 vspace=10><\/FONT><\/P><br \/>\n<P align=justify><FONT size=2>Y en Los Angeles, los premios del sindicato de actores norteamericanos que suelen ser un buen indicador de lo que puede ocurrir en los Oscars, ya que casi un cuarto de los votantes de la Academia de Hollywood pertenecen al sindicato. Un dato: de las veinte nominaciones de interpretaci\u00f3n (4 categor\u00edas, 5 int\u00e9rpretes por categor\u00eda), coinciden en 19. La \u00fanica diferencia es que mientras en estos premios estaba nominado DiCaprio&nbsp;al mejor secundario por &#8220;Infiltrados&#8221;, en los Oscars lo est\u00e1 Mark Wahlberg por la misma pel\u00edcula. <\/FONT><\/P><br \/>\n<P align=justify><FONT size=2>Y aqu\u00ed tampoco hubo sorpresas. Los cuatro premios de interpretaci\u00f3n fueron para los vencedores de los Globos de Oro (<STRONG>Helen Mirren<\/STRONG> por &#8220;The Queen&#8221;<STRONG> mejor actriz, Forest Whitaker<\/STRONG> por &#8220;El \u00faltimo rey de Escocia&#8221;<STRONG> mejor actor y&nbsp;Eddie Murphy y Jennifer Hudson <\/STRONG>de &#8220;Dreamgirls&#8221;<STRONG> los secundarios).<\/STRONG>&nbsp;Salvo en el caso de Eddie Murphy que parece que podr\u00eda encontrar algo de competencia, el resto de los premios de interpretaci\u00f3n de este a\u00f1o parecen muy claros. Aunque a m\u00ed, Jennifer Hudson (fija en casi todas las quinielas) en &#8220;Dreamgirls&#8221; me gusta m\u00e1s&nbsp;como cantante que como actriz.<\/FONT><\/P><br \/>\n<P align=justify><IMG height=162 src=\"\/sesioncontinua\/wp-content\/uploads\/sites\/17\" width=200 vspace=10><IMG height=162 src=\"\/sesioncontinua\/wp-content\/uploads\/sites\/17\" width=109 vspace=10><IMG height=162 src=\"\/sesioncontinua\/wp-content\/uploads\/sites\/17\" width=236 vspace=10><\/P><br \/>\n<P align=justify><FONT size=2>Y el premio al mejor reparto se lo llev\u00f3 <STRONG>&#8220;Peque\u00f1a Miss Sunshine&#8221;<\/STRONG> superando a &#8220;Dreamgirls&#8221;, &#8220;Babel&#8221;, &#8220;Infiltrados&#8221; y &#8220;Bobby&#8221; (curiosamente las 5 en la cartelera donostiarra en estos momentos). En los \u00faltimos 4 a\u00f1os en 3 ocasiones han coincidido el Oscar a la mejor pel\u00edcula, con la ganadora de este premio. Ocurri\u00f3 con &#8220;Crash&#8221;, con &#8220;El Se\u00f1or de los Anillos: El Retorno del Rey&#8221; y con &#8220;Chicago&#8221;. Solamente el a\u00f1o de &#8220;Million Dollar Baby&#8221;, este premio al mejor reparto fue para &#8220;Entre Copas&#8221;. \u00bfSe llevar\u00e1 finalmente el Oscar una producci\u00f3n independiente cuyo coste total no da ni para pagar el presupuesto de limpieza de sangre y v\u00edsceras de &#8220;Infiltrados&#8221;, el de viajes y traductores de &#8220;Babel&#8221;, el de balas y pirotecnia de &#8220;Cartas desde Iwo Jima&#8221; o el de vestuario y joyer\u00eda de &#8220;The Queen&#8221;?<\/FONT><\/P><br \/>\n<P align=justify>&nbsp;<\/P><\/p>\n<!-- AddThis Advanced Settings generic via filter on the_content --><!-- AddThis Share Buttons generic via filter on the_content -->","protected":false},"excerpt":{"rendered":"<p>Efectivamente fue noche de estatuillas. Tanto en Madrid, como en Los Angeles. Por un lado los Goya, por el otro los SAG Awards, los premios del sindicato de actores norteamericanos. Y un denominador com\u00fan: la ausencia de sorpresas. En Madrid se entregaron los Goya.&nbsp;Y lo dicho, m\u00e1s o menos los previsto: Triunf\u00f3 &#8220;Volver&#8221;. Se llev\u00f3 [&hellip;]<!-- AddThis Advanced Settings generic via filter on get_the_excerpt --><!-- AddThis Share Buttons generic via filter on get_the_excerpt --><\/p>\n","protected":false},"author":31,"featured_media":0,"comment_status":"open","ping_status":"closed","sticky":false,"template":"","format":"standard","meta":[],"categories":[2],"tags":[4],"_links":{"self":[{"href":"https:\/\/blogs.diariovasco.com\/sesioncontinua\/wp-json\/wp\/v2\/posts\/105"}],"collection":[{"href":"https:\/\/blogs.diariovasco.com\/sesioncontinua\/wp-json\/wp\/v2\/posts"}],"about":[{"href":"https:\/\/blogs.diariovasco.com\/sesioncontinua\/wp-json\/wp\/v2\/types\/post"}],"author":[{"embeddable":true,"href":"https:\/\/blogs.diariovasco.com\/sesioncontinua\/wp-json\/wp\/v2\/users\/31"}],"replies":[{"embeddable":true,"href":"https:\/\/blogs.diariovasco.com\/sesioncontinua\/wp-json\/wp\/v2\/comments?post=105"}],"version-history":[{"count":0,"href":"https:\/\/blogs.diariovasco.com\/sesioncontinua\/wp-json\/wp\/v2\/posts\/105\/revisions"}],"wp:attachment":[{"href":"https:\/\/blogs.diariovasco.com\/sesioncontinua\/wp-json\/wp\/v2\/media?parent=105"}],"wp:term":[{"taxonomy":"category","embeddable":true,"href":"https:\/\/blogs.diariovasco.com\/sesioncontinua\/wp-json\/wp\/v2\/categories?post=105"},{"taxonomy":"post_tag","embeddable":true,"href":"https:\/\/blogs.diariovasco.com\/sesioncontinua\/wp-json\/wp\/v2\/tags?post=105"}],"curies":[{"name":"wp","href":"https:\/\/api.w.org\/{rel}","templated":true}]}}