{"id":106,"date":"2007-02-08T23:56:42","date_gmt":"2007-02-08T23:56:42","guid":{"rendered":"http:\/\/blogs.diariovasco.com\/sesioncontinua\/?p=106"},"modified":"2007-02-08T23:56:42","modified_gmt":"2007-02-08T23:56:42","slug":"22_05_08_indiana_jones_4","status":"publish","type":"post","link":"https:\/\/blogs.diariovasco.com\/sesioncontinua\/2007\/02\/08\/22_05_08_indiana_jones_4\/","title":{"rendered":"22-05-08. Indiana Jones 4"},"content":{"rendered":"<p><P align=justify><FONT size=2><IMG height=250 src=\"\/sesioncontinua\/wp-content\/uploads\/sites\/17\" width=175 vspace=10><IMG height=250 src=\"\/sesioncontinua\/wp-content\/uploads\/sites\/17\" width=164 vspace=10><IMG height=250 src=\"\/sesioncontinua\/wp-content\/uploads\/sites\/17\" width=175 vspace=10><\/FONT><\/P><br \/>\n<P align=justify><FONT size=2>Esta vez s\u00ed. Tras rematar la trilog\u00eda de &#8220;La Guerra de las Galaxias&#8221;,&nbsp; George Lucas parece con ganas de retomar su otra popular trilog\u00eda. Este mes de junio est\u00e1 previsto que comience el rodaje y 19 a\u00f1os despu\u00e9s del estreno de la tercera entrega, el 22 de mayo de 2008, llegar\u00e1 a las pantallas norteamericanas Indiana Jones 4. Curiosamente la fecha prevista de estreno de &#8220;Speed Racer&#8221;, lo nuevo de los hermanos Wachowski tras la trilog\u00eda de &#8220;Matrix&#8221;. Me temo que les tocar\u00e1 cambiar de fecha.<\/FONT><\/P><br \/>\n<P align=justify><FONT size=2>De momento poco se sabe. Producir\u00e1 Lucas, dirigir\u00e1 Spielberg, protagonizar\u00e1 Harrison&nbsp;Ford. Y&nbsp;al final, tras rechazar los guiones de Frank Darabont (&#8220;Cadena Perpetua&#8221;, &#8220;La milla verde&#8221; y varios cap\u00edtulos de la serie de televisi\u00f3n de&nbsp;Indiana), de M. Night&nbsp;Shyamalan (&#8220;El sexto sentido&#8221;, &#8220;El protegido&#8221;, &#8220;Se\u00f1ales&#8221;&#8230;) o de Tom Stoppard (&#8220;El imperio del sol&#8221;, &#8220;La Casa Rusia&#8221;, &#8220;Shakespeare in love&#8221;&#8230;)&nbsp;&nbsp;se quedan con el&nbsp;de David Koepp&nbsp;(&#8220;Parque Jur\u00e1sico&#8221;, &#8220;Atrapado por su pasado&#8221;, &#8220;Spiderman&#8221;, &#8220;La guerra de los mundos&#8221;). <\/FONT><\/P><br \/>\n<P align=justify><FONT size=2>Se rumorea que estar\u00e1 ambientada en los a\u00f1os 40 y que habr\u00e1 nazis. Por lo que ya suponemos cu\u00e1l ser\u00e1 el primer gran efecto especial: disimular la edad de Harrison Ford. En &#8220;En busca del arca perdida&#8221; cuya acci\u00f3n se desarrolla en 1936 el actor ten\u00eda 38 a\u00f1os. En &#8220;Indiana Jones&nbsp;y el Templo Maldito&#8221; ambientada en 1935 ten\u00eda 41 y en &#8220;Indiana Jones y la \u00dcltima Cruzada&#8221; en 1938 ten\u00eda 46. Pero es que ahora habr\u00e1n pasado unos pocos a\u00f1os para Indiana y casi 20 para Harrison Ford. Aunque&nbsp;antes ya nos cre\u00edmos que Sean Connery que es s\u00f3lo 12 a\u00f1os pudiera ser su padre&#8230; Pero en sus \u00faltimas pel\u00edculas le veo a Ford ya un poco mayorcito para cre\u00e9rmelo correteando por ah\u00ed&#8230;<\/FONT><\/P><br \/>\n<P align=justify><IMG height=165 src=\"\/sesioncontinua\/wp-content\/uploads\/sites\/17\" width=118 vspace=10><IMG height=165 src=\"\/sesioncontinua\/wp-content\/uploads\/sites\/17\" width=129 vspace=10><IMG height=165 src=\"\/sesioncontinua\/wp-content\/uploads\/sites\/17\" width=159 vspace=10><IMG height=165 src=\"\/sesioncontinua\/wp-content\/uploads\/sites\/17\" width=122 vspace=10><\/P><br \/>\n<P align=justify><FONT size=2>Del reparto, adem\u00e1s de la presencia de Harrison Ford, todo lo dem\u00e1s son rumores: que podr\u00eda volver a aparecer Connery si le gusta el gui\u00f3n, que Natalie Portman podr\u00eda hacer de hija de Indiana, que John Rhys-Davies y Karen Allen podr\u00edan retomar sus papeles, que han ofrecido a Clint Eastwood ser el malo de la peli, que Kate Capshaw (se\u00f1ora de Spielberg y protagonista femenina de la segunda entrega) podr\u00eda hacer un cameo&#8230; Cuesti\u00f3n de esperar, que conocida la habilidad para orquestar campa\u00f1as&nbsp;de marketing de los se\u00f1ores de Lucasfilm seguro que poco a poco van dando informaci\u00f3n para que vaya creciendo la expectaci\u00f3n.<\/FONT><\/P><br \/>\n<P align=justify><FONT size=2>Esperaremos a ver este nuevo Indiana Jones para una nueva generaci\u00f3n&#8230;<\/FONT><\/P><br \/>\n<P align=justify><FONT size=2><\/FONT>&nbsp;<\/P><br \/>\n<P align=justify>&nbsp;<\/P><\/p>\n<!-- AddThis Advanced Settings generic via filter on the_content --><!-- AddThis Share Buttons generic via filter on the_content -->","protected":false},"excerpt":{"rendered":"<p>Esta vez s\u00ed. Tras rematar la trilog\u00eda de &#8220;La Guerra de las Galaxias&#8221;,&nbsp; George Lucas parece con ganas de retomar su otra popular trilog\u00eda. Este mes de junio est\u00e1 previsto que comience el rodaje y 19 a\u00f1os despu\u00e9s del estreno de la tercera entrega, el 22 de mayo de 2008, llegar\u00e1 a las pantallas norteamericanas [&hellip;]<!-- AddThis Advanced Settings generic via filter on get_the_excerpt --><!-- AddThis Share Buttons generic via filter on get_the_excerpt --><\/p>\n","protected":false},"author":31,"featured_media":0,"comment_status":"open","ping_status":"closed","sticky":false,"template":"","format":"standard","meta":[],"categories":[2],"tags":[4],"_links":{"self":[{"href":"https:\/\/blogs.diariovasco.com\/sesioncontinua\/wp-json\/wp\/v2\/posts\/106"}],"collection":[{"href":"https:\/\/blogs.diariovasco.com\/sesioncontinua\/wp-json\/wp\/v2\/posts"}],"about":[{"href":"https:\/\/blogs.diariovasco.com\/sesioncontinua\/wp-json\/wp\/v2\/types\/post"}],"author":[{"embeddable":true,"href":"https:\/\/blogs.diariovasco.com\/sesioncontinua\/wp-json\/wp\/v2\/users\/31"}],"replies":[{"embeddable":true,"href":"https:\/\/blogs.diariovasco.com\/sesioncontinua\/wp-json\/wp\/v2\/comments?post=106"}],"version-history":[{"count":0,"href":"https:\/\/blogs.diariovasco.com\/sesioncontinua\/wp-json\/wp\/v2\/posts\/106\/revisions"}],"wp:attachment":[{"href":"https:\/\/blogs.diariovasco.com\/sesioncontinua\/wp-json\/wp\/v2\/media?parent=106"}],"wp:term":[{"taxonomy":"category","embeddable":true,"href":"https:\/\/blogs.diariovasco.com\/sesioncontinua\/wp-json\/wp\/v2\/categories?post=106"},{"taxonomy":"post_tag","embeddable":true,"href":"https:\/\/blogs.diariovasco.com\/sesioncontinua\/wp-json\/wp\/v2\/tags?post=106"}],"curies":[{"name":"wp","href":"https:\/\/api.w.org\/{rel}","templated":true}]}}