{"id":107,"date":"2007-02-15T23:50:56","date_gmt":"2007-02-15T23:50:56","guid":{"rendered":"http:\/\/blogs.diariovasco.com\/sesioncontinua\/?p=107"},"modified":"2007-02-15T23:50:56","modified_gmt":"2007-02-15T23:50:56","slug":"cartas_desde_iwo_jima_la_que_faltaba","status":"publish","type":"post","link":"https:\/\/blogs.diariovasco.com\/sesioncontinua\/2007\/02\/15\/cartas_desde_iwo_jima_la_que_faltaba\/","title":{"rendered":"Cartas desde Iwo Jima. La que faltaba"},"content":{"rendered":"<p><P align=justify><FONT size=2><IMG height=221 src=\"\/sesioncontinua\/wp-content\/uploads\/sites\/17\" width=550 vspace=10><\/FONT><\/P><br \/>\n<P align=justify><FONT size=2>Efectivamente, as\u00ed es. Es la que faltaba del d\u00edptico que ha rodado Clint Eastwood sobre la batalla de Iwo Jima. Y es la que nos faltaba por ver de las 5&nbsp;nominadas para el Oscar a la mejor pel\u00edcula. Y adem\u00e1s es excepcional.<\/FONT><\/P><br \/>\n<P align=justify><FONT size=2>Avisos para despistados:<\/FONT><\/P><br \/>\n<P align=justify><FONT size=2>&#8211; La peli est\u00e1 rodada <STRONG>en japon\u00e9s<\/STRONG> y afortunadamente se estrena en Donosti en V.O. subtitulada (me gusta esta &#8220;moda&#8221; de Mel Gibson y ahora Clint Eastwood por la que ciertas pelis se estrenan forzosamente en V.O. subtitulada).<\/FONT><\/P><br \/>\n<P align=justify><FONT size=2>&#8211; No es necesario haber visto <STRONG>&#8220;Banderas de nuestros padres&#8221;<\/STRONG> antes que <STRONG>&#8220;Cartas desde Iwo Jima&#8221;.<\/STRONG> Son dos pelis completamente independientes que hablan sobre el mismo hecho hist\u00f3rico. Y para m\u00ed conformar\u00edan un excelente programa doble. Las dos tienen en com\u00fan su alta calidad cinematogr\u00e1fica, pero son muy distintas, tanto en el estilo, como en la forma. La una complementa a la otra y viceversa. <\/FONT><FONT size=2>Y como las comparaciones son odiosas, pero en este caso inevitables, si me tuviera que quedar con una opto por &#8220;Cartas desde Iwo Jima&#8221;. M\u00e1s peque\u00f1a, m\u00e1s sencilla, m\u00e1s humana, m\u00e1s profunda. Y es que a Clint siempre le han ido las historias de perdedores.<\/FONT><\/P><br \/>\n<P align=justify><FONT size=2>En esta ocasi\u00f3n, se nos cuenta la batalla de Iwo Jima en la II Guerra Mundial <STRONG>desde el punto de vista de los japoneses<\/STRONG>, un grupo de oficiales y soldados que desde antes de que se desencadenen los acontecimientos saben perfectamente que la batalla (y la guerra) est\u00e1n perdidas. Pero a pesar de ello su c\u00f3digo del <STRONG>honor<\/STRONG>, su sentido del deber y su patriotismo&nbsp;<\/FONT><FONT size=2>les llevan a seguir luchando. Su \u00fanica victoria posible, su \u00fanico&nbsp;consuelo&nbsp; es algo tan absurdo como tratar de provocar el mayor n\u00famero posible de bajas en el bando norteamericano.<\/FONT><\/P><br \/>\n<P align=justify><FONT size=2>Y la derrota en la guerra supone tambi\u00e9n <STRONG>el final del Jap\u00f3n tradicional<\/STRONG> frente a la modernidad y &nbsp;la industrializaci\u00f3n.&nbsp;No es casual que el general Kuribayashi, el m\u00e1s moderno de los oficiales nipones, mencione que no tienen nada que hacer contra un pa\u00eds que produce m\u00e1s de 5 millones de coches. Unos a\u00f1os m\u00e1s tarde, ese Jap\u00f3n casi feudal se hab\u00eda convertido en el mayor fabricante de autom\u00f3viles del mundo.<\/FONT><\/P><br \/>\n<P align=justify><FONT size=2><IMG hspace=10 src=\"\/sesioncontinua\/wp-content\/uploads\/sites\/17\" width=150 align=left vspace=5>Eastwood consigue que entienda la forma de pensar y de actuar de esos soldados japoneses,&nbsp;que me importen y que me emocionen. El <STRONG>gui\u00f3n <\/STRONG>es <STRONG>magn\u00edfico <\/STRONG>(y cuanto m\u00e1s pienso en la peli mejor me parece),&nbsp; las <STRONG>interpretaciones&nbsp;perfectas<\/STRONG> (qu\u00e9 grande Ken Watanabe), la <STRONG>fotograf\u00eda<\/STRONG> casi en blanco y negro&nbsp;<STRONG>turbadora <\/STRONG>y la puesta en escena de Eastwood magistral, m\u00e1s cl\u00e1sico que nunca. <\/FONT><\/P><br \/>\n<P align=justify><FONT size=2>Estoy seguro de que en unos d\u00edas volver\u00e9 a ver la peli. Y s\u00e9 que ganar\u00e1 en ese segundo visionado.<\/FONT><\/P><\/p>\n<!-- AddThis Advanced Settings generic via filter on the_content --><!-- AddThis Share Buttons generic via filter on the_content -->","protected":false},"excerpt":{"rendered":"<p>Efectivamente, as\u00ed es. Es la que faltaba del d\u00edptico que ha rodado Clint Eastwood sobre la batalla de Iwo Jima. Y es la que nos faltaba por ver de las 5&nbsp;nominadas para el Oscar a la mejor pel\u00edcula. Y adem\u00e1s es excepcional. Avisos para despistados: &#8211; La peli est\u00e1 rodada en japon\u00e9s y afortunadamente se [&hellip;]<!-- AddThis Advanced Settings generic via filter on get_the_excerpt --><!-- AddThis Share Buttons generic via filter on get_the_excerpt --><\/p>\n","protected":false},"author":31,"featured_media":0,"comment_status":"open","ping_status":"closed","sticky":false,"template":"","format":"standard","meta":[],"categories":[2],"tags":[4],"_links":{"self":[{"href":"https:\/\/blogs.diariovasco.com\/sesioncontinua\/wp-json\/wp\/v2\/posts\/107"}],"collection":[{"href":"https:\/\/blogs.diariovasco.com\/sesioncontinua\/wp-json\/wp\/v2\/posts"}],"about":[{"href":"https:\/\/blogs.diariovasco.com\/sesioncontinua\/wp-json\/wp\/v2\/types\/post"}],"author":[{"embeddable":true,"href":"https:\/\/blogs.diariovasco.com\/sesioncontinua\/wp-json\/wp\/v2\/users\/31"}],"replies":[{"embeddable":true,"href":"https:\/\/blogs.diariovasco.com\/sesioncontinua\/wp-json\/wp\/v2\/comments?post=107"}],"version-history":[{"count":0,"href":"https:\/\/blogs.diariovasco.com\/sesioncontinua\/wp-json\/wp\/v2\/posts\/107\/revisions"}],"wp:attachment":[{"href":"https:\/\/blogs.diariovasco.com\/sesioncontinua\/wp-json\/wp\/v2\/media?parent=107"}],"wp:term":[{"taxonomy":"category","embeddable":true,"href":"https:\/\/blogs.diariovasco.com\/sesioncontinua\/wp-json\/wp\/v2\/categories?post=107"},{"taxonomy":"post_tag","embeddable":true,"href":"https:\/\/blogs.diariovasco.com\/sesioncontinua\/wp-json\/wp\/v2\/tags?post=107"}],"curies":[{"name":"wp","href":"https:\/\/api.w.org\/{rel}","templated":true}]}}