{"id":113,"date":"2007-03-25T23:58:05","date_gmt":"2007-03-25T23:58:05","guid":{"rendered":"http:\/\/blogs.diariovasco.com\/sesioncontinua\/?p=113"},"modified":"2007-03-25T23:58:05","modified_gmt":"2007-03-25T23:58:05","slug":"la_ultima_de_robert_altman","status":"publish","type":"post","link":"https:\/\/blogs.diariovasco.com\/sesioncontinua\/2007\/03\/25\/la_ultima_de_robert_altman\/","title":{"rendered":"La &#8220;\u00faltima&#8221; de Robert Altman"},"content":{"rendered":"<p><P align=justify>&nbsp;<IMG height=168 src=\"\/sesioncontinua\/wp-content\/uploads\/sites\/17\" width=550 vspace=10><\/P><br \/>\n<P align=justify><FONT size=2>Me permito abandonar mi involuntario &#8220;casi retiro&#8221; de este&nbsp;blog que espero que est\u00e9 pr\u00f3ximo a finalizar, para comentar <EM>el \u00faltimo show<\/EM> de Robert Altman: <STRONG>&#8220;El \u00faltimo show&#8221;.<\/STRONG><\/FONT><\/P><br \/>\n<P align=justify><FONT size=2>Por esos caprichos de la distribuci\u00f3n cinematogr\u00e1fica en Espa\u00f1a que no acabo de entender, a los se\u00f1ores de Manga Films no se les&nbsp;ocurri\u00f3&nbsp;estrenarla en febrero de 2006 aprovechando el empuje de su presentaci\u00f3n en la Berlinale&#8217;06, ni en marzo tras recibir el Oscar honor\u00edfico por toda su carrera, ni siquiera a finales de 2006 como ejercicio de necrofilia tras la muerte de Altman el 20-N. De golpe y porrazo han convertido el estreno de &#8220;El \u00faltimo show&#8221; en p\u00f3stumo.<\/FONT><\/P><br \/>\n<P align=justify><FONT size=2>Dada&nbsp;su excusa argumental da la impresi\u00f3n de que el se\u00f1or Altman se ol\u00eda que \u00e9sta pod\u00eda ser su \u00faltima pel\u00edcula aunque la muerte en realidad, lo pillara&nbsp;preparando su siguiente proyecto. Porque<\/FONT><FONT size=2> a diferencia de <STRONG>&#8220;A Home Prairie Companion&#8221;<\/STRONG> (t\u00edtulo original del film),&nbsp;el programa cl\u00e1sico de la radio norteamericana sobre m\u00fasica country&nbsp;cuya \u00faltima emisi\u00f3n&nbsp;es el soporte de&nbsp;la pel\u00edcula, Altman s\u00ed supo adaptarse a los&nbsp;tiempos modernos y a sus m\u00e1s de 80 a\u00f1os segu\u00eda en activo y a menudo, dando lecciones de ingenio, talento e inteligencia. Eso s\u00ed, los se\u00f1ores de las compa\u00f1\u00edas de seguros exig\u00edan que hubiera un director suplente para la eventualidad&nbsp;de que el octogenario director no llegara al final del rodaje. En esta ocasi\u00f3n, Paul Thomas Anderson (el de &#8220;Boogie Nights&#8221;, &#8220;Magnolia&#8221; o &#8220;Embriagado de amor&#8221;) fue el elegido.<\/FONT><\/P><br \/>\n<P align=justify><FONT size=2>Y la verdad es que al final, ni fu, ni fa. No es de lo mejor de la filmograf\u00eda de Altman, ni de lo peor. No es de lo mejor de la cartelera, ni de lo peor. Si no fuera por los&nbsp;nombres de los implicados y sus circunstancias, mucho me temo que&nbsp;<STRONG>&#8220;El&nbsp;\u00faltimo show&#8221;<\/STRONG> ser\u00eda una m\u00e1s de las pelis que podemos&nbsp;en los cines Pr\u00edncipe. Se ve a gusto, transcurre pl\u00e1cidamente, sin dejar poso, ni huella. A pesar de unos cuantos peros.<\/FONT><\/P><br \/>\n<P align=justify><FONT size=2>Me gustan las interpretaciones, aunque me parece que no s\u00e9 lo suficiente&nbsp;acerca de los personajes&nbsp;como para sentirlos pr\u00f3ximos, hay muchas canciones y jingles publicitarios, pero ni esa m\u00fasica, ni esas letras (por cierto, vaya traducciones m\u00e1s libres las de los subt\u00edtulos) me emocionan, se cuentan varios chistes (malos), pero maldita la gracia que me hacen, la muerte pulula por el teatro vestida de muerte, pero poco me importa&nbsp;qui\u00e9n va a ser &#8220;el elegido&#8221;, pero a pesar de que narrativamente tiene algunos agujeros,&nbsp;tiene algo que hace que no me aburra y&nbsp;que est\u00e9 atento a la pantalla. \u00bfSer\u00e1 el toque Altman? Seguramente.<\/FONT><FONT size=2>&nbsp;<\/FONT><\/P><\/p>\n<!-- AddThis Advanced Settings generic via filter on the_content --><!-- AddThis Share Buttons generic via filter on the_content -->","protected":false},"excerpt":{"rendered":"<p>&nbsp; Me permito abandonar mi involuntario &#8220;casi retiro&#8221; de este&nbsp;blog que espero que est\u00e9 pr\u00f3ximo a finalizar, para comentar el \u00faltimo show de Robert Altman: &#8220;El \u00faltimo show&#8221;. Por esos caprichos de la distribuci\u00f3n cinematogr\u00e1fica en Espa\u00f1a que no acabo de entender, a los se\u00f1ores de Manga Films no se les&nbsp;ocurri\u00f3&nbsp;estrenarla en febrero de 2006 [&hellip;]<!-- AddThis Advanced Settings generic via filter on get_the_excerpt --><!-- AddThis Share Buttons generic via filter on get_the_excerpt --><\/p>\n","protected":false},"author":31,"featured_media":0,"comment_status":"open","ping_status":"closed","sticky":false,"template":"","format":"standard","meta":[],"categories":[2],"tags":[4],"_links":{"self":[{"href":"https:\/\/blogs.diariovasco.com\/sesioncontinua\/wp-json\/wp\/v2\/posts\/113"}],"collection":[{"href":"https:\/\/blogs.diariovasco.com\/sesioncontinua\/wp-json\/wp\/v2\/posts"}],"about":[{"href":"https:\/\/blogs.diariovasco.com\/sesioncontinua\/wp-json\/wp\/v2\/types\/post"}],"author":[{"embeddable":true,"href":"https:\/\/blogs.diariovasco.com\/sesioncontinua\/wp-json\/wp\/v2\/users\/31"}],"replies":[{"embeddable":true,"href":"https:\/\/blogs.diariovasco.com\/sesioncontinua\/wp-json\/wp\/v2\/comments?post=113"}],"version-history":[{"count":0,"href":"https:\/\/blogs.diariovasco.com\/sesioncontinua\/wp-json\/wp\/v2\/posts\/113\/revisions"}],"wp:attachment":[{"href":"https:\/\/blogs.diariovasco.com\/sesioncontinua\/wp-json\/wp\/v2\/media?parent=113"}],"wp:term":[{"taxonomy":"category","embeddable":true,"href":"https:\/\/blogs.diariovasco.com\/sesioncontinua\/wp-json\/wp\/v2\/categories?post=113"},{"taxonomy":"post_tag","embeddable":true,"href":"https:\/\/blogs.diariovasco.com\/sesioncontinua\/wp-json\/wp\/v2\/tags?post=113"}],"curies":[{"name":"wp","href":"https:\/\/api.w.org\/{rel}","templated":true}]}}