{"id":115,"date":"2007-04-07T13:48:53","date_gmt":"2007-04-07T13:48:53","guid":{"rendered":"http:\/\/blogs.diariovasco.com\/sesioncontinua\/?p=115"},"modified":"2007-04-07T13:48:53","modified_gmt":"2007-04-07T13:48:53","slug":"de_niro_re_director","status":"publish","type":"post","link":"https:\/\/blogs.diariovasco.com\/sesioncontinua\/2007\/04\/07\/de_niro_re_director\/","title":{"rendered":"De Niro. Re-director"},"content":{"rendered":"<p><P align=justify><IMG height=198 src=\"\/sesioncontinua\/wp-content\/uploads\/sites\/17\" width=550 vspace=10><\/P><br \/>\n<P align=justify><FONT size=2>As\u00ed es. El seg\u00fan el t\u00f3pico &#8220;mejor actor de su generaci\u00f3n&#8221; (aunque uno se tenga que remontar a sus films de los 70 y 80 para comprender por qu\u00e9 se le considera as\u00ed) ha vuelto a dirigir. Por fin llega a las pantallas <STRONG>&#8220;El buen pastor&#8221;,<\/STRONG> despu\u00e9s de dejar bastante fr\u00edos a p\u00fablico, cr\u00edtica y Academia en Norteam\u00e9rica y ser bien recibida en la \u00faltima Berlinale. <\/FONT><\/P><br \/>\n<P align=justify><FONT size=2>Hace m\u00e1s de 10 a\u00f1os, De Niro se estren\u00f3 con <STRONG>&#8220;Una historia del Bronx<\/STRONG>&#8220;, un gui\u00f3n del actor&nbsp;Chazz Palminteri sobre un ni\u00f1o con dos &#8220;padres&#8221; y en &#8220;El Buen Pastor&#8221;, pone en im\u00e1genes un gui\u00f3n&nbsp;de Eric Roth (&#8220;Forrest Gump&#8221;, &#8220;El dilema&#8221;, &#8220;Munich&#8221;&#8230;) sobre dos hijos criados &#8220;sin padre&#8221;. &#8220;Una historia del Bronx&#8221; es una pel\u00edcula&nbsp;sencilla, modesta y&nbsp;muy humana. &#8220;El Buen Pastor&#8221; es ambiciosa,&nbsp;grande y solemne. Y es que hay diferencia entre el d\u00eda a d\u00eda de una familia trabajadora&nbsp;del Bronx y&nbsp;el&nbsp;tumultuoso (inventado) origen&nbsp;de la CIA.<\/FONT><\/P><br \/>\n<P align=justify><FONT size=2>&#8220;El Buen Pastor&#8221;&nbsp;son 167 minutos de cine de estilo cl\u00e1sico, con un gui\u00f3n que se toma su tiempo en ir revelando las distintas claves de su protagonista. <STRONG>\u00bfEs demasiado larga?<\/STRONG> No me dio esa impresi\u00f3n. No se me ocurre ninguna secuencia o l\u00ednea argumental que sobre. <STRONG>\u00bfEs lenta?<\/STRONG> Tampoco me lo parece. Precisamente, muchos de los que&nbsp;la acusan de serlo tambi\u00e9n afirman haberse perdido y no entender todos los entresijos de la historia.<\/FONT><\/P><br \/>\n<P align=justify><FONT size=2>Seguramente lo que hace de&nbsp;&#8220;El Buen Pastor&#8221; una pel\u00edcula no f\u00e1cil de ver es su personaje central. No es un h\u00e9roe, ni un antih\u00e9roe, no es un ganador, ni&nbsp;un perdedor. <STRONG>No tiene carisma<\/STRONG>. Es un hombre inteligente y&nbsp;brillante en su trabajo, pero&nbsp;de personalidad gris que lo sacrifica&nbsp;todo por su pa\u00eds. Y&nbsp;es dif\u00edcil que el&nbsp;espectador&nbsp;&nbsp;se identifique con un hombre&nbsp;como \u00e9se. Pero \u00e9se no es un fallo de la pel\u00edcula.&nbsp;\u00c9sa es la&nbsp;intenci\u00f3n de Eric Roth y De&nbsp;Niro.&nbsp;Y lo logran de manera satisfactoria ayudados por la interpretaci\u00f3n del siempre soso Matt Damon. Es que algunos esp\u00edas, no s\u00f3lo tienen licencia para matar.<\/FONT><\/P><\/p>\n<!-- AddThis Advanced Settings generic via filter on the_content --><!-- AddThis Share Buttons generic via filter on the_content -->","protected":false},"excerpt":{"rendered":"<p>As\u00ed es. El seg\u00fan el t\u00f3pico &#8220;mejor actor de su generaci\u00f3n&#8221; (aunque uno se tenga que remontar a sus films de los 70 y 80 para comprender por qu\u00e9 se le considera as\u00ed) ha vuelto a dirigir. Por fin llega a las pantallas &#8220;El buen pastor&#8221;, despu\u00e9s de dejar bastante fr\u00edos a p\u00fablico, cr\u00edtica y [&hellip;]<!-- AddThis Advanced Settings generic via filter on get_the_excerpt --><!-- AddThis Share Buttons generic via filter on get_the_excerpt --><\/p>\n","protected":false},"author":31,"featured_media":0,"comment_status":"open","ping_status":"closed","sticky":false,"template":"","format":"standard","meta":[],"categories":[2],"tags":[4],"_links":{"self":[{"href":"https:\/\/blogs.diariovasco.com\/sesioncontinua\/wp-json\/wp\/v2\/posts\/115"}],"collection":[{"href":"https:\/\/blogs.diariovasco.com\/sesioncontinua\/wp-json\/wp\/v2\/posts"}],"about":[{"href":"https:\/\/blogs.diariovasco.com\/sesioncontinua\/wp-json\/wp\/v2\/types\/post"}],"author":[{"embeddable":true,"href":"https:\/\/blogs.diariovasco.com\/sesioncontinua\/wp-json\/wp\/v2\/users\/31"}],"replies":[{"embeddable":true,"href":"https:\/\/blogs.diariovasco.com\/sesioncontinua\/wp-json\/wp\/v2\/comments?post=115"}],"version-history":[{"count":0,"href":"https:\/\/blogs.diariovasco.com\/sesioncontinua\/wp-json\/wp\/v2\/posts\/115\/revisions"}],"wp:attachment":[{"href":"https:\/\/blogs.diariovasco.com\/sesioncontinua\/wp-json\/wp\/v2\/media?parent=115"}],"wp:term":[{"taxonomy":"category","embeddable":true,"href":"https:\/\/blogs.diariovasco.com\/sesioncontinua\/wp-json\/wp\/v2\/categories?post=115"},{"taxonomy":"post_tag","embeddable":true,"href":"https:\/\/blogs.diariovasco.com\/sesioncontinua\/wp-json\/wp\/v2\/tags?post=115"}],"curies":[{"name":"wp","href":"https:\/\/api.w.org\/{rel}","templated":true}]}}