{"id":116,"date":"2007-04-17T00:38:59","date_gmt":"2007-04-17T00:38:59","guid":{"rendered":"http:\/\/blogs.diariovasco.com\/sesioncontinua\/?p=116"},"modified":"2007-04-17T00:38:59","modified_gmt":"2007-04-17T00:38:59","slug":"ique_le_pasa_a_annie_hall","status":"publish","type":"post","link":"https:\/\/blogs.diariovasco.com\/sesioncontinua\/2007\/04\/17\/ique_le_pasa_a_annie_hall\/","title":{"rendered":"\u00bfQu\u00e9 le pasa a Annie Hall?"},"content":{"rendered":"<p><P align=justify><FONT size=2>Asumo que seguramente no formo parte del p\u00fablico objetivo de la pel\u00edcula. Y a las pruebas me remito. En la sesi\u00f3n en la que la sufr\u00ed habr\u00eda alrededor de 40 personas:&nbsp;3 \u00f3&nbsp;4 grupos de chicas adolescentes, otros tantos de respetables se\u00f1oras de m\u00e1s de 60, alguna otra mujer de mediana edad, un jubilado y yo, <EM>un joven chaval<\/EM> de treinta y tantos. Pero a pesar de esto, ver a Diane Keaton en &#8220;Porque lo digo yo&#8221; casi me dio verg\u00fcenza ajena.<\/FONT><\/P><br \/>\n<P align=justify><IMG height=101 src=\"\/sesioncontinua\/wp-content\/uploads\/sites\/17\" width=155><IMG height=101 src=\"\/sesioncontinua\/wp-content\/uploads\/sites\/17\" width=180><IMG height=101 src=\"\/sesioncontinua\/wp-content\/uploads\/sites\/17\" width=179><\/P><br \/>\n<P align=justify><FONT size=2>Tras trabajar&nbsp;en su juventud con gente tan de fiar como Francis Ford Coppola, Woody Allen, Warren Beatty (con \u00e9stos dos \u00faltimos hubo m\u00e1s que trabajo) y algunos otros nombres m\u00e1s, la Keaton a medida que fue madurando, parece que se aburri\u00f3 de sofisticaci\u00f3n y se pas\u00f3 a la comedia facilona,&nbsp;de mujeres, con <EM>supuesto<\/EM> toque feminista y progresista como &#8220;Baby, t\u00fa vales mucho&#8221;, &#8220;El club de las primeras esposas&#8221; o &#8220;Colgadas&#8221; o al drama lacrim\u00f3geno como en &#8220;Aprendiendo a vivir&#8221; o &#8220;La habitaci\u00f3n de Marvin&#8221;.<\/FONT><\/P><br \/>\n<P align=justify><FONT size=2>Pero con &#8220;Porque lo digo yo&#8221; su carrera toca un m\u00ednimo. La pel\u00edcula es una acumulaci\u00f3n de t\u00f3picos sin gracia, una serie de situaciones incre\u00edbles, una sucesi\u00f3n de gags que m\u00e1s que risa provocan verg\u00fcenza ajena&#8230; Y al menos en &#8220;Cuando menos te lo esperas&#8221;, la Keaton se luc\u00eda, pero ahora est\u00e1 tan histri\u00f3nica, tan sobreactuada, tan gesticulante, tan pasada de vueltas que no&nbsp;pod\u00eda&nbsp;evitar el pensar \u00bfqu\u00e9 le pasa a Annie Hall?&nbsp;<\/FONT><\/P><br \/>\n<P align=justify>&nbsp;<\/P><\/p>\n<!-- AddThis Advanced Settings generic via filter on the_content --><!-- AddThis Share Buttons generic via filter on the_content -->","protected":false},"excerpt":{"rendered":"<p>Asumo que seguramente no formo parte del p\u00fablico objetivo de la pel\u00edcula. Y a las pruebas me remito. En la sesi\u00f3n en la que la sufr\u00ed habr\u00eda alrededor de 40 personas:&nbsp;3 \u00f3&nbsp;4 grupos de chicas adolescentes, otros tantos de respetables se\u00f1oras de m\u00e1s de 60, alguna otra mujer de mediana edad, un jubilado y yo, [&hellip;]<!-- AddThis Advanced Settings generic via filter on get_the_excerpt --><!-- AddThis Share Buttons generic via filter on get_the_excerpt --><\/p>\n","protected":false},"author":31,"featured_media":0,"comment_status":"open","ping_status":"closed","sticky":false,"template":"","format":"standard","meta":[],"categories":[2],"tags":[4],"_links":{"self":[{"href":"https:\/\/blogs.diariovasco.com\/sesioncontinua\/wp-json\/wp\/v2\/posts\/116"}],"collection":[{"href":"https:\/\/blogs.diariovasco.com\/sesioncontinua\/wp-json\/wp\/v2\/posts"}],"about":[{"href":"https:\/\/blogs.diariovasco.com\/sesioncontinua\/wp-json\/wp\/v2\/types\/post"}],"author":[{"embeddable":true,"href":"https:\/\/blogs.diariovasco.com\/sesioncontinua\/wp-json\/wp\/v2\/users\/31"}],"replies":[{"embeddable":true,"href":"https:\/\/blogs.diariovasco.com\/sesioncontinua\/wp-json\/wp\/v2\/comments?post=116"}],"version-history":[{"count":0,"href":"https:\/\/blogs.diariovasco.com\/sesioncontinua\/wp-json\/wp\/v2\/posts\/116\/revisions"}],"wp:attachment":[{"href":"https:\/\/blogs.diariovasco.com\/sesioncontinua\/wp-json\/wp\/v2\/media?parent=116"}],"wp:term":[{"taxonomy":"category","embeddable":true,"href":"https:\/\/blogs.diariovasco.com\/sesioncontinua\/wp-json\/wp\/v2\/categories?post=116"},{"taxonomy":"post_tag","embeddable":true,"href":"https:\/\/blogs.diariovasco.com\/sesioncontinua\/wp-json\/wp\/v2\/tags?post=116"}],"curies":[{"name":"wp","href":"https:\/\/api.w.org\/{rel}","templated":true}]}}