{"id":117,"date":"2007-04-29T00:19:26","date_gmt":"2007-04-29T00:19:26","guid":{"rendered":"http:\/\/blogs.diariovasco.com\/sesioncontinua\/?p=117"},"modified":"2007-04-29T00:19:26","modified_gmt":"2007-04-29T00:19:26","slug":"cine_de_primavera","status":"publish","type":"post","link":"https:\/\/blogs.diariovasco.com\/sesioncontinua\/2007\/04\/29\/cine_de_primavera\/","title":{"rendered":"Mayo: mes de cine"},"content":{"rendered":"<p><P align=justify><FONT size=2>Que ya s\u00e9 que anochece tarde, que todav\u00eda no hace mucho calor, que apetece estar en una terracita&#8230; pero en mayo tambi\u00e9n se puede disfrutar en una sala de cine. Unos pocos afortunados ir\u00e1n a Cannes para ver antes que nadie y tras unas buenas dosis de colas, empujones y discusiones algunas de las pel\u00edculas m\u00e1s &#8220;importantes&#8221; del a\u00f1o (aunque en general luego sus resultados en la taquilla sean muy limitados), pero en Donostia tambi\u00e9n habr\u00e1 cosas interesantes para ver.<\/FONT><\/P><br \/>\n<P align=justify><FONT size=2>No est\u00e1n todas las que son pero me he puesto a mirar el calendario de estrenos y os cuento cu\u00e1les son las que m\u00e1s me han llamado la atenci\u00f3n. Repito: las que me han llamado la atenci\u00f3n. No recomiendo todas las mencionadas, de hecho hay algunas que ya he visto, que no me gustaron y os lo comento.&nbsp;Tendremos que estar atentos porque seguramente algunas cambiar\u00e1n de fecha de estreno,&nbsp;pero de momento esto es lo que hay:<\/FONT><\/P><br \/>\n<P align=justify><IMG height=148 src=\"\/sesioncontinua\/wp-content\/uploads\/sites\/17\" width=103 vspace=10><IMG height=148 src=\"\/sesioncontinua\/wp-content\/uploads\/sites\/17\" width=104 vspace=10><IMG height=148 src=\"\/sesioncontinua\/wp-content\/uploads\/sites\/17\" width=104 vspace=10><IMG height=148 src=\"\/sesioncontinua\/wp-content\/uploads\/sites\/17\" width=100 vspace=10><IMG height=148 src=\"\/sesioncontinua\/wp-content\/uploads\/sites\/17\" width=103 vspace=10><\/P><br \/>\n<P><U><FONT size=2>4 de mayo<\/FONT><\/U><\/P><br \/>\n<P align=justify><FONT size=2><STRONG>&#8220;Spiderman 3&#8221; <\/STRONG>de Sam Raimi con Tobey Maguire y Kirsten Dunst. Estreno simult\u00e1neo en todo el mundo (cosas de la pirater\u00eda) de la tercera parte de la superexitosa serie del hombre ara\u00f1a. Al equipo art\u00edstico y t\u00e9cnico de las dos anteriores (s\u00f3lo falta el m\u00fasico Danny Elfman) se unen Thomas Haden Church&nbsp;(el actor casadero de &#8220;Entre copas&#8221;), Topher Grace y Bryce Dallas Howard (&#8220;El bosque&#8221;, &#8220;Manderlay&#8221;, &#8220;La joven del agua&#8221;) en la pel\u00edcula m\u00e1s cara de la historia (m\u00e1s de 250 millones de d\u00f3lares de presupuesto). Aunque teniendo en cuenta que las dos anteriores s\u00f3lo en salas de cine recaudaron m\u00e1s de 1.600 millones de d\u00f3lares, la apuesta no parece tan descabellada. Los que la han visto cuentan que es una buena pel\u00edcula de superh\u00e9roes&nbsp;aunque demasiado larga, dos horas y veinte minutos.<\/FONT><\/P><br \/>\n<P align=justify><FONT size=2><STRONG>&#8220;Mi&nbsp;hijo&#8221;<\/STRONG> con Nathalie Baye. La \u00faltima Concha de Oro ex-aequo (la otra ganadora, la iran\u00ed &#8220;Half Moon&#8221;, se estrenar\u00e1 en septiembre) llega a las pantallas. Los que no pudieron verla en el Zinemaldi, podr\u00e1n comprobar con sus propios ojos si la pol\u00e9mica&nbsp;acerca de&nbsp;sus m\u00e9ritos para ser premiada era justa o no. A m\u00ed me parece que semejante reconocimiento le viene muy grande, ya que se queda en un telefilm con alg\u00fan detalle de sofisticaci\u00f3n. Nathalie Baye&nbsp;tambi\u00e9n recibi\u00f3 el premio de interpretaci\u00f3n.<\/FONT><\/P><br \/>\n<P align=justify><FONT size=2><STRONG>&#8220;El infierno&#8221;<\/STRONG> de Danis Tanovic con Emmanuel B\u00e9art, Marie Gillain y&nbsp;Carole Bouquet. Tras ganar el Oscar con &#8220;En tierra de nadie&#8221;, el bosnio Tanovic lleva a la pantalla una historia del polaco&nbsp;Kieslowski y el resultado es una&nbsp;muy fallida pel\u00edcula francesa. Se present\u00f3 con m\u00e1s&nbsp;pena&nbsp;que gloria en&nbsp; Zabaltegi&#8217;05.<\/FONT><\/P><br \/>\n<P align=justify><FONT size=2><STRONG>&#8220;Retrato de una obsesi\u00f3n&#8221;<\/STRONG> con Nicole Kidman y Robert Downey Jr. Decepcionante biograf\u00eda de la fot\u00f3grafa Diane Arbus que inaugur\u00f3 el pasado Festival de Roma. Los traductores al espa\u00f1ol del t\u00edtulo juegan al despiste y transforman lo que en la versi\u00f3n original es un &#8220;retrato imaginario&#8221; en el retrato de una obsesi\u00f3n, pero que nadie se espere un thriller, esto es un drama.<\/FONT><\/P><br \/>\n<P align=justify><IMG height=148 src=\"\/sesioncontinua\/wp-content\/uploads\/sites\/17\" width=99 vspace=10><IMG height=148 src=\"\/sesioncontinua\/wp-content\/uploads\/sites\/17\" width=103 vspace=10><IMG height=148 src=\"\/sesioncontinua\/wp-content\/uploads\/sites\/17\" width=103 vspace=10><IMG height=148 src=\"\/sesioncontinua\/wp-content\/uploads\/sites\/17\" width=103 vspace=10><IMG height=148 src=\"\/sesioncontinua\/wp-content\/uploads\/sites\/17\" width=100 vspace=10><\/P><br \/>\n<P align=justify><FONT size=2><U>11 de mayo<\/U><\/FONT><\/P><br \/>\n<P align=justify><FONT size=2><STRONG>&#8220;El viol\u00edn&#8221;<\/STRONG> de Francisco Vargas. Premiad\u00edsima (en Cannes, en el Zinemaldi y en los m\u00e1s prestigiosos festivales de cine latinoamericano:&nbsp;Cartagena de Indias,&nbsp;Huelva,&nbsp;Miami&#8230;) pel\u00edcula mexicana rodada en blanco y negro que cuenta el enfrentamiento entre la guerrilla y el ej\u00e9rcito mexicano y el efecto de la m\u00fasica, que como es sabido &#8220;amansa a las fieras&#8221;. Muy recomendable.<\/FONT><\/P><br \/>\n<P align=justify><FONT size=2><STRONG>&#8220;Borrachera de poder&#8221;,<\/STRONG>&nbsp;de Claude Chabrol con Isabelle Hupert. S\u00e9ptima colaboraci\u00f3n entre ambos. La Hupert interpreta a una juez de instrucci\u00f3n a la que una investigaci\u00f3n por&nbsp;malversaci\u00f3n de fondos&nbsp;en el seno de un importante grupo industrial &#8220;se le sube a la cabeza&#8221;. A estas alturas ya sabemos qu\u00e9 esperar de Chabrol. Se present\u00f3 en la Berlinale&#8217;06.<\/FONT><\/P><br \/>\n<P align=justify><FONT size=2><STRONG>&#8220;Cashback&#8221;<\/STRONG> de Sean Ellis. Esta curiosa y fresca \u00f3pera prima brit\u00e1nica se present\u00f3 en el \u00faltimo Zabaltegi, donde gan\u00f3 el premio de la Confederaci\u00f3n Internacional de Cines de Arte y Ensayo. Tras abandonarle su novia, para llenar las horas de insomnio Ben decide empezar a trabajar en un supermercado en el que conocer\u00e1 a gente de lo m\u00e1s variopinta.<\/FONT><\/P><br \/>\n<P align=justify><FONT size=2><STRONG>&#8220;Historia de un crimen&#8221;<\/STRONG> con Toby Jones, Sandra Bullock, Sigourney Weaver, Daniel Craig&#8230; \u00bfOs quedasteis con&nbsp;ganas de m\u00e1s Truman Capote y &#8220;A sangre fr\u00eda&#8221; tras &#8220;Capote&#8221;? Pues volvemos a lo mismo: Capote, Harper Lee y los asesinatos de la familia Clutter. Toby Jones gan\u00f3 el premio de actor brit\u00e1nico del a\u00f1o seg\u00fan los cr\u00edticos de Londres por este papel. Las comparaciones son odiosas, pero en este caso inevitables.<\/FONT><\/P><br \/>\n<P align=justify><FONT size=2><STRONG>&#8220;El novio de mi madre&#8221;<\/STRONG> con Michelle Pfeiffer. \u00a1Vuelve la Pfeiffer! Vale, la peli en principio no tiene mucho m\u00e1s inter\u00e9s, pero hace 5 a\u00f1os que no vemos a la Pfeiffer en la pantalla grande. Lo bueno es que tiene 3 proyectos m\u00e1s en cartera. En \u00e9ste interpreta a una productora de televisi\u00f3n en crisis profesional y familiar que se enamora de un actor mucho m\u00e1s joven que ella (Paul Rudd).<\/FONT><\/P><br \/>\n<P align=justify><FONT size=2><STRONG>&#8220;The lookout&#8221;. <\/STRONG>El guionista de &#8220;Un romance muy peligroso&#8221;, &#8220;Minority Report&#8221; o &#8220;La int\u00e9rprete&#8221; debuta en la direcci\u00f3n con este thriller protagonizado por Joseph Gordon-Lewitt, Jeff Daniels y Matthew Goode (&#8220;Matchpoint&#8221;). A pesar de sus excelentes cr\u00edticas,&nbsp;la recaudaci\u00f3n&nbsp;en la taquilla norteamericana ha sido&nbsp;decepcionante.<\/FONT><\/P><br \/>\n<P align=justify><IMG height=148 src=\"\/sesioncontinua\/wp-content\/uploads\/sites\/17\" width=101 vspace=10><IMG height=148 src=\"\/sesioncontinua\/wp-content\/uploads\/sites\/17\" width=100 vspace=10><IMG height=148 src=\"\/sesioncontinua\/wp-content\/uploads\/sites\/17\" width=102 vspace=10><IMG height=148 src=\"\/sesioncontinua\/wp-content\/uploads\/sites\/17\" width=103 vspace=10><IMG height=148 src=\"\/sesioncontinua\/wp-content\/uploads\/sites\/17\" width=103 vspace=10><\/P><br \/>\n<P align=justify><FONT size=2><U>18 de mayo<\/U><\/FONT>&nbsp;<\/P><br \/>\n<P align=justify><FONT size=2><STRONG>&#8220;Zodiac&#8221;<\/STRONG> de David Fincher con Jake Gyllenhaal, Mark Ruffalo y Robert Downey Jr. Aprovechando el impacto publicitario de su presencia en la secci\u00f3n competitiva del Festival de Cannes se estrenar\u00e1 en las salas donostiarras la nueva pel\u00edcula del&nbsp;director de &#8220;Seven&#8221; y &#8220;El club de la lucha&#8221;. \u00bfPor qu\u00e9 no ocurrir\u00e1 esto m\u00e1s a menudo? Sangriento thriller basado en el caso real del &#8220;asesino del zodiaco&#8221; que entre 1966 y 1978 mat\u00f3 a 37 personas en el \u00e1rea de San Francisco. Excelentes cr\u00edticas en los Estados Unidos donde se ha convertido ya en una pel\u00edcula de culto.<\/FONT><\/P><br \/>\n<P align=justify><FONT size=2><STRONG>&#8220;Delirious&#8221;<\/STRONG> de Tom Dicillo con Steve Buscemi, Michael Pitt y Alison Lohman. Una de las triunfadoras del \u00faltimo Zinemaldi en el que gan\u00f3 entre otros los premios al mejor director y al mejor gui\u00f3n. Resultona comedia sobre un paparazzi que contrata y acoge a un ayudante con aspiraciones a actor que se acaba enamorando de una estrella del pop.<\/FONT><\/P><br \/>\n<P align=justify><FONT size=2><STRONG>&#8220;12:08 al este de Bucarest&#8221;.<\/STRONG> Ganadora de la C\u00e1mara de Oro de Cannes&#8217;06. Una comedia rumana divertida y fresca a la vez que comprometida y&nbsp;cr\u00edtica. \u00bfQu\u00e9 ocurre cuando en una&nbsp;televisi\u00f3n local cutre se les ocurre repasar qu\u00e9 pas\u00f3 en&nbsp;su pueblo cuando la ca\u00edda de Ceaucescu? \u00bfDe verdad hubo revolucionarios en el pueblo? Risas garantizadas.<\/FONT><\/P><br \/>\n<P align=justify><FONT size=2><STRONG>&#8220;Alta Sociedad&#8221;<\/STRONG> de Martha Fiennes con Ralph Fiennes, Kristin Scott-Thomas, Pen\u00e9lope Cruz, Rhys Ifans, Ben Chaplin, Ian Holm&#8230;&nbsp;&nbsp;Clausur\u00f3 fuera de concurso&nbsp;Cannes&#8217;05. Oscuro drama protagonizado por profesionales&nbsp;de las clases acomodadas&nbsp;de Londres en el que se combinan varias historias. Dada la fr\u00eda acogida que tuvo en su presentaci\u00f3n, se puede llegar a entender el capricho del cambio de t\u00edtulo de los traductores:&nbsp;de &#8220;Chromofobia&#8221; pasamos a &#8220;Alta Sociedad&#8221;.<\/FONT><\/P><br \/>\n<P align=justify><FONT size=2><STRONG>&#8220;The history boys&#8221;<\/STRONG> de Nicholas Hytner. El director de &#8220;La locura del Rey Jorge&#8221; y de &#8220;El crisol&#8221; nos cuenta una especie de &#8220;El club de los poetas muertos&#8221; a la inglesa&nbsp;y en&nbsp;los a\u00f1os 80. Un grupo de estudiantes se prepara para poder entrar en las universidades de Oxford o Cambridge ayudados por unos cuantos profesores excelentes. Basado en una obra de teatro que triunf\u00f3 en Londres, el reparto de ambas versiones es el mismo. En la banda sonora suenan New Order, The Smiths, Echo &#038; the Bunnymen y The Cure.<\/FONT><\/P><br \/>\n<P align=justify>&nbsp;<IMG height=148 src=\"\/sesioncontinua\/wp-content\/uploads\/sites\/17\" width=103 vspace=10><IMG height=148 src=\"\/sesioncontinua\/wp-content\/uploads\/sites\/17\" width=103 vspace=10><IMG height=148 src=\"\/sesioncontinua\/wp-content\/uploads\/sites\/17\" width=102 vspace=10><IMG height=148 src=\"\/sesioncontinua\/wp-content\/uploads\/sites\/17\" width=103 vspace=10><IMG height=148 src=\"\/sesioncontinua\/wp-content\/uploads\/sites\/17\" width=103 vspace=10><\/P><br \/>\n<P align=justify><FONT size=2><U>25 de mayo<\/U><\/FONT><\/P><br \/>\n<P align=justify><FONT size=2><STRONG>&#8220;Piratas del Caribe:&nbsp;en el fin del mundo&#8221;<\/STRONG> con el equipo art\u00edstico y t\u00e9cnico de las anteriores entregas m\u00e1s Chow Yun-Fat. De hecho, esta tercera parte se rod\u00f3 a la vez que la segunda. Segundo&nbsp;estreno simult\u00e1neo en todo el mundo (debido a otro tipo de piratas) del mes. Keith Richards, de los Rolling Stones, hace un cameo interpretando al padre de Jack Sparrow (Johnny Depp). \u00c9xito de p\u00fablico asegurado. Entre las dos anteriores y s\u00f3lo en cines recaudaron m\u00e1s de 1.700 millones de d\u00f3lares.<\/FONT><\/P><br \/>\n<P align=justify><FONT size=2><STRONG>&#8220;El buen nombre&#8221;<\/STRONG> de Mira Nair. Adaptaci\u00f3n del best seller de Jhumpa Lahiri. La directora de &#8220;Salaam Bombay&#8221;, &#8220;Kama Sutra&#8221; y &#8220;La boda del monz\u00f3n&#8221; cuenta una historia de emigraci\u00f3n desde Calcuta a Nueva York,&nbsp;tradici\u00f3n y&nbsp;choque cultural. Ha recibido muy buenas cr\u00edticas que destacan las interpretaciones y el talento visual de la directora.&nbsp;&nbsp;<\/FONT><\/P><br \/>\n<P align=justify><STRONG>&#8220;<FONT size=2>Half Nelson&#8221;<\/FONT><\/STRONG><FONT size=2> con Ryan Gosling (Noah en &#8220;El diario de Noa&#8221;)&nbsp;estuvo nominado para el Oscar al mejor actor protagonista &nbsp;por este papel de profesor de instituto adicto a las drogas que mantiene una amistad especial con una de sus alumnas cuando \u00e9sta descubre su secreto. Excelentes cr\u00edticas y m\u00e1s de 20 premios internacionales para este drama sobre dos solitarios en crisis buscando algo a lo que agarrarse.<\/FONT><\/P><br \/>\n<P align=justify><FONT size=2><STRONG>&#8220;Takeshi&#8217;s&#8221;<\/STRONG> de, con y por&nbsp;Takeshi Kitano. Presentada en Venecia&#8217;05 es, al parecer, una incomprensible encadenaci\u00f3n&nbsp;de sue\u00f1o dentro de un sue\u00f1o dentro de un sue\u00f1o&#8230; a mayor gloria de su creador e int\u00e9rprete de s\u00ed mismo. Si normalmente tengo problemas con el cine de Kitano, me temo que con esta cinta la cosa no&nbsp;va a ir a mejor. &nbsp;Pel\u00edcula de super culto: entusiasma a una peque\u00f1a minor\u00eda y es aborrecida por casi todos los dem\u00e1s. \u00bfMe conformar\u00e9 con ver &#8220;Humor amarillo&#8221;?<\/FONT><\/P><br \/>\n<P align=justify><FONT size=2>Y en junio llegar\u00e1, la tercera de las terceras, tras &#8220;Spiderman 3&#8221; y &#8220;Piratas del Caribe 3&#8221;, &#8220;Shrek&nbsp;tercero&#8221;, pero tambi\u00e9n la excelente &#8220;Golden Door (Nuovomondo)&#8221; de Emanuele Crialese, la \u00fanica espa\u00f1ola en Cannes &#8220;La Soledad&#8221; de Jaime Rosales, la ganadora del Festival de M\u00e1laga &#8220;Bajo las estrellas&#8221; de F\u00e9lix Viscarret, tambi\u00e9n est\u00e1 llena de estrellas &#8220;Ocean&#8217;s 13&#8221;, la notable &#8220;Los climas&#8221; del turco Nuri Bilge Ceylan (el de &#8220;Uzak (Lejano)&#8221;) y mucho m\u00e1s.<\/FONT><\/P><br \/>\n<P align=justify><FONT size=2>\u00a1Nos vemos en el cine!<\/FONT><\/P><br \/>\n<P align=justify><FONT size=2><\/FONT>&nbsp;<\/P><\/p>\n<!-- AddThis Advanced Settings generic via filter on the_content --><!-- AddThis Share Buttons generic via filter on the_content -->","protected":false},"excerpt":{"rendered":"<p>Que ya s\u00e9 que anochece tarde, que todav\u00eda no hace mucho calor, que apetece estar en una terracita&#8230; pero en mayo tambi\u00e9n se puede disfrutar en una sala de cine. Unos pocos afortunados ir\u00e1n a Cannes para ver antes que nadie y tras unas buenas dosis de colas, empujones y discusiones algunas de las pel\u00edculas [&hellip;]<!-- AddThis Advanced Settings generic via filter on get_the_excerpt --><!-- AddThis Share Buttons generic via filter on get_the_excerpt --><\/p>\n","protected":false},"author":31,"featured_media":0,"comment_status":"open","ping_status":"closed","sticky":false,"template":"","format":"standard","meta":[],"categories":[2],"tags":[4],"_links":{"self":[{"href":"https:\/\/blogs.diariovasco.com\/sesioncontinua\/wp-json\/wp\/v2\/posts\/117"}],"collection":[{"href":"https:\/\/blogs.diariovasco.com\/sesioncontinua\/wp-json\/wp\/v2\/posts"}],"about":[{"href":"https:\/\/blogs.diariovasco.com\/sesioncontinua\/wp-json\/wp\/v2\/types\/post"}],"author":[{"embeddable":true,"href":"https:\/\/blogs.diariovasco.com\/sesioncontinua\/wp-json\/wp\/v2\/users\/31"}],"replies":[{"embeddable":true,"href":"https:\/\/blogs.diariovasco.com\/sesioncontinua\/wp-json\/wp\/v2\/comments?post=117"}],"version-history":[{"count":0,"href":"https:\/\/blogs.diariovasco.com\/sesioncontinua\/wp-json\/wp\/v2\/posts\/117\/revisions"}],"wp:attachment":[{"href":"https:\/\/blogs.diariovasco.com\/sesioncontinua\/wp-json\/wp\/v2\/media?parent=117"}],"wp:term":[{"taxonomy":"category","embeddable":true,"href":"https:\/\/blogs.diariovasco.com\/sesioncontinua\/wp-json\/wp\/v2\/categories?post=117"},{"taxonomy":"post_tag","embeddable":true,"href":"https:\/\/blogs.diariovasco.com\/sesioncontinua\/wp-json\/wp\/v2\/tags?post=117"}],"curies":[{"name":"wp","href":"https:\/\/api.w.org\/{rel}","templated":true}]}}