{"id":141,"date":"2007-09-12T00:09:17","date_gmt":"2007-09-12T00:09:17","guid":{"rendered":"http:\/\/blogs.diariovasco.com\/sesioncontinua\/?p=141"},"modified":"2007-09-12T00:09:17","modified_gmt":"2007-09-12T00:09:17","slug":"trueba_verano_de_cine_en_v_o","status":"publish","type":"post","link":"https:\/\/blogs.diariovasco.com\/sesioncontinua\/2007\/09\/12\/trueba_verano_de_cine_en_v_o\/","title":{"rendered":"Trueba: verano de cine en V.O."},"content":{"rendered":"<p><P align=left><FONT size=2><IMG height=193 src=\"\/sesioncontinua\/wp-content\/uploads\/sites\/17\" width=138 vspace=10><IMG height=193 src=\"\/sesioncontinua\/wp-content\/uploads\/sites\/17\" width=137 vspace=10><IMG height=193 src=\"\/sesioncontinua\/wp-content\/uploads\/sites\/17\" width=130 vspace=10><IMG height=193 src=\"\/sesioncontinua\/wp-content\/uploads\/sites\/17\" width=131 vspace=10><\/P><br \/>\n<\/FONT><br \/>\n<P align=justify><FONT size=2>&#8220;Takeshi&#8217;s&#8221;, &#8220;Los Climas&#8221;, &#8220;Boy Culture&#8221;, &#8220;La suerte de Emma&#8221;, &#8220;Red Road&#8221;, &#8220;Cuatro minutos&#8221;, &#8220;Belle Toujours&#8221;, &#8220;El Extra\u00f1o&#8221;, &#8220;Media Luna&#8221;, &#8220;Hana&#8221;, &#8220;Fraulein&#8221;, &#8220;Cuando naces&#8230; ya no puedes esconderte&#8221;&#8230; cine en japon\u00e9s, en turco, en ingl\u00e9s, en alem\u00e1n, en franc\u00e9s, en italiano, en kurdo, en farsi&#8230; y es que llevamos ya unos meses en los que los <STRONG>Cines Trueba<\/STRONG> se nos han convertido en <STRONG>cines de versi\u00f3n original<\/STRONG>. En la lista hay pel\u00edculas excelentes, buenas, mediocres y malas, la V.O. no tiene por qu\u00e9 ser sin\u00f3nimo de calidad cinematogr\u00e1fica. Pero todas son pel\u00edculas alejadas de los esquemas habituales del cine de Hollywood, del cine como producto de consumo. Unas pel\u00edculas que buscan espectadores, no s\u00f3lo sus carteras.<\/FONT><\/P><br \/>\n<P align=justify><FONT size=2>De hecho, ha habido ocasiones este verano en las que el cine en versi\u00f3n original ha llegado&nbsp;tambi\u00e9n&nbsp;a los cines Pr\u00edncipe, como ocurre esta semana con &#8220;Naturaleza muerta&#8221; y &#8220;El romance de Astrea&nbsp;y Celad\u00f3n&#8221;.<\/FONT><\/P><br \/>\n<P align=justify><FONT size=2>Ahora nos queda conseguir que esta buena costumbre tenga <STRONG>continuidad.<\/STRONG> Y esto depende principalmente de los <STRONG>cin\u00e9filos <\/STRONG>donostiarras. No tiene mucho sentido protestar porque en Donosti no haya cines de pel\u00edculas en V.O. y luego no ir a verlas cuando se estrenan. La \u00fanica forma para que pueda haber una programaci\u00f3n estable es si \u00e9sta es rentable, si la <STRONG>gente va a las salas<\/STRONG>, los <STRONG>exhibidores querr\u00e1n programar<\/STRONG> pelis en V.O. y las <STRONG>distribuidoras<\/STRONG>&nbsp;les <STRONG>ofrecer\u00e1n<\/STRONG> las escasas copias disponibles, ya que no nos olvidemos que aqu\u00ed todos est\u00e1n para ganar dinero. Y puestos a pedir, ser\u00eda de agradecer que nos lo pusieran f\u00e1cil a los espectadores y que las copias en V.O. estuvieran siempre en las mismas salas, para que no estemos obligados a repasar toda la cartelera busc\u00e1ndolas.<\/FONT><\/P><br \/>\n<P align=justify><FONT size=2>De momento, para este viernes se anuncia el estreno de la \u00faltima del amigo Michael Winterbottom, <STRONG>&#8220;Un coraz\u00f3n invencible&#8221;<\/STRONG> con Angelina Jolie en V.O. Los que hemos visto el tr\u00e1iler con ese doblaje con un muy poco cre\u00edble acento franc\u00e9s, agradecemos que podamos ver la pel\u00edcula en versi\u00f3n no adulterada. \u00a1Y que dure!<\/FONT><\/P><br \/>\n<P align=justify><IMG height=171 src=\"\/sesioncontinua\/wp-content\/uploads\/sites\/17\" width=550 vspace=10><\/P><\/p>\n<!-- AddThis Advanced Settings generic via filter on the_content --><!-- AddThis Share Buttons generic via filter on the_content -->","protected":false},"excerpt":{"rendered":"<p>&#8220;Takeshi&#8217;s&#8221;, &#8220;Los Climas&#8221;, &#8220;Boy Culture&#8221;, &#8220;La suerte de Emma&#8221;, &#8220;Red Road&#8221;, &#8220;Cuatro minutos&#8221;, &#8220;Belle Toujours&#8221;, &#8220;El Extra\u00f1o&#8221;, &#8220;Media Luna&#8221;, &#8220;Hana&#8221;, &#8220;Fraulein&#8221;, &#8220;Cuando naces&#8230; ya no puedes esconderte&#8221;&#8230; cine en japon\u00e9s, en turco, en ingl\u00e9s, en alem\u00e1n, en franc\u00e9s, en italiano, en kurdo, en farsi&#8230; y es que llevamos ya unos meses en los que los [&hellip;]<!-- AddThis Advanced Settings generic via filter on get_the_excerpt --><!-- AddThis Share Buttons generic via filter on get_the_excerpt --><\/p>\n","protected":false},"author":31,"featured_media":0,"comment_status":"open","ping_status":"closed","sticky":false,"template":"","format":"standard","meta":[],"categories":[2],"tags":[4],"_links":{"self":[{"href":"https:\/\/blogs.diariovasco.com\/sesioncontinua\/wp-json\/wp\/v2\/posts\/141"}],"collection":[{"href":"https:\/\/blogs.diariovasco.com\/sesioncontinua\/wp-json\/wp\/v2\/posts"}],"about":[{"href":"https:\/\/blogs.diariovasco.com\/sesioncontinua\/wp-json\/wp\/v2\/types\/post"}],"author":[{"embeddable":true,"href":"https:\/\/blogs.diariovasco.com\/sesioncontinua\/wp-json\/wp\/v2\/users\/31"}],"replies":[{"embeddable":true,"href":"https:\/\/blogs.diariovasco.com\/sesioncontinua\/wp-json\/wp\/v2\/comments?post=141"}],"version-history":[{"count":0,"href":"https:\/\/blogs.diariovasco.com\/sesioncontinua\/wp-json\/wp\/v2\/posts\/141\/revisions"}],"wp:attachment":[{"href":"https:\/\/blogs.diariovasco.com\/sesioncontinua\/wp-json\/wp\/v2\/media?parent=141"}],"wp:term":[{"taxonomy":"category","embeddable":true,"href":"https:\/\/blogs.diariovasco.com\/sesioncontinua\/wp-json\/wp\/v2\/categories?post=141"},{"taxonomy":"post_tag","embeddable":true,"href":"https:\/\/blogs.diariovasco.com\/sesioncontinua\/wp-json\/wp\/v2\/tags?post=141"}],"curies":[{"name":"wp","href":"https:\/\/api.w.org\/{rel}","templated":true}]}}