{"id":143,"date":"2007-09-20T19:04:20","date_gmt":"2007-09-20T19:04:20","guid":{"rendered":"http:\/\/blogs.diariovasco.com\/sesioncontinua\/?p=143"},"modified":"2007-09-20T19:04:20","modified_gmt":"2007-09-20T19:04:20","slug":"zinemaldi_07_iempezamos_bien","status":"publish","type":"post","link":"https:\/\/blogs.diariovasco.com\/sesioncontinua\/2007\/09\/20\/zinemaldi_07_iempezamos_bien\/","title":{"rendered":"Zinemaldi&#039;07. \u00a1Empezamos bien!"},"content":{"rendered":"<p><P align=justify><FONT size=2>As\u00ed es. De momento esto va muy bien. El programa promete, he conseguido encajar gran parte de las pel\u00edculas que quer\u00eda ver y para empezar dos excelentes pel\u00edculas. De hecho, no recuerdo un mejor inicio en los \u00faltimos a\u00f1os.<\/FONT><\/P><br \/>\n<P align=justify><FONT size=2>En la Secci\u00f3n Oficial hemos comenzado con <STRONG>&#8220;Promesas del Este&#8221;,<\/STRONG> la nueva de Cronenberg premiada en Toronto&#8217;07. Y si dependiera de m\u00ed, o tenemos una Secci\u00f3n Oficial hist\u00f3rica por su calidad cinematogr\u00e1fica (que me temo que no) o de aqu\u00ed tampoco se ir\u00eda de vac\u00edo. Sin ir m\u00e1s lejos, ninguna de las pelis de la Secci\u00f3n Oficial de la edici\u00f3n del a\u00f1o pasado me gust\u00f3 tanto. Cronenberg se nos ha pasado a argumentos y temas m\u00e1s &#8220;convencionales&#8221; que los de hace unos cuantos a\u00f1os, pero su maestr\u00eda narrativa sigue en plena forma. Si a esto unimos unos int\u00e9rpretes excelentes, un gui\u00f3n inteligente (emborronado s\u00f3lo por un exceso &#8220;de casualidad&#8221; hacia el final de la pel\u00edcula) y una producci\u00f3n s\u00f3lida es l\u00f3gico que el resultado sea cine de calidad. Hay momentos en los que incluso osa jugar en el terreno de &#8220;El Padrino&#8221; o de algunas de las pelis de g\u00e1ngsters de Scorsese y no sale mal parada. Seguramente uno pod\u00eda esperar otro final menos convencional de alguien como Cronenberg, pero es lo que tiene el cine de g\u00e9nero: hay unas normas a cumplir. Nota para fans de Viggo: hay una larga escena de una pelea del personaje al que interpreta el se\u00f1or Mortensen en el que muestra los tatuajes de absolutamente &#8220;todo&#8221; su cuerpo.<\/FONT><\/P><br \/>\n<P align=justify><FONT size=2>Algunos sal\u00edan de &#8220;Promesas del Este&#8221; quej\u00e1ndose de que es una peli muy dura. Pues desde aqu\u00ed les invito a que no se acerquen a ver <STRONG>&#8220;4 meses,&nbsp;3 semanas y 2 d\u00edas&#8221;.<\/STRONG> Ya os coment\u00e9 en&nbsp;el art\u00edculo anterior que me parece una pel\u00edcula excepcional, pero lo que se cuenta aqu\u00ed s\u00ed que es realmente duro. No hay violencia expl\u00edcita como en la de Cronenberg,&nbsp;pero la imagen que da de la Ruman\u00eda de los \u00faltimos a\u00f1os de Ceaucescu&nbsp;es realmente desoladora. Si adem\u00e1s la&nbsp;pel\u00edcula se centra en una s\u00f3rdida historia de aborto ilegal, es normal que uno acabe &#8220;machacado&#8221; por lo que ha visto, pero satisfecho por haber&nbsp;&#8220;disfrutado&#8221; de una de las mejores pel\u00edculas del a\u00f1o. Y qu\u00e9 gran actriz es su protagonista, Anamaria Marinca.<\/FONT><\/P><br \/>\n<P align=justify><FONT size=2>Ahora una de txaskarrillos&#8230; \u00bfno son ganas de llamar la atenci\u00f3n&nbsp;pasearse &#8220;toda div(in)a&#8221; por los alrededores del Kursaal y la zona de acreditados del Festival&nbsp;a la salida de la peli de inauguraci\u00f3n, incluida visita a la atestada rueda de prensa de la peli, portando un&nbsp;innecesario&nbsp;gorro negro y encaramada a unos imposibles taconazos? Pues as\u00ed se paseaba &#8220;la Caye&#8221; (Guill\u00e9n Cuervo) este mediod\u00eda por la Zurriola.<\/FONT><\/P><br \/>\n<P align=justify><FONT size=2>Ahora &#8220;Mataharis&#8221;&#8230; seguiremos informando.<\/FONT><\/P><\/p>\n<!-- AddThis Advanced Settings generic via filter on the_content --><!-- AddThis Share Buttons generic via filter on the_content -->","protected":false},"excerpt":{"rendered":"<p>As\u00ed es. De momento esto va muy bien. El programa promete, he conseguido encajar gran parte de las pel\u00edculas que quer\u00eda ver y para empezar dos excelentes pel\u00edculas. De hecho, no recuerdo un mejor inicio en los \u00faltimos a\u00f1os. En la Secci\u00f3n Oficial hemos comenzado con &#8220;Promesas del Este&#8221;, la nueva de Cronenberg premiada en [&hellip;]<!-- AddThis Advanced Settings generic via filter on get_the_excerpt --><!-- AddThis Share Buttons generic via filter on get_the_excerpt --><\/p>\n","protected":false},"author":31,"featured_media":0,"comment_status":"open","ping_status":"closed","sticky":false,"template":"","format":"standard","meta":[],"categories":[2],"tags":[4],"_links":{"self":[{"href":"https:\/\/blogs.diariovasco.com\/sesioncontinua\/wp-json\/wp\/v2\/posts\/143"}],"collection":[{"href":"https:\/\/blogs.diariovasco.com\/sesioncontinua\/wp-json\/wp\/v2\/posts"}],"about":[{"href":"https:\/\/blogs.diariovasco.com\/sesioncontinua\/wp-json\/wp\/v2\/types\/post"}],"author":[{"embeddable":true,"href":"https:\/\/blogs.diariovasco.com\/sesioncontinua\/wp-json\/wp\/v2\/users\/31"}],"replies":[{"embeddable":true,"href":"https:\/\/blogs.diariovasco.com\/sesioncontinua\/wp-json\/wp\/v2\/comments?post=143"}],"version-history":[{"count":0,"href":"https:\/\/blogs.diariovasco.com\/sesioncontinua\/wp-json\/wp\/v2\/posts\/143\/revisions"}],"wp:attachment":[{"href":"https:\/\/blogs.diariovasco.com\/sesioncontinua\/wp-json\/wp\/v2\/media?parent=143"}],"wp:term":[{"taxonomy":"category","embeddable":true,"href":"https:\/\/blogs.diariovasco.com\/sesioncontinua\/wp-json\/wp\/v2\/categories?post=143"},{"taxonomy":"post_tag","embeddable":true,"href":"https:\/\/blogs.diariovasco.com\/sesioncontinua\/wp-json\/wp\/v2\/tags?post=143"}],"curies":[{"name":"wp","href":"https:\/\/api.w.org\/{rel}","templated":true}]}}