{"id":144,"date":"2007-09-21T15:47:53","date_gmt":"2007-09-21T15:47:53","guid":{"rendered":"http:\/\/blogs.diariovasco.com\/sesioncontinua\/?p=144"},"modified":"2007-09-21T15:47:53","modified_gmt":"2007-09-21T15:47:53","slug":"zinemadi_07_como_era_de_esperar","status":"publish","type":"post","link":"https:\/\/blogs.diariovasco.com\/sesioncontinua\/2007\/09\/21\/zinemadi_07_como_era_de_esperar\/","title":{"rendered":"Zinemadi&#039;07: Como era de esperar&#8230;"},"content":{"rendered":"<p><P align=justify><FONT size=2>&#8230; no se mantiene el nivel (no, no, no hablo de la Real, ni del Bruesa, ni del Bidasoa). Sigo hablando del Zinemaldi, pero tras el espectacular arranque, lleg\u00f3 la cruda realidad.<\/FONT><\/P><br \/>\n<P align=justify><FONT size=2>Hasta ahora me hab\u00edan gustado todas las pel\u00edculas dirigidas por Ic\u00edar Bolla\u00edn. Hasta ahora nunca me hab\u00eda gustado Najwa Nimri en ninguna de las suyas. Y por lo que a m\u00ed respecta, en esta &#8220;pugna&#8221; que me he inventado se ha impuesto la actriz. <STRONG>&#8220;Mataharis&#8221;<\/STRONG> me&nbsp;ha recordado a un episodio piloto de una&nbsp;de tantas series espa\u00f1olas mediocres que llenan la&nbsp;televisi\u00f3n.&nbsp;El gui\u00f3n toca demasiados palos, se dispersa en multitud de temas en los que no puede profundizar por falta de metraje, algunas situaciones parecen sacadas de las campa\u00f1as publicitarias de &#8220;Emakunde&#8221; por t\u00f3picas, pero&nbsp;ni a\u00fan as\u00ed Najwa consigue estar cre\u00edble. Desde este momento, la propongo como m\u00e1xima candidata a llevarse el Mejill\u00f3n de Hojalata (premio que me acabo de inventar) a la peor actriz. La peli no aburre, pero&nbsp;parece que la&nbsp;Bolla\u00edn no ha sabido encontrar el tono que quer\u00eda para la pel\u00edcula y \u00e9sta a menudo avanza a bandazos.&nbsp;Neus, Latxeno, espero no haberme cebado demasiado con la peli, y adem\u00e1s me temo que soy minor\u00eda, as\u00ed que al menos dejadme meter un poco de ruido.<\/FONT><\/P><br \/>\n<P align=justify><FONT size=2>Tampoco la otra peli de la Secci\u00f3n Oficial, <STRONG>&#8220;Battle for&nbsp;Haditha&#8221;<\/STRONG>, me ha gustado especialmente. Me da la impresi\u00f3n de que Nick Broomfield, su director, no est\u00e1 seguro, no se f\u00eda, de su capacidad narrativa. Sabe colocar la c\u00e1mara, sabe moverla para atrapar al espectador, pero su gui\u00f3n se empe\u00f1a en que sus personajes expresen sus pensamientos en voz alta, por lo que&nbsp;los di\u00e1logos acaban siendo forzados y poco naturales. Si a esto a\u00f1adimos unos int\u00e9rpretes no profesionales que a menudo no dan la talla, hay demasiados momentos en los que todo resulta demasiado artificial. Broomfield juega a ser el Paul Greengrass de &#8220;Bloody Sunday&#8221; o &#8220;United 93&#8221; para este episodio de la Guerra de Iraq, pero el tiro no le sale tan atinado como a su modelo. La pel\u00edcula funciona bien en los momentos \u00e9picos, pero cuando se centra en la vida de los personajes, chirr\u00eda demasiado. Y la blandengue escena final no le hace tampoco ning\u00fan favor.<\/FONT><\/P><br \/>\n<P align=justify><FONT size=2>Tambi\u00e9n he podido ver <STRONG>&#8220;Les Fourmis Rouges&#8221;<\/STRONG> en Zabaltegi. Si &#8220;Mataharis&#8221; ped\u00eda m\u00e1s metraje, a \u00e9sta le sobra. No s\u00e9 por qu\u00e9 eran necesarios&nbsp;90 minutos para contar esta historia. El planteamiento puede interesar, pero a medida que avanza la pel\u00edcula comienza a resultar repetitiva y&nbsp;machacona.<\/FONT><\/P><br \/>\n<P align=justify><FONT size=2>Y finalmente una recomendaci\u00f3n: si te gustan los fados, intenta ver &#8220;<STRONG>Fados&#8221;<\/STRONG> (valga la redundancia). A m\u00ed me encantan, por lo que he disfrutado como&nbsp;un enano vi\u00e9ndola.&nbsp;\u00a1Viva Mariza! Un recital de lujo, una sucesi\u00f3n de sobresalientes actuaciones de algunos de los grandes del fado, rodadas con la elegancia y el buen&nbsp;gusto que se gasta Saura en este tipo de proyectos.&nbsp;S\u00f3lo siento que por obligaciones de agenda no pueda ir al concierto de Victoria Eugenia. \u00a1Ah! Si&nbsp;no te&nbsp;va este tipo de m\u00fasica, te dir\u00eda que&nbsp;ni te molestes&#8230;<\/FONT><\/P><\/p>\n<!-- AddThis Advanced Settings generic via filter on the_content --><!-- AddThis Share Buttons generic via filter on the_content -->","protected":false},"excerpt":{"rendered":"<p>&#8230; no se mantiene el nivel (no, no, no hablo de la Real, ni del Bruesa, ni del Bidasoa). Sigo hablando del Zinemaldi, pero tras el espectacular arranque, lleg\u00f3 la cruda realidad. Hasta ahora me hab\u00edan gustado todas las pel\u00edculas dirigidas por Ic\u00edar Bolla\u00edn. Hasta ahora nunca me hab\u00eda gustado Najwa Nimri en ninguna de [&hellip;]<!-- AddThis Advanced Settings generic via filter on get_the_excerpt --><!-- AddThis Share Buttons generic via filter on get_the_excerpt --><\/p>\n","protected":false},"author":31,"featured_media":0,"comment_status":"open","ping_status":"closed","sticky":false,"template":"","format":"standard","meta":[],"categories":[2],"tags":[4],"_links":{"self":[{"href":"https:\/\/blogs.diariovasco.com\/sesioncontinua\/wp-json\/wp\/v2\/posts\/144"}],"collection":[{"href":"https:\/\/blogs.diariovasco.com\/sesioncontinua\/wp-json\/wp\/v2\/posts"}],"about":[{"href":"https:\/\/blogs.diariovasco.com\/sesioncontinua\/wp-json\/wp\/v2\/types\/post"}],"author":[{"embeddable":true,"href":"https:\/\/blogs.diariovasco.com\/sesioncontinua\/wp-json\/wp\/v2\/users\/31"}],"replies":[{"embeddable":true,"href":"https:\/\/blogs.diariovasco.com\/sesioncontinua\/wp-json\/wp\/v2\/comments?post=144"}],"version-history":[{"count":0,"href":"https:\/\/blogs.diariovasco.com\/sesioncontinua\/wp-json\/wp\/v2\/posts\/144\/revisions"}],"wp:attachment":[{"href":"https:\/\/blogs.diariovasco.com\/sesioncontinua\/wp-json\/wp\/v2\/media?parent=144"}],"wp:term":[{"taxonomy":"category","embeddable":true,"href":"https:\/\/blogs.diariovasco.com\/sesioncontinua\/wp-json\/wp\/v2\/categories?post=144"},{"taxonomy":"post_tag","embeddable":true,"href":"https:\/\/blogs.diariovasco.com\/sesioncontinua\/wp-json\/wp\/v2\/tags?post=144"}],"curies":[{"name":"wp","href":"https:\/\/api.w.org\/{rel}","templated":true}]}}