{"id":185,"date":"2009-02-17T00:28:09","date_gmt":"2009-02-17T00:28:09","guid":{"rendered":"http:\/\/blogs.diariovasco.com\/sesioncontinua\/?p=185"},"modified":"2009-02-17T00:28:09","modified_gmt":"2009-02-17T00:28:09","slug":"queremos_ver_la_teta","status":"publish","type":"post","link":"https:\/\/blogs.diariovasco.com\/sesioncontinua\/2009\/02\/17\/queremos_ver_la_teta\/","title":{"rendered":"Queremos ver la teta"},"content":{"rendered":"<p><P align=justify><FONT size=2><IMG height=263 hspace=10 src=\"\/sesioncontinua\/wp-content\/uploads\/sites\/17\" width=200 align=left>Han destacado su sencillez, compasi\u00f3n y profundidad.&nbsp;Unos alaban su tratamiento delicado pero poderoso de los traumas de la guerra en las mujeres peruanas. Otros la acusan de forzada y artificiosa. Bego\u00f1a del Teso desde Berl\u00edn nos escribe que es fant\u00e1stica. Y desde all\u00ed se ha tra\u00eddo <STRONG>&#8216;La teta asustada&#8217;<\/STRONG> el Oso de Oro y el premio FIPRESCI de la cr\u00edtica internacional.&nbsp;Una coproducci\u00f3n hispano-peruana, dirigida por Claudia Llosa, una peruana residente en Catalu\u00f1a, rodada en Per\u00fa con un reparto peruano y un equipo t\u00e9cnico principalmente catal\u00e1n y dinero mayoritariamente espa\u00f1ol. <\/FONT><FONT size=2>Pero nosotros aqu\u00ed no podemos decir nada. Su fecha de estreno en todo el Estado era el 13 de febrero, pero de momento nos hemos quedado sin Oso de Oro.&nbsp;S\u00f3lo lleg\u00f3 a poco m\u00e1s de media docena de salas de Madrid, Barcelona y Valencia. Esperemos que los premios berlineses animen a su distribuidora, Wanda Films, a hacer m\u00e1s copias, porque en Donosti tambi\u00e9n queremos ver &#8216;La teta asustada&#8217;.<\/FONT><\/P><\/p>\n<!-- AddThis Advanced Settings generic via filter on the_content --><!-- AddThis Share Buttons generic via filter on the_content -->","protected":false},"excerpt":{"rendered":"<p>Han destacado su sencillez, compasi\u00f3n y profundidad.&nbsp;Unos alaban su tratamiento delicado pero poderoso de los traumas de la guerra en las mujeres peruanas. Otros la acusan de forzada y artificiosa. Bego\u00f1a del Teso desde Berl\u00edn nos escribe que es fant\u00e1stica. Y desde all\u00ed se ha tra\u00eddo &#8216;La teta asustada&#8217; el Oso de Oro y el [&hellip;]<!-- AddThis Advanced Settings generic via filter on get_the_excerpt --><!-- AddThis Share Buttons generic via filter on get_the_excerpt --><\/p>\n","protected":false},"author":31,"featured_media":0,"comment_status":"open","ping_status":"closed","sticky":false,"template":"","format":"standard","meta":[],"categories":[2],"tags":[4],"_links":{"self":[{"href":"https:\/\/blogs.diariovasco.com\/sesioncontinua\/wp-json\/wp\/v2\/posts\/185"}],"collection":[{"href":"https:\/\/blogs.diariovasco.com\/sesioncontinua\/wp-json\/wp\/v2\/posts"}],"about":[{"href":"https:\/\/blogs.diariovasco.com\/sesioncontinua\/wp-json\/wp\/v2\/types\/post"}],"author":[{"embeddable":true,"href":"https:\/\/blogs.diariovasco.com\/sesioncontinua\/wp-json\/wp\/v2\/users\/31"}],"replies":[{"embeddable":true,"href":"https:\/\/blogs.diariovasco.com\/sesioncontinua\/wp-json\/wp\/v2\/comments?post=185"}],"version-history":[{"count":0,"href":"https:\/\/blogs.diariovasco.com\/sesioncontinua\/wp-json\/wp\/v2\/posts\/185\/revisions"}],"wp:attachment":[{"href":"https:\/\/blogs.diariovasco.com\/sesioncontinua\/wp-json\/wp\/v2\/media?parent=185"}],"wp:term":[{"taxonomy":"category","embeddable":true,"href":"https:\/\/blogs.diariovasco.com\/sesioncontinua\/wp-json\/wp\/v2\/categories?post=185"},{"taxonomy":"post_tag","embeddable":true,"href":"https:\/\/blogs.diariovasco.com\/sesioncontinua\/wp-json\/wp\/v2\/tags?post=185"}],"curies":[{"name":"wp","href":"https:\/\/api.w.org\/{rel}","templated":true}]}}