{"id":44,"date":"2006-06-21T01:19:45","date_gmt":"2006-06-21T01:19:45","guid":{"rendered":"http:\/\/blogs.diariovasco.com\/sesioncontinua\/?p=44"},"modified":"2006-06-21T01:19:45","modified_gmt":"2006-06-21T01:19:45","slug":"dios_cumple_100_aapos","status":"publish","type":"post","link":"https:\/\/blogs.diariovasco.com\/sesioncontinua\/2006\/06\/21\/dios_cumple_100_aapos\/","title":{"rendered":"Dios cumple 100 a\u00f1os"},"content":{"rendered":"<div align=\"justify\"><font face=\"Arial\"><font size=\"2\"><font face=\"Verdana\"><IMG style=\"width: 100px; height: 124px;\" src=\"\/sesioncontinua\/wp-content\/uploads\/sites\/17\" align=\"left\" height=\"NaN\" width=\"100\">As\u00ed\u00ad lo llam\u00f3 Fernando Trueba cuando recibi\u00f3 su Oscar por &#8220;Belle Epoque&#8221;. Y es que si en el mundo del cine hay un dios, seguramente el que tiene m\u00e1s fieles es <b>Billy Wilder<\/b>.<\/font><\/font><\/font><font face=\"Verdana\"><br \/><\/font><\/div>\n<div align=\"justify\"><font size=\"2\"><font face=\"Verdana\">Este genio naci\u00f3 hace <b>100 a\u00f1os<\/b>, el 22 de junio de 1906 en Austria. Abandon\u00f3 el derecho para convertirse en periodista, primero en Viena y m\u00e1s tarde en Berl\u00ed\u00adn. En 1929 hizo su debut como <b>guionista<\/b>, pero en 1933 tras la llegada de Hitler al poder y dados sus or\u00ed\u00adgenes jud\u00ed\u00ados, decidi\u00f3 <b>trasladarse<\/b> primero a Paris y m\u00e1s tarde a los Estados Unidos. <br \/><\/font><\/font><\/div>\n<p><font size=\"2\"><font face=\"Verdana\"><\/font><\/font>&nbsp;<\/p>\n<p><font size=\"2\"><font face=\"Verdana\">&nbsp;<\/font><\/font><\/p>\n<div align=\"justify\"><font size=\"2\"><font face=\"Verdana\"><br \/><\/font><font face=\"Verdana\">Y all\u00ed\u00ad, ayudado al principio por el actor Pe<\/font><font face=\"Verdana\">ter <IMG style=\"width: 150px; height: 96px;\" src=\"\/sesioncontinua\/wp-content\/uploads\/sites\/17\" align=\"right\" height=\"NaN\" width=\"150\">Lor<\/font><font face=\"Verdana\">re, <\/font><font face=\"Verdana\">a<\/font><\/font><font face=\"Verdana\" size=\"2\">rranc\u00f3 su carrera&nbsp; de&nbsp; <b>obras maestras<\/b> primero <b>como guioni<\/b><b>sta<\/b> y m\u00e1s tarde combinando esta labor con la de <b>director<\/b>. Suyos son los guiones de &#8220;Bola de Fuego&#8221;, &#8220;Ninotchka&#8221; o &#8220;Medianoche&#8221; de Howard Hawks, Lubitsch y Mitchell Leisen respectivamente (a quienes curiosamente nuestro Zinemaldi ha dedicado o dedicar\u00e1 respectivos ciclos retrospectivos).<\/font><\/div>\n<p><font face=\"Verdana\" size=\"2\"><br \/>\n<\/font><\/p>\n<div align=\"justify\"><font face=\"Verdana\" size=\"2\"><br \/>&nbsp;<\/font><\/div>\n<div align=\"justify\"><font face=\"Verdana\" size=\"2\"><br \/><IMG style=\"width: 150px; height: 97px;\" src=\"\/sesioncontinua\/wp-content\/uploads\/sites\/17\" align=\"left\" height=\"NaN\" width=\"150\">Y cuando se pas\u00f3 a la direcci\u00f3n los \u00e9xitos continuaron con obras maestras tan indiscutibles como &#8220;Perdici\u00f3n&#8221;, &#8220;D\u00edas sin huella&#8221;, &#8220;El crep\u00fasculo de los dioses&#8221;, &#8220;Traidor en el infierno&#8221;, &#8220;Testigo de Cargo&#8221;, &#8220;Con faldas y a lo loco&#8221;, &#8220;El apartamento&#8221;, &#8220;Uno, dos, tres&#8221; o &#8220;Irma la dulce&#8221; (\u00e9stas 5 \u00faltimas realizadas de manera consecutiva en un per\u00edodo de 7 a\u00f1os, todo un milagro).<\/font><\/div>\n<p><font face=\"Verdana\" size=\"2\"><br \/>\n<\/font><\/p>\n<div align=\"justify\"><font face=\"Verdana\" size=\"2\"><br \/><\/font><font size=\"2\"><font face=\"Verdana\"><b><IMG src=\"..\/..\/media\/th-16163_0001.jpg\" align=\"right\"><\/b><\/font><\/font><\/div>\n<div align=\"justify\"><font size=\"2\"><font face=\"Verdana\"><br \/><\/font><font face=\"Verdana\">Posteriormente se convirti\u00f3 en el &#8220;padre y cre<\/font><font face=\"Verdana\">ador&#8221; de la <b>pareja<\/b> formada por Jack Lemmon y Walter M<\/font><\/font><font face=\"Verdana\" size=\"2\">atthau en &#8220;En bandeja de plata&#8221;, &#8220;Primera plana&#8221; y &#8220;Aqu\u00ed un amigo&#8221;.<br \/><\/font><\/div>\n<p><font face=\"Verdana\"><\/font><\/p>\n<p align=\"justify\"><font face=\"Verdana\"><font size=\"2\"><\/font><\/font>&nbsp;<\/p>\n<p align=\"justify\"><font size=\"2\"><\/font>&nbsp;<\/p>\n<p align=\"justify\"><font face=\"Verdana\"><font size=\"2\"><IMG style=\"width: 125px; height: 80px;\" src=\"\/sesioncontinua\/wp-content\/uploads\/sites\/17\" align=\"left\" height=\"NaN\" width=\"125\">A los 75 a\u00f1<\/font><\/font><font size=\"2\"><font face=\"Verdana\">os se vio &#8220;obligado&#8221; a <b>retirarse<\/b> ya que a pesar de<\/font><font face=\"Verdana\"> s<\/font><font face=\"Verdana\">u<\/font><font face=\"Verdana\">s <\/font><font face=\"Verdana\">6 Oscars y 21 nominaciones, al parecer era demasia<\/font><font face=\"Verdana\">d<\/font><font face=\"Verdana\">o<\/font><font face=\"Verdana\"> <\/font><font face=\"Verdana\">viejo para dirigir pel\u00edculas para los estudios de Hollywood.&nbsp; Nunca sabremos q<\/font><font face=\"Verdana\">u<\/font><font face=\"Verdana\">\u00e9 es lo que nos pod\u00edan haber deparado los 21 a\u00f1os <\/font><font face=\"Verdana\">que pasaron hasta la muerte<\/font><font face=\"Verdana\"> de este dios del cine que supo c<\/font><font face=\"Verdana\">ombinar como pocos el <\/font><\/font><font face=\"Verdana\"><font size=\"2\"><b>aprecio de la cr\u00edtica<\/b> con la <b>popularidad<\/b> de su obra.<\/p>\n<p>Entre tanto partido de futbol, euforia patriotera y telebasura desatada, he decidido volver a ver una de sus obras maestras en DVD para celebrar el centenario de su nacimiento. Pero tengo una duda, <b>\u00bfcu\u00e1l?<\/b><\/p>\n<p><\/font><\/font><\/p>\n<!-- AddThis Advanced Settings generic via filter on the_content --><!-- AddThis Share Buttons generic via filter on the_content -->","protected":false},"excerpt":{"rendered":"<p>As\u00ed\u00ad lo llam\u00f3 Fernando Trueba cuando recibi\u00f3 su Oscar por &#8220;Belle Epoque&#8221;. Y es que si en el mundo del cine hay un dios, seguramente el que tiene m\u00e1s fieles es Billy Wilder. Este genio naci\u00f3 hace 100 a\u00f1os, el 22 de junio de 1906 en Austria. Abandon\u00f3 el derecho para convertirse en periodista, primero [&hellip;]<!-- AddThis Advanced Settings generic via filter on get_the_excerpt --><!-- AddThis Share Buttons generic via filter on get_the_excerpt --><\/p>\n","protected":false},"author":31,"featured_media":0,"comment_status":"open","ping_status":"closed","sticky":false,"template":"","format":"standard","meta":[],"categories":[2],"tags":[4],"_links":{"self":[{"href":"https:\/\/blogs.diariovasco.com\/sesioncontinua\/wp-json\/wp\/v2\/posts\/44"}],"collection":[{"href":"https:\/\/blogs.diariovasco.com\/sesioncontinua\/wp-json\/wp\/v2\/posts"}],"about":[{"href":"https:\/\/blogs.diariovasco.com\/sesioncontinua\/wp-json\/wp\/v2\/types\/post"}],"author":[{"embeddable":true,"href":"https:\/\/blogs.diariovasco.com\/sesioncontinua\/wp-json\/wp\/v2\/users\/31"}],"replies":[{"embeddable":true,"href":"https:\/\/blogs.diariovasco.com\/sesioncontinua\/wp-json\/wp\/v2\/comments?post=44"}],"version-history":[{"count":0,"href":"https:\/\/blogs.diariovasco.com\/sesioncontinua\/wp-json\/wp\/v2\/posts\/44\/revisions"}],"wp:attachment":[{"href":"https:\/\/blogs.diariovasco.com\/sesioncontinua\/wp-json\/wp\/v2\/media?parent=44"}],"wp:term":[{"taxonomy":"category","embeddable":true,"href":"https:\/\/blogs.diariovasco.com\/sesioncontinua\/wp-json\/wp\/v2\/categories?post=44"},{"taxonomy":"post_tag","embeddable":true,"href":"https:\/\/blogs.diariovasco.com\/sesioncontinua\/wp-json\/wp\/v2\/tags?post=44"}],"curies":[{"name":"wp","href":"https:\/\/api.w.org\/{rel}","templated":true}]}}