{"id":45,"date":"2006-06-29T19:39:28","date_gmt":"2006-06-29T19:39:28","guid":{"rendered":"http:\/\/blogs.diariovasco.com\/sesioncontinua\/?p=45"},"modified":"2006-06-29T19:39:28","modified_gmt":"2006-06-29T19:39:28","slug":"cierre_warner","status":"publish","type":"post","link":"https:\/\/blogs.diariovasco.com\/sesioncontinua\/2006\/06\/29\/cierre_warner\/","title":{"rendered":"Cine en Donosti tras el cierre de los Warner"},"content":{"rendered":"<p align=\"justify\"><font size=\"2\">Jueves 29 de junio. Hoy <b>cierran los cines Warner<\/b> tras ocho a\u00f1os&nbsp;en funcionamiento. Aunque la versi\u00f3n oficial diga que la raz\u00f3n es la situaci\u00f3n de <b>ilegalidad<\/b> del Centro de Ocio de Illunbe, mucho me temo que tambi\u00e9n habr\u00e1 influido el <b>descenso <\/b>en el n\u00famero de <b>espectadores<\/b> que sufren los cines de Gipuzkoa en los \u00faltimos a\u00f1os. Situaci\u00f3n agravada en concreto en la Warner, por la <b>decadencia<\/b> del Centro de Ocio de <b>Illunbe<\/b> y&nbsp;la &#8220;crisis del <b>aire acondicionado<\/b>&#8221; de las pasadas Navidades, con numerosas sesiones en las que la temperatura de las salas no llegaba a los 10\u00ba que provoc\u00f3 mosqueos y cabreos varios.<\/font><\/p>\n<p align=\"justify\"><font size=\"2\">Los que \u00e9ramos habituales&nbsp;sabemos que muchas familias hab\u00edan dejado de acudir a ver las pel\u00edculas infantiles a estos cines y que muchas veces el esp\u00e9ctaculo en el Centro de Ocio a la salida de las sesiones golfas era bastante desagradable.&nbsp;Todo esto, unido al hecho de que al parecer, los cines ten\u00edan la posibilidad de&nbsp;<b>rescindir el contrato<\/b> de alquiler con el Centro de Ocio <b>sin ning\u00fan coste <\/b>en caso de ser declarado \u00e9ste ilegal, seguro que&nbsp;ha facilitado la decisi\u00f3n de cierre a&nbsp;sus responsables.&nbsp;<\/font><\/p>\n<p align=\"justify\"><font size=\"2\">Y llueve sobre mojado tras&nbsp;la clausura de los cines de <b>Garbera <\/b>y los <b>Astoria<\/b> y a pesar de la apertura de los cines de Antiguo Berri, el saldo en los \u00faltimos a\u00f1os en Donostia es de <b>-16 salas<\/b>.&nbsp;Aunque cabr\u00eda preguntarse si los cines de Garbera y los Astoria habr\u00edan cerrado de no haber existido los &#8220;ilegales&#8221; cines de Ilunbe. Curiosamente, hace unos a\u00f1os estos tres cines eran los de mayor \u00e9xito&nbsp;de Donosti.<\/font><\/p>\n<p align=\"justify\"><font size=\"2\">No s\u00e9 hasta qu\u00e9 punto estos cierres &#8220;en cadena&#8221;&nbsp;afectar\u00e1n a la variedad de la&nbsp;cartelera cinematogr\u00e1fica donostiarra ya que me temo que los productos de Hollywood en los que estaban especializados siempre encontrar\u00e1n su sitio y parece que los cines Pr\u00edncipe tienen intenci\u00f3n de mantener su programaci\u00f3n m\u00e1s &#8220;alternativa&#8221;, pero pueden suponer un problema para el <b>Festival de Cine<\/b>. Los \u00faltimos a\u00f1os gran parte de sus sesiones ten\u00edan&nbsp;lugar en&nbsp;los cines&nbsp;Astoria, con el apoyo de los Warner. Tras el cierre de&nbsp;los&nbsp;Astoria,&nbsp;los cines de Illunbe les tomaron el relevo. Pero, \u00bfqu\u00e9 pasar\u00e1 en el 2006? <\/font><\/p>\n<p align=\"justify\"><font size=\"2\">Por ubicaci\u00f3n la mejor opci\u00f3n parecen los <b>Oscar de la Bretxa<\/b>. Junto a las dos salas del Kursaal, los Pr\u00edncipe y el Principal, todas las proyecciones del Zinemaldi salvo las del Vel\u00f3dromo, se concentrar\u00edan&nbsp;<b>en salas muy cercanas<\/b>. El problema seguramente es la <b>baja calidad<\/b> de los&nbsp;cines de la Bretxa. Las salas son peque\u00f1as, la proyecci\u00f3n a&nbsp;menudo deja mucho que desear, el sonido&nbsp;de una sala se escucha claramente&nbsp;en la de al lado&nbsp;y el estado de las escaleras de salida llenas de pintadas, roturas varias y olores desagradables entre otros detalles m\u00e1s desagradables, no est\u00e1n a la altura de lo esperable en un Festival de&nbsp;Cine&nbsp;internacional.<\/font><\/p>\n<!-- AddThis Advanced Settings generic via filter on the_content --><!-- AddThis Share Buttons generic via filter on the_content -->","protected":false},"excerpt":{"rendered":"<p>Jueves 29 de junio. Hoy cierran los cines Warner tras ocho a\u00f1os&nbsp;en funcionamiento. Aunque la versi\u00f3n oficial diga que la raz\u00f3n es la situaci\u00f3n de ilegalidad del Centro de Ocio de Illunbe, mucho me temo que tambi\u00e9n habr\u00e1 influido el descenso en el n\u00famero de espectadores que sufren los cines de Gipuzkoa en los \u00faltimos [&hellip;]<!-- AddThis Advanced Settings generic via filter on get_the_excerpt --><!-- AddThis Share Buttons generic via filter on get_the_excerpt --><\/p>\n","protected":false},"author":31,"featured_media":0,"comment_status":"open","ping_status":"closed","sticky":false,"template":"","format":"standard","meta":[],"categories":[2],"tags":[4],"_links":{"self":[{"href":"https:\/\/blogs.diariovasco.com\/sesioncontinua\/wp-json\/wp\/v2\/posts\/45"}],"collection":[{"href":"https:\/\/blogs.diariovasco.com\/sesioncontinua\/wp-json\/wp\/v2\/posts"}],"about":[{"href":"https:\/\/blogs.diariovasco.com\/sesioncontinua\/wp-json\/wp\/v2\/types\/post"}],"author":[{"embeddable":true,"href":"https:\/\/blogs.diariovasco.com\/sesioncontinua\/wp-json\/wp\/v2\/users\/31"}],"replies":[{"embeddable":true,"href":"https:\/\/blogs.diariovasco.com\/sesioncontinua\/wp-json\/wp\/v2\/comments?post=45"}],"version-history":[{"count":0,"href":"https:\/\/blogs.diariovasco.com\/sesioncontinua\/wp-json\/wp\/v2\/posts\/45\/revisions"}],"wp:attachment":[{"href":"https:\/\/blogs.diariovasco.com\/sesioncontinua\/wp-json\/wp\/v2\/media?parent=45"}],"wp:term":[{"taxonomy":"category","embeddable":true,"href":"https:\/\/blogs.diariovasco.com\/sesioncontinua\/wp-json\/wp\/v2\/categories?post=45"},{"taxonomy":"post_tag","embeddable":true,"href":"https:\/\/blogs.diariovasco.com\/sesioncontinua\/wp-json\/wp\/v2\/tags?post=45"}],"curies":[{"name":"wp","href":"https:\/\/api.w.org\/{rel}","templated":true}]}}