{"id":47,"date":"2006-07-17T23:30:38","date_gmt":"2006-07-17T23:30:38","guid":{"rendered":"http:\/\/blogs.diariovasco.com\/sesioncontinua\/?p=47"},"modified":"2006-07-17T23:30:38","modified_gmt":"2006-07-17T23:30:38","slug":"de_momento_solo_las_retrospectivas","status":"publish","type":"post","link":"https:\/\/blogs.diariovasco.com\/sesioncontinua\/2006\/07\/17\/de_momento_solo_las_retrospectivas\/","title":{"rendered":"De momento, s\u00f3lo las retrospectivas"},"content":{"rendered":"<div align=\"justify\"><font face=\"Verdana\" size=\"2\"><IMG style=\"width: 106px; height: 151px;\" src=\"\/sesioncontinua\/wp-content\/uploads\/sites\/17\" align=\"left\" height=\"NaN\" hspace=\"10\" vspace=\"5\" width=\"100\">Hace unos d\u00edas paseando por Donosti me encontr\u00e9 con una amiga&nbsp; aficionada al cine que me pregunt\u00f3 qu\u00e9 se sab\u00eda del <a href=\"http:\/\/www.sansebastianfestival.com\" rel=\"external nofollow\">Festival de Cine<\/a>. Hablamos de las retrospectivas anunciadas, de la oportunidad de ver algunas de las obras maestras de Lubitsch, de qu\u00e9 pel\u00edculas entend\u00edamos que se deber\u00edan incluir en la secci\u00f3n &#8220;Emigrantes&#8221;, de la extra\u00f1eza de que el Festival le dedicara un ciclo a un director tan vendido los \u00faltimos a\u00f1os a la comercialidad de Hollywood como Barbet Schroeder. Pero quedan poco m\u00e1s de dos meses y a\u00fan no sabemos nada de las dos secciones m\u00e1s populares: la Oficial y Zabaltegi.<\/font><\/div>\n<p><font face=\"Verdana\" size=\"2\"><br \/><\/font><\/p>\n<div align=\"justify\"><font face=\"Verdana\" size=\"2\">Oficialmente el Festival a\u00fan no ha dicho nada sobre las pel\u00edculas a concurso, las Perlas de otros Festivales, los jurados, los homenajeados&#8230; Aunque se supone que el goteo de noticias estar\u00e1 a punto de comenzar.<\/font><\/div>\n<p><font face=\"Verdana\" size=\"2\"><br \/><\/font><\/p>\n<div align=\"justify\"><font face=\"Verdana\" size=\"2\">Buscando en las p\u00e1ginas web de otros festivales, <a href=\"http:\/\/www.labiennale.org\/en\/cinema\/\" rel=\"external nofollow\">Venecia<\/a>, por ejemplo, que se celebra tres semanas antes, hace m\u00e1s de un mes anunciaron que Catherine Deneuve presidir\u00eda el jurado de la Secci\u00f3n Oficial y hace unos d\u00edas confirmaron que la acompa\u00f1ar\u00edan entre otros<\/font><font face=\"Verdana\" size=\"2\"><IMG src=\"..\/..\/media\/th-MDCL1536X1024_14.jpg\" align=\"right\" hspace=\"10\" vspace=\"5\"><\/font><font face=\"Verdana\" size=\"2\"> Bigas Luna, Michele Placido o Cameron Crowe. Tambi\u00e9n hace tres sem<\/font><font face=\"Verdana\" size=\"2\">anas anunciaron que &#8220;Infamous&#8221; una nueva aproximaci\u00f3n a Trum<\/font><font face=\"Verdana\" size=\"2\">an Capote en la \u00e9poca en la que escribi\u00f3 &#8220;A sangre fr\u00eda&#8221; (pel\u00edn reiter<\/font><font face=\"Verdana\" size=\"2\">at<\/font><font face=\"Verdana\" size=\"2\">ivo el tema) inaugu<\/font><font face=\"Verdana\" size=\"2\">rar\u00e1 la secci\u00f3n Orizonti, la segunda en importanc<\/font><font face=\"Verdana\" size=\"2\">ia y la semana pasada el Le\u00f3n de Oro por su carrera a David<\/font><font face=\"Verdana\" size=\"2\"> Lynch junto a<\/font><font face=\"Verdana\" size=\"2\">l estreno mundial de su \u00faltimo film &#8220;Inland Empire&#8221;. Entre otros muchos rumores, se da casi por segura la presencia de<\/font><font face=\"Verdana\" size=\"2\"> <a href=\"http:\/\/www.wtcmovie.com\" rel=\"external nofollow\">&#8220;World Trade Center&#8221;<\/a> de Oliver Stone que posteriormente se podr\u00eda ver en el Vel\u00f3dromo en el Zinemaldi&#8230;<\/font><\/div>\n<p><font face=\"Verdana\" size=\"2\"><br \/><\/font><\/p>\n<div align=\"justify\"><font face=\"Verdana\" size=\"2\">En <a href=\"http:\/\/www.e.bell.ca\/filmfest\/2006\/home\/default.asp\" rel=\"external nofollow\">Toronto<\/a> que tendr\u00e1 lugar dos semanas antes que nuestro festival, hace semanas que publicaron que se podr\u00e1n ver algunas de las pel\u00edculas tri<\/font><font face=\"Verdana\" size=\"2\"><IMG src=\"..\/..\/media\/th-B-C045-16.jpg\" align=\"right\" hspace=\"10\" vspace=\"5\"><\/font><font face=\"Verdana\" size=\"2\">unfadoras de Cannes como &#8220;Babel&#8221; de Alejandro Gonz\u00e1lez I\u00f1arritu, la <\/font><font face=\"Verdana\" size=\"2\">P<\/font><font face=\"Verdana\" size=\"2\">alma de Oro &#8220;The Wind that Shakes the Barley&#8221; de Ken Loach o las n<\/font><font face=\"Verdana\" size=\"2\">uevas de Moretti, del Toro y Kaurismaki. Adem\u00e1s ya anuncian el estreno mundial de la nueva versi\u00f3n del cl\u00e1sico de los 40 &#8220;El pol\u00edtico&#8221;, &#8220;All The King&#8217;s Men&#8221; de Steven Zaillian y protagonizada por Sean Penn, Kate Winslet, Jude Law, Patricia Clarkson y Anthony Hopkins o de la<\/font><font face=\"Verdana\" size=\"2\"> nueva de Agnieszka Holland y en cuanto a cine espa\u00f1ol la presentaci\u00f3n de la notable &#8220;Azuloscurocasinegro&#8221; y de &#8220;Dies d&#8217;agost&#8221; la nueva pel\u00edcula del director catal\u00e1n Marc Recha. \u00bfIr\u00e1 \u00e9sta antes a Venecia?<\/font><\/div>\n<div align=\"justify\"><font size=\"2\"><\/font>&nbsp;<\/div>\n<div align=\"justify\"><font face=\"Verdana\" size=\"2\"><IMG style=\"width: 91px; height: 106px;\" src=\"\/sesioncontinua\/wp-content\/uploads\/sites\/17\" align=\"left\" height=\"NaN\" hspace=\"10\" vspace=\"5\" width=\"100\">Y lo m\u00e1s llamativo es lo de <a href=\"http:\/\/www.cinemasitges.com\/es\/\" rel=\"external nofollow\">Sitges<\/a>. El festival catal\u00e1n tendr\u00e1 lugar dos semanas m\u00e1s tarde que el de Donosti y ya han anunciado una veintena de films. Entre ellos el de inauguraci\u00f3n, &#8220;El laberinto del fauno&#8221; de Guillermo del Toro, tras su paso por Cannes y Toronto, el homenaje a David Lynch como en Venecia, incluida la presentaci\u00f3n de &#8220;Inland Empire&#8221; y el estreno en Espa\u00f1a de lo \u00faltimo de Kim Ki-Duk, Michel Gondry, Neil Labute, Johnny To o Richard Linklater.<\/font><\/div>\n<p><font face=\"Verdana\" size=\"2\"><\/font>&nbsp;<\/p>\n<p><font face=\"Verdana\" size=\"2\">&nbsp;<\/font><\/p>\n<p align=\"justify\"><font face=\"Verdana\" size=\"2\"><br \/>Esperemos que mientras disfrutamos del jazzaldi y sin esperar a la Quincena,&nbsp;comience el goteo de noticias sobre nuestro Zinemaldi y que poco a poco se nos vayan poniendo los dientes m\u00e1s y m\u00e1s largos.<\/p>\n<p><\/font><\/p>\n<!-- AddThis Advanced Settings generic via filter on the_content --><!-- AddThis Share Buttons generic via filter on the_content -->","protected":false},"excerpt":{"rendered":"<p>Hace unos d\u00edas paseando por Donosti me encontr\u00e9 con una amiga&nbsp; aficionada al cine que me pregunt\u00f3 qu\u00e9 se sab\u00eda del Festival de Cine. Hablamos de las retrospectivas anunciadas, de la oportunidad de ver algunas de las obras maestras de Lubitsch, de qu\u00e9 pel\u00edculas entend\u00edamos que se deber\u00edan incluir en la secci\u00f3n &#8220;Emigrantes&#8221;, de la [&hellip;]<!-- AddThis Advanced Settings generic via filter on get_the_excerpt --><!-- AddThis Share Buttons generic via filter on get_the_excerpt --><\/p>\n","protected":false},"author":31,"featured_media":0,"comment_status":"open","ping_status":"closed","sticky":false,"template":"","format":"standard","meta":[],"categories":[2],"tags":[4],"_links":{"self":[{"href":"https:\/\/blogs.diariovasco.com\/sesioncontinua\/wp-json\/wp\/v2\/posts\/47"}],"collection":[{"href":"https:\/\/blogs.diariovasco.com\/sesioncontinua\/wp-json\/wp\/v2\/posts"}],"about":[{"href":"https:\/\/blogs.diariovasco.com\/sesioncontinua\/wp-json\/wp\/v2\/types\/post"}],"author":[{"embeddable":true,"href":"https:\/\/blogs.diariovasco.com\/sesioncontinua\/wp-json\/wp\/v2\/users\/31"}],"replies":[{"embeddable":true,"href":"https:\/\/blogs.diariovasco.com\/sesioncontinua\/wp-json\/wp\/v2\/comments?post=47"}],"version-history":[{"count":0,"href":"https:\/\/blogs.diariovasco.com\/sesioncontinua\/wp-json\/wp\/v2\/posts\/47\/revisions"}],"wp:attachment":[{"href":"https:\/\/blogs.diariovasco.com\/sesioncontinua\/wp-json\/wp\/v2\/media?parent=47"}],"wp:term":[{"taxonomy":"category","embeddable":true,"href":"https:\/\/blogs.diariovasco.com\/sesioncontinua\/wp-json\/wp\/v2\/categories?post=47"},{"taxonomy":"post_tag","embeddable":true,"href":"https:\/\/blogs.diariovasco.com\/sesioncontinua\/wp-json\/wp\/v2\/tags?post=47"}],"curies":[{"name":"wp","href":"https:\/\/api.w.org\/{rel}","templated":true}]}}