{"id":49,"date":"2006-08-01T00:32:34","date_gmt":"2006-08-01T00:32:34","guid":{"rendered":"http:\/\/blogs.diariovasco.com\/sesioncontinua\/?p=49"},"modified":"2006-08-01T00:32:34","modified_gmt":"2006-08-01T00:32:34","slug":"garci_idirector_sonado_de_las_actrices_e","status":"publish","type":"post","link":"https:\/\/blogs.diariovasco.com\/sesioncontinua\/2006\/08\/01\/garci_idirector_sonado_de_las_actrices_e\/","title":{"rendered":"Garci, \u00bfdirector so\u00f1ado de las actrices espa\u00f1olas?"},"content":{"rendered":"<p class=\"MsoNormal\" style=\"text-align: justify;\"><!--{PS..0}--><font face=\"Verdana\" size=\"2\">A m\u00ed a bote pronto se me ocurren <a href=\"http:\/\/diariovasco.hoycinema.com\/perfil\/Pedro-Almodovar.htm\" rel=\"external nofollow\">Almod\u00f3var<\/a>, <a href=\"http:\/\/diariovasco.hoycinema.com\/perfil\/Alejandro-Amenabar.htm\" rel=\"external nofollow\">Amen\u00e1bar<\/a>, <a href=\"http:\/\/diariovasco.hoycinema.com\/perfil\/Julio-Medem.htm\" rel=\"external nofollow\">Julio M\u00e9dem<\/a>, <a href=\"http:\/\/diariovasco.hoycinema.com\/perfil\/Fernando-Trueba.htm\" rel=\"external nofollow\">Fernando Trueba<\/a>, <a href=\"http:\/\/diariovasco.hoycinema.com\/perfil\/Fernando-Leon-Aranoa.htm\" rel=\"external nofollow\">Le\u00f3n de Aranoa<\/a>, <a href=\"http:\/\/diariovasco.hoycinema.com\/perfil\/Agustin-Diaz-Yanes.htm\" rel=\"external nofollow\">D\u00edaz Yanes<\/a>, <a href=\"http:\/\/diariovasco.hoycinema.com\/perfil\/Alex-Iglesia.htm\" rel=\"external nofollow\">Alex de la Iglesia<\/a>&#8230; Pero seg\u00fan le\u00ed hace un par de d\u00edas a Beatriz Cort\u00e1zar, encabezando esta lista deber\u00eda estar <a href=\"http:\/\/diariovasco.hoycinema.com\/perfil\/Jose-Luis-Garci.htm\" rel=\"external nofollow\">Garci<\/a> ya que y cito \u201cComo cualquier actriz espa\u00f1ola trabajar con Garci es su mejor sue\u00f1o&#8230;\u201d<span>&nbsp; <\/span>Creo que en esta ocasi\u00f3n la periodista se ha pasado. No recuerdo haber le\u00eddo nunca ninguna entrevista a alguna actriz espa\u00f1ola en la que \u00e9sta afirme que su mejor sue\u00f1o es trabajar con Garci.<\/font><\/p>\n<p class=\"MsoNormal\" style=\"text-align: justify;\"><font face=\"Verdana\" size=\"2\">Estamos acostumbrados a que d\u00edas antes de que el director de \u201c\u00a1Qu\u00e9 grande es el cine!\u201d estrene sus pel\u00edculas, su \u201ctroupe\u201d de cr\u00edticos, periodistas, profesionales y famosos afines que las han podido ver en pases privados, nos las pretendan vender como obras maestras absolutas. Desgraciadamente, luego llegan a los cines, pagamos la entrada y nos encontramos con <a href=\"http:\/\/diariovasco.hoycinema.com\/abuelo-1998.htm\" rel=\"external nofollow\">\u201cEl Abuelo\u201d<\/a>, <a href=\"http:\/\/diariovasco.hoycinema.com\/You-are-the-one-2000.htm\" rel=\"external nofollow\">\u201cYou\u2019re the One\u201d<\/a>, \u201cHistoria de un beso\u201d, <a href=\"http:\/\/diariovasco.hoycinema.com\/Tiovivo-1950-2004.htm\" rel=\"external nofollow\">\u201cTiovivo c. 1950\u201d <\/a>o <a href=\"http:\/\/diariovasco.hoycinema.com\/Ninette-2005.htm\" rel=\"external nofollow\">\u201cNinette\u201d<\/a> que para m\u00ed son casi (o sin casi) la ant\u00edtesis de la obra maestra.<\/font><\/p>\n<p class=\"MsoNormal\" style=\"text-align: justify;\"><!--{PS..1}--><font face=\"Verdana\" size=\"2\">(NOTA ACLARATORIA: el t\u00edtulo de este blog no pretende citar y homenajear la pel\u00edcula de Garci, sino recordar una forma del pasado de ir al cine)<\/font><\/p>\n<p class=\"MsoNormal\" style=\"text-align: justify;\"><!--{PS..2}--><font face=\"Verdana\" size=\"2\">Parece que en esta ocasi\u00f3n, la campa\u00f1a de promoci\u00f3n de los amigos arranca desde la pre-producci\u00f3n, ya que los ensayos de la pel\u00edcula empiezan este mes y el rodaje ser\u00e1 en septiembre.<\/font><\/p>\n<p class=\"MsoNormal\" style=\"text-align: justify;\"><!--{PS..3}--><font face=\"Verdana\" size=\"2\">\u00a1Ah! La actriz que ha cumplido su &#8220;mejor sue\u00f1o&#8221; de trabajar con Garci es Paula Echevarr\u00eda (para los despistados, flamante se\u00f1ora de Bustamante) de casi nula experiencia cinematogr\u00e1fica que sustituye a la prevista en un principio, Elsa Pataky.<\/font><\/p>\n<p><IMG style=\"width: 300px; height: 230px;\" src=\"..\/..\/media\/p.echevarria.jpg\" height=\"NaN\" width=\"300\"><\/p>\n<!-- AddThis Advanced Settings generic via filter on the_content --><!-- AddThis Share Buttons generic via filter on the_content -->","protected":false},"excerpt":{"rendered":"<p>A m\u00ed a bote pronto se me ocurren Almod\u00f3var, Amen\u00e1bar, Julio M\u00e9dem, Fernando Trueba, Le\u00f3n de Aranoa, D\u00edaz Yanes, Alex de la Iglesia&#8230; Pero seg\u00fan le\u00ed hace un par de d\u00edas a Beatriz Cort\u00e1zar, encabezando esta lista deber\u00eda estar Garci ya que y cito \u201cComo cualquier actriz espa\u00f1ola trabajar con Garci es su mejor sue\u00f1o&#8230;\u201d&nbsp; [&hellip;]<!-- AddThis Advanced Settings generic via filter on get_the_excerpt --><!-- AddThis Share Buttons generic via filter on get_the_excerpt --><\/p>\n","protected":false},"author":31,"featured_media":0,"comment_status":"open","ping_status":"closed","sticky":false,"template":"","format":"standard","meta":[],"categories":[2],"tags":[4],"_links":{"self":[{"href":"https:\/\/blogs.diariovasco.com\/sesioncontinua\/wp-json\/wp\/v2\/posts\/49"}],"collection":[{"href":"https:\/\/blogs.diariovasco.com\/sesioncontinua\/wp-json\/wp\/v2\/posts"}],"about":[{"href":"https:\/\/blogs.diariovasco.com\/sesioncontinua\/wp-json\/wp\/v2\/types\/post"}],"author":[{"embeddable":true,"href":"https:\/\/blogs.diariovasco.com\/sesioncontinua\/wp-json\/wp\/v2\/users\/31"}],"replies":[{"embeddable":true,"href":"https:\/\/blogs.diariovasco.com\/sesioncontinua\/wp-json\/wp\/v2\/comments?post=49"}],"version-history":[{"count":0,"href":"https:\/\/blogs.diariovasco.com\/sesioncontinua\/wp-json\/wp\/v2\/posts\/49\/revisions"}],"wp:attachment":[{"href":"https:\/\/blogs.diariovasco.com\/sesioncontinua\/wp-json\/wp\/v2\/media?parent=49"}],"wp:term":[{"taxonomy":"category","embeddable":true,"href":"https:\/\/blogs.diariovasco.com\/sesioncontinua\/wp-json\/wp\/v2\/categories?post=49"},{"taxonomy":"post_tag","embeddable":true,"href":"https:\/\/blogs.diariovasco.com\/sesioncontinua\/wp-json\/wp\/v2\/tags?post=49"}],"curies":[{"name":"wp","href":"https:\/\/api.w.org\/{rel}","templated":true}]}}