{"id":50,"date":"2006-08-01T00:44:17","date_gmt":"2006-08-01T00:44:17","guid":{"rendered":"http:\/\/blogs.diariovasco.com\/sesioncontinua\/?p=50"},"modified":"2006-08-01T00:44:17","modified_gmt":"2006-08-01T00:44:17","slug":"la_irani_del_trueba","status":"publish","type":"post","link":"https:\/\/blogs.diariovasco.com\/sesioncontinua\/2006\/08\/01\/la_irani_del_trueba\/","title":{"rendered":"La iran\u00ed del Trueba"},"content":{"rendered":"<p><P class=MsoNormal style=\"MARGIN: 0cm 0cm 0pt\"><FONT face=\"Times New Roman\" size=3><\/FONT>&nbsp;<\/P><br \/>\n<DIV align=center><FONT face=Verdana size=2><FONT face=\"Times New Roman\">&nbsp;<IMG style=\"WIDTH: 200px; HEIGHT: 281px\" height=NaN src=\"\/sesioncontinua\/wp-content\/uploads\/sites\/17\" width=200 align=textTop><FONT size=3><\/FONT><\/FONT><\/FONT><BR><\/DIV><br \/>\n<P class=MsoNormal style=\"MARGIN: 0cm 0cm 0pt; TEXT-ALIGN: justify\"><FONT face=Verdana size=2><BR><\/FONT><\/P><br \/>\n<P class=MsoNormal style=\"MARGIN: 0cm 0cm 0pt; TEXT-ALIGN: justify\"><FONT face=Verdana size=2>Desde hace unos diez d\u00edas se proyecta en los cines de Gros <A href=\"http:\/\/diariovasco.hoycinema.com\/isla-hierro-2005.htm\">\u201cLa Isla de Hierro\u201d<\/A>, una peli iran\u00ed. Particip\u00f3 en la Quincena de Realizadores de Cannes del a\u00f1o pasado, los programadores de festivales tan prestigiosos como Toronto o Telluride le hicieron un hueco, gan\u00f3 el Premio Especial del Jurado en el Festival de Gij\u00f3n, llen\u00f3 el Principal en el Encuentro de Cine y Derechos Humanos de Donostia, <A href=\"http:\/\/diariovasco.hoycinema.com\/criticas\/isla-hierro-2005\/627.htm\">la cr\u00edtica le da muchas estrellas<\/A>, pero a pesar de todo, muchos aficionados al cine con prejuicios no se animan a pagar los casi 6 euros de la entrada (s\u00ed, s\u00ed, ya estamos al borde de las 1.000 pelas por pel\u00edcula).<\/FONT><\/P><br \/>\n<P class=MsoNormal style=\"MARGIN: 0cm 0cm 0pt; TEXT-ALIGN: justify\"><FONT face=Verdana size=2><BR><\/FONT><\/P><br \/>\n<P class=MsoNormal style=\"MARGIN: 0cm 0cm 0pt; TEXT-ALIGN: justify\"><FONT size=2>Y es que sobre todos estos factores a su favor, sigue pesando para algunos una losa: la peli es iran\u00ed. El reparo no tiene nada que ver con el racismo, sino con experiencias previas con el cine de ese pa\u00eds. Es innegable que es un cine que muchas veces suple su falta de medios con&nbsp; talento, sensibilidad y&nbsp;capacidad de sugesti\u00f3n, pero tambi\u00e9n a menudo <SPAN>pide al espectador occidental mucha m\u00e1s paciencia y atenci\u00f3n de la que est\u00e1 acostumbrado por culpa de la obviedad y la velocidad del cine y la televisi\u00f3n que vemos habitualmente. Es decir, para muchos el cine iran\u00ed es el arquetipo de la peli lenta y aburrida que no se entiende y que s\u00f3lo gusta a los cr\u00edticos y a minor\u00edas muy reducidas. Para muestra, Kiarostami el director iran\u00ed m\u00e1s famoso y premiado, pero tambi\u00e9n uno de los m\u00e1s exigentes para el espectador.<\/SPAN><\/FONT><\/P><br \/>\n<P class=MsoNormal style=\"MARGIN: 0cm 0cm 0pt; TEXT-ALIGN: justify\"><FONT size=2><FONT face=\"Times New Roman\"><FONT face=Verdana><BR><\/FONT><\/FONT><\/FONT><\/P><br \/>\n<P class=MsoNormal style=\"MARGIN: 0cm 0cm 0pt; TEXT-ALIGN: justify\"><FONT size=2><FONT face=\"Times New Roman\"><FONT face=Verdana>Sin embargo, \u201cLa isla de hierro\u201d<\/FONT><SPAN><FONT face=Verdana> sin ser una obra maestra, se merece una oportunidad. Es una buena opci\u00f3n para p\u00fablicos m\u00e1s amplios. A diferencia de lo que muchos esperan en el cine iran\u00ed, es una peli en la que continuamente ocurren cosas, llena de personajes y situaciones reconocibles, con im\u00e1genes muy poderosas y momentos de tensi\u00f3n casi insoportable. Adem\u00e1s&nbsp;quien haga una lectura m\u00e1s profunda puede&nbsp;ver en ella&nbsp;una alegor\u00eda de la situaci\u00f3n actual en Ir\u00e1n,&nbsp;cargada de s\u00edmbolos y poes\u00eda, pero es posible disfrutar de &#8220;La isla de hierro&#8221; sin pensar en todo esto.<\/FONT><\/SPAN><\/FONT><\/FONT><\/P><br \/>\n<P class=MsoNormal style=\"MARGIN: 0cm 0cm 0pt; TEXT-ALIGN: justify\"><FONT size=2><FONT face=\"Times New Roman\"><SPAN><\/SPAN><\/FONT><\/FONT>&nbsp;<\/P><br \/>\n<P class=MsoNormal style=\"MARGIN: 0cm 0cm 0pt; TEXT-ALIGN: justify\"><FONT size=2><SPAN>Sin lugar a dudas, mucho m\u00e1s estimulante que &#8220;Poseid\u00f3n&#8221;, el otro barco que tambi\u00e9n se hunde, \u00e9ste por la zona del <A href=\"http:\/\/canales.diariovasco.com\/ocio\/cine\/index.php\">Antiguo.<\/A><\/SPAN><\/FONT><\/P><\/p>\n<!-- AddThis Advanced Settings generic via filter on the_content --><!-- AddThis Share Buttons generic via filter on the_content -->","protected":false},"excerpt":{"rendered":"<p>&nbsp; &nbsp; Desde hace unos diez d\u00edas se proyecta en los cines de Gros \u201cLa Isla de Hierro\u201d, una peli iran\u00ed. Particip\u00f3 en la Quincena de Realizadores de Cannes del a\u00f1o pasado, los programadores de festivales tan prestigiosos como Toronto o Telluride le hicieron un hueco, gan\u00f3 el Premio Especial del Jurado en el Festival [&hellip;]<!-- AddThis Advanced Settings generic via filter on get_the_excerpt --><!-- AddThis Share Buttons generic via filter on get_the_excerpt --><\/p>\n","protected":false},"author":31,"featured_media":0,"comment_status":"open","ping_status":"closed","sticky":false,"template":"","format":"standard","meta":[],"categories":[2],"tags":[4],"_links":{"self":[{"href":"https:\/\/blogs.diariovasco.com\/sesioncontinua\/wp-json\/wp\/v2\/posts\/50"}],"collection":[{"href":"https:\/\/blogs.diariovasco.com\/sesioncontinua\/wp-json\/wp\/v2\/posts"}],"about":[{"href":"https:\/\/blogs.diariovasco.com\/sesioncontinua\/wp-json\/wp\/v2\/types\/post"}],"author":[{"embeddable":true,"href":"https:\/\/blogs.diariovasco.com\/sesioncontinua\/wp-json\/wp\/v2\/users\/31"}],"replies":[{"embeddable":true,"href":"https:\/\/blogs.diariovasco.com\/sesioncontinua\/wp-json\/wp\/v2\/comments?post=50"}],"version-history":[{"count":0,"href":"https:\/\/blogs.diariovasco.com\/sesioncontinua\/wp-json\/wp\/v2\/posts\/50\/revisions"}],"wp:attachment":[{"href":"https:\/\/blogs.diariovasco.com\/sesioncontinua\/wp-json\/wp\/v2\/media?parent=50"}],"wp:term":[{"taxonomy":"category","embeddable":true,"href":"https:\/\/blogs.diariovasco.com\/sesioncontinua\/wp-json\/wp\/v2\/categories?post=50"},{"taxonomy":"post_tag","embeddable":true,"href":"https:\/\/blogs.diariovasco.com\/sesioncontinua\/wp-json\/wp\/v2\/tags?post=50"}],"curies":[{"name":"wp","href":"https:\/\/api.w.org\/{rel}","templated":true}]}}