{"id":51,"date":"2006-08-11T19:27:35","date_gmt":"2006-08-11T19:27:35","guid":{"rendered":"http:\/\/blogs.diariovasco.com\/sesioncontinua\/?p=51"},"modified":"2006-08-11T19:27:35","modified_gmt":"2006-08-11T19:27:35","slug":"excursion_cinefila_a_biarritz","status":"publish","type":"post","link":"https:\/\/blogs.diariovasco.com\/sesioncontinua\/2006\/08\/11\/excursion_cinefila_a_biarritz\/","title":{"rendered":"Excursi\u00f3n Cin\u00e9fila a Biarritz"},"content":{"rendered":"<p class=\"MsoBodyText\" align=\"center\"><span style=\"font-size: 8pt; font-family: Verdana;\"><!--{PS..0}--><IMG src=\"\/sesioncontinua\/wp-content\/uploads\/sites\/17\" align=\"middle\" height=\"206\" vspace=\"10\" width=\"400\"><br \/><\/span><\/p>\n<p class=\"MsoBodyText\" align=\"justify\"><span style=\"font-size: 8pt; font-family: Verdana;\">Los cin\u00e9filos maduros nos cuentan que en la \u00e9poca de la<br \/>\ndictadura de Franco sol\u00edan visitar los cines del otro lado de la frontera para<br \/>\npoder ver algunos t\u00edtulos prohibidos en Donosti. Afortunadamente, hoy en d\u00eda ya<br \/>\nno hay pel\u00edculas prohibidas por aqu\u00ed, pero a menudo la cartelera de algunos<br \/>\ncines de Iparralde nos tienta desde la distancia. Y a veces, caigo en la<br \/>\ntentaci\u00f3n y aprovecho para darme una vueltilla por all\u00ed y visitar <a href=\"http:\/\/www.cinema-atalante.org\/\">\u201cL\u2019Atalante\u201d<br \/>\no \u201cL\u2019Autre\u201d<\/a> en Bayona o <a href=\"http:\/\/www.royal-biarritz.com\/\" rel=\"external nofollow\">\u201cLe Royal\u201d<\/a> en Biarritz.<\/span><\/p>\n<div align=\"justify\">\n<\/div>\n<p class=\"MsoBodyText\" align=\"justify\"><span style=\"font-size: 8pt; font-family: Verdana;\"><!--{PS..1}-->Entendemos que los franceses vengan a Donosti a comer<br \/>\npintxos, o comprar en Zara, pero \u00bfcu\u00e1les pueden ser los motivos por los que uno<br \/>\nse puede animar a realizar la excursi\u00f3n cin\u00e9fila a Lapurdi?<\/span><\/p>\n<div align=\"justify\">\n<\/div>\n<p class=\"MsoNormal\" style=\"text-align: justify;\" align=\"justify\"><span style=\"font-size: 8pt; font-family: Verdana;\">Adem\u00e1s de poder ver casi todo el cine franc\u00e9s que uno<br \/>\nquiera, hay pelis que a pesar de tener indudables atractivos, por<span style=\"\">&nbsp; <\/span><!--{PS..2}-->caprichos de la distribuci\u00f3n en Espa\u00f1a<br \/>\nparece que no se estrenar\u00e1n nunca por aqu\u00ed y sin embargo s\u00ed se estrenaron en<br \/>\nFrancia. Por ejemplo la m\u00e1s que interesante \u00faltima obra de Atom Egoyan \u201cWhere<br \/>\nthe truth lies\u201d, el conmovedor documental ganador del Oscar \u201cBorn into<br \/>\nbrothels\u201d o las pel\u00edculas de Hou Hsiao-hsien o Tsai Ming Liang.<\/span><\/p>\n<p class=\"MsoNormal\" style=\"text-align: justify;\" align=\"center\"><span style=\"font-size: 8pt; font-family: Verdana;\"><IMG src=\"\/sesioncontinua\/wp-content\/uploads\/sites\/17\" height=\"332\" hspace=\"20\" vspace=\"10\" width=\"500\"><br \/><\/span><\/p>\n<p class=\"MsoNormal\" style=\"text-align: justify;\" align=\"justify\"><span style=\"font-size: 8pt; font-family: Verdana;\"><!--{PS..3}-->Por otro lado, a veces hay films<br \/>\nque se estrenan mucho antes en un lado de la frontera que en el otro. Por<br \/>\nejemplo, en los cines de Iparralde ya se han podido ver la notable \u201cMarie<br \/>\nAntoinette\u201d de Sofia Coppola, ese vac\u00edo monumento al ego de Nanni Moretti que<br \/>\nes \u201cIl Caimano\u201d, la estremecedora \u201cUnited 93\u201d o sin ir m\u00e1s lejos la ganadora de<br \/>\nla Concha de Oro del \u00faltimo Zinemaldi \u201cAlgo parecido a la felicidad\u201d cuyo<br \/>\ntrailer se proyecta ahora en el Pr\u00edncipe.<\/span><\/p>\n<p class=\"MsoNormal\" style=\"text-align: justify;\" align=\"center\"><span style=\"font-size: 8pt; font-family: Verdana;\"><IMG src=\"\/sesioncontinua\/wp-content\/uploads\/sites\/17\" align=\"middle\" height=\"333\" hspace=\"25\" width=\"500\"><br \/><\/span><\/p>\n<p class=\"MsoNormal\" style=\"text-align: justify;\" align=\"justify\"><span style=\"font-size: 8pt; font-family: Verdana;\"><!--{PS..4}-->Hace unos d\u00edas, nos escapamos<br \/>\nlas hermanas ZZ y yo al preestreno de la Palma de Oro de este a\u00f1o, \u201cEl viento<br \/>\nque agita el centeno\u201d de Ken Loach, que hab\u00edan organizado los chicos del Royal<br \/>\nde Biarritz. La peli tiene buen ritmo, el planteamiento lineal y cl\u00e1sico y el<br \/>\nbuen oficio habitual del cine de Loach, pero como es tambi\u00e9n norma en su cine<br \/>\nparece que todo est\u00e1 al servicio de su mensaje, pretende imponer su punto de<br \/>\nvista sobre el conflicto y no duda para ello en manipular descaradamente al<br \/>\nespectador. Como casi siempre Loach es maniqueo y manipulador, pero tiene mucho<br \/>\ntalento. \u00bfLa Palma de Oro? Habiendo visto s\u00f3lo una m\u00ednima parte de las pelis<br \/>\nque participaron en la \u00faltima edici\u00f3n de Cannes, \u201cVolver\u201d y \u201cMarie Antoinette\u201d<br \/>\nme parecen m\u00e1s merecedoras del premio.<\/span><\/p>\n<p class=\"MsoNormal\" style=\"text-align: justify;\" align=\"center\"><span style=\"font-size: 8pt; font-family: Verdana;\"><IMG src=\"\/sesioncontinua\/wp-content\/uploads\/sites\/17\" height=\"300\" hspace=\"75\" vspace=\"10\" width=\"400\"><br \/><\/span><\/p>\n<p class=\"MsoNormal\" style=\"text-align: justify;\" align=\"justify\"><span style=\"font-size: 8pt; font-family: Verdana;\">Y por supuesto, todas estas<br \/>\npel\u00edculas en versi\u00f3n original subtitulada al franc\u00e9s. \u00a1Qu\u00e9 mejor oportunidad de<br \/>\nponer en pr\u00e1ctica el don de lenguas de cada uno y todas esas horas pasadas en<br \/>\nlos cursos de idiomas! Un atractivo m\u00e1s para desplazarse al otro lado: evitar<br \/>\nla adulterada versi\u00f3n doblada que casi siempre se programa en los cines de por<br \/>\naqu\u00ed.<\/span><\/p>\n<!-- AddThis Advanced Settings generic via filter on the_content --><!-- AddThis Share Buttons generic via filter on the_content -->","protected":false},"excerpt":{"rendered":"<p>Los cin\u00e9filos maduros nos cuentan que en la \u00e9poca de la dictadura de Franco sol\u00edan visitar los cines del otro lado de la frontera para poder ver algunos t\u00edtulos prohibidos en Donosti. Afortunadamente, hoy en d\u00eda ya no hay pel\u00edculas prohibidas por aqu\u00ed, pero a menudo la cartelera de algunos cines de Iparralde nos tienta [&hellip;]<!-- AddThis Advanced Settings generic via filter on get_the_excerpt --><!-- AddThis Share Buttons generic via filter on get_the_excerpt --><\/p>\n","protected":false},"author":31,"featured_media":0,"comment_status":"open","ping_status":"closed","sticky":false,"template":"","format":"standard","meta":[],"categories":[2],"tags":[4],"_links":{"self":[{"href":"https:\/\/blogs.diariovasco.com\/sesioncontinua\/wp-json\/wp\/v2\/posts\/51"}],"collection":[{"href":"https:\/\/blogs.diariovasco.com\/sesioncontinua\/wp-json\/wp\/v2\/posts"}],"about":[{"href":"https:\/\/blogs.diariovasco.com\/sesioncontinua\/wp-json\/wp\/v2\/types\/post"}],"author":[{"embeddable":true,"href":"https:\/\/blogs.diariovasco.com\/sesioncontinua\/wp-json\/wp\/v2\/users\/31"}],"replies":[{"embeddable":true,"href":"https:\/\/blogs.diariovasco.com\/sesioncontinua\/wp-json\/wp\/v2\/comments?post=51"}],"version-history":[{"count":0,"href":"https:\/\/blogs.diariovasco.com\/sesioncontinua\/wp-json\/wp\/v2\/posts\/51\/revisions"}],"wp:attachment":[{"href":"https:\/\/blogs.diariovasco.com\/sesioncontinua\/wp-json\/wp\/v2\/media?parent=51"}],"wp:term":[{"taxonomy":"category","embeddable":true,"href":"https:\/\/blogs.diariovasco.com\/sesioncontinua\/wp-json\/wp\/v2\/categories?post=51"},{"taxonomy":"post_tag","embeddable":true,"href":"https:\/\/blogs.diariovasco.com\/sesioncontinua\/wp-json\/wp\/v2\/tags?post=51"}],"curies":[{"name":"wp","href":"https:\/\/api.w.org\/{rel}","templated":true}]}}