{"id":54,"date":"2006-08-21T00:38:46","date_gmt":"2006-08-21T00:38:46","guid":{"rendered":"http:\/\/blogs.diariovasco.com\/sesioncontinua\/?p=54"},"modified":"2006-08-21T00:38:46","modified_gmt":"2006-08-21T00:38:46","slug":"la_aventura_del_zinemaldi","status":"publish","type":"post","link":"https:\/\/blogs.diariovasco.com\/sesioncontinua\/2006\/08\/21\/la_aventura_del_zinemaldi\/","title":{"rendered":"La aventura del Zinemaldi"},"content":{"rendered":"<p><P><B><\/B>&nbsp;<IMG height=197 hspace=50 src=\"\/sesioncontinua\/wp-content\/uploads\/sites\/17\" width=500 align=middle vspace=10><\/P><br \/>\n<P align=justify><FONT size=2>El <A href=\"http:\/\/www.sansebastianfestival.com\/2006\/es\/n005.htm\">Zinemaldi dio a conocer<\/A> hace unos d\u00edas la relaci\u00f3n de pel\u00edculas que formar\u00e1n la secci\u00f3n de <B>Zabaltegi &#8211; Nuevos Realizadores<\/B>.&nbsp; 18 t\u00edtulos sobre los que a d\u00eda de hoy <B><A href=\"http:\/\/canales.diariovasco.com\/ocio\/cine\/festival-cine-donostia-san-sebastian-zabaltegi.php\">no sabemos casi nada<\/A><\/B>. Sus directores como mucho han dirigido otra pel\u00edcula m\u00e1s, el resto cortometrajes, cosas para televisi\u00f3n y poco m\u00e1s. Por esta raz\u00f3n, esta secci\u00f3n es casi como una <B>aventura cinematogr\u00e1fica<\/B> para el aficionado ante la casi absoluta ausencia de referencias. A veces uno se encuentra con una peli que le engancha, le seduce y le hace quedarse con nombres a los que seguir en un futuro y otras uno se enfada,&nbsp;se aburre&nbsp;y&nbsp;hasta se indigna pregunt\u00e1ndose qu\u00e9 calidades le ha visto la Organizaci\u00f3n a lo que uno acaba de ver para incluirlo en la programaci\u00f3n.&nbsp;<\/FONT><\/P><br \/>\n<P align=justify><FONT size=2>En general, los d\u00edas previos al inicio del Festival tras leernos las fichas t\u00e9cnicas y art\u00edsticas llenas de nombres desconocidos, las sinopsis del programa del Zinemaldi o simplemente por el t\u00edtulo,&nbsp;los aficionados elegimos casi <B>a ciegas<\/B> qu\u00e9 t\u00edtulos de esta secci\u00f3n ver y cu\u00e1les no ver. Con el agravante&nbsp;adem\u00e1s&nbsp;de que lo m\u00e1s probable es que a pesar de la calidad que pueda tener la peli, su estreno en salas comerciales&nbsp;y por tanto, la posibilidad de repescarla y verla fuera del festival, es pr\u00e1cticamente imposible a no ser de que se trate de una cinta espa\u00f1ola.<\/FONT><\/P><br \/>\n<P align=justify><FONT size=2><IMG height=90 hspace=0 src=\"..\/..\/media\/realwomen.jpg\" width=140 vspace=10><\/FONT><FONT size=2><IMG height=90 src=\"..\/..\/media\/copiava.jpg\" width=140 vspace=10><\/FONT><FONT size=2><IMG height=90 src=\"..\/..\/media\/fathersden.jpg\" width=145 vspace=10><\/FONT><FONT size=2><IMG height=90 src=\"..\/..\/media\/Sakwa.jpg\" width=148 vspace=10><\/FONT><\/P><br \/>\n<P align=justify><FONT size=2>Adem\u00e1s si la peli nos gusta, nos lamentamos de que la Organizaci\u00f3n no la haya incluido en la Secci\u00f3n Oficial y as\u00ed darle m\u00e1s notoriedad, pero por otro lado nos encanta habernos encontrado con una joyita escondida en la inabarcable programaci\u00f3n del Festi. Los \u00faltimos a\u00f1os ha habido joyitas&nbsp; como&nbsp;la coreana &#8220;Jibeuro&#8221;, la checa &#8220;Hukkle&#8221; o las norteamericanas &#8220;Love Liza&#8221; o &#8220;Las mujeres de verdad tienen curvas&#8221; en 2002, la brasile\u00f1a &#8220;O Homem que copiava&#8221; o la irlandesa &#8220;Intermission&#8221; en 2003,&nbsp;la turca &#8220;Boats out of Watermelos Rinds&#8221; y la neozelandesa &#8220;In&nbsp;My Father&#8217;s Den&#8221; en 2004 o la coreana &#8220;Sa-kwa&#8221;, la turca &#8220;Oyun&#8221;, la polaca &#8220;The Master&#8221; o la mongola &#8220;The Cave of the Yellow Dog&#8221; de la \u00faltima edici\u00f3n.&nbsp;Hay otra secci\u00f3n en la que se incluyen la Perlas de otros festivales, pero a veces estas joyitas del nuestro tambi\u00e9n merecen la pena.<\/FONT><\/P><br \/>\n<P align=justify><FONT size=2>De las de este a\u00f1o de momento me cuentan que no me deber\u00eda perder ni &#8220;Cashback&#8221;, ni &#8220;Singapore Dreaming&#8221;, ni &#8220;Proibido proibir&#8221;. Pues tomo nota.<\/FONT><\/P><br \/>\n<P align=justify><FONT size=2><IMG height=117 src=\"\/sesioncontinua\/wp-content\/uploads\/sites\/17\" width=170 vspace=10><IMG style=\"WIDTH: 170px; HEIGHT: 116px\" height=117 src=\"\/sesioncontinua\/wp-content\/uploads\/sites\/17\" width=171 vspace=10><IMG height=117 src=\"\/sesioncontinua\/wp-content\/uploads\/sites\/17\" width=171 vspace=10><BR><\/FONT><\/P><br \/>\n<P align=justify><FONT size=2>Fuera ya de esta secci\u00f3n, pero siguiendo con el Zinemaldi se comenta por ah\u00ed que <\/FONT><FONT size=2>tras no haber conseguido entrar en la Selecci\u00f3n de Venecia, <\/FONT><FONT size=2>la peli que ha rodado Ray Loriga sobre la vida de Santa Teresa interpretada por Paz Vega, Leonor Watling y Geraldine Chaplin podr\u00eda formar parte de la programaci\u00f3n de este a\u00f1o. \u00bfSer\u00e1 verdad?<\/FONT><\/P><br \/>\n<P align=justify><FONT size=2><IMG height=180 src=\"\/sesioncontinua\/wp-content\/uploads\/sites\/17\" width=271 vspace=10><IMG height=180 src=\"\/sesioncontinua\/wp-content\/uploads\/sites\/17\" width=242 vspace=10><BR><\/FONT><\/P><br \/>\n<P align=justify><BR><\/P><br \/>\n<P align=justify><FONT size=2><BR><\/FONT><\/P><br \/>\n<P align=justify><BR><\/P><br \/>\n<P align=justify><FONT size=2><BR><\/FONT><\/P><\/p>\n<!-- AddThis Advanced Settings generic via filter on the_content --><!-- AddThis Share Buttons generic via filter on the_content -->","protected":false},"excerpt":{"rendered":"<p>&nbsp; El Zinemaldi dio a conocer hace unos d\u00edas la relaci\u00f3n de pel\u00edculas que formar\u00e1n la secci\u00f3n de Zabaltegi &#8211; Nuevos Realizadores.&nbsp; 18 t\u00edtulos sobre los que a d\u00eda de hoy no sabemos casi nada. Sus directores como mucho han dirigido otra pel\u00edcula m\u00e1s, el resto cortometrajes, cosas para televisi\u00f3n y poco m\u00e1s. Por esta [&hellip;]<!-- AddThis Advanced Settings generic via filter on get_the_excerpt --><!-- AddThis Share Buttons generic via filter on get_the_excerpt --><\/p>\n","protected":false},"author":31,"featured_media":0,"comment_status":"open","ping_status":"closed","sticky":false,"template":"","format":"standard","meta":[],"categories":[2],"tags":[4],"_links":{"self":[{"href":"https:\/\/blogs.diariovasco.com\/sesioncontinua\/wp-json\/wp\/v2\/posts\/54"}],"collection":[{"href":"https:\/\/blogs.diariovasco.com\/sesioncontinua\/wp-json\/wp\/v2\/posts"}],"about":[{"href":"https:\/\/blogs.diariovasco.com\/sesioncontinua\/wp-json\/wp\/v2\/types\/post"}],"author":[{"embeddable":true,"href":"https:\/\/blogs.diariovasco.com\/sesioncontinua\/wp-json\/wp\/v2\/users\/31"}],"replies":[{"embeddable":true,"href":"https:\/\/blogs.diariovasco.com\/sesioncontinua\/wp-json\/wp\/v2\/comments?post=54"}],"version-history":[{"count":0,"href":"https:\/\/blogs.diariovasco.com\/sesioncontinua\/wp-json\/wp\/v2\/posts\/54\/revisions"}],"wp:attachment":[{"href":"https:\/\/blogs.diariovasco.com\/sesioncontinua\/wp-json\/wp\/v2\/media?parent=54"}],"wp:term":[{"taxonomy":"category","embeddable":true,"href":"https:\/\/blogs.diariovasco.com\/sesioncontinua\/wp-json\/wp\/v2\/categories?post=54"},{"taxonomy":"post_tag","embeddable":true,"href":"https:\/\/blogs.diariovasco.com\/sesioncontinua\/wp-json\/wp\/v2\/tags?post=54"}],"curies":[{"name":"wp","href":"https:\/\/api.w.org\/{rel}","templated":true}]}}